{"id":386490,"date":"2012-05-11T00:20:45","date_gmt":"2012-05-11T04:20:45","guid":{"rendered":"http:\/\/diarioelpopular.com\/?p=386490"},"modified":"2012-05-11T00:20:45","modified_gmt":"2012-05-11T04:20:45","slug":"eva-mendes-en-hollywood-dijeron-que-mi-aspecto-no-era-comercial","status":"publish","type":"post","link":"https:\/\/diarioelpopular.com\/index.php\/2012\/05\/11\/eva-mendes-en-hollywood-dijeron-que-mi-aspecto-no-era-comercial\/","title":{"rendered":"Eva Mendes: &#8220;En Hollywood dijeron que mi aspecto no era comercial&#8221;"},"content":{"rendered":"<div id=\"attachment_386491\" style=\"width: 715px\" class=\"wp-caption aligncenter\"><a href=\"https:\/\/diarioelpopular.com\/wp-content\/uploads\/2012\/05\/web.eva_.2.jpg\"><img loading=\"lazy\" decoding=\"async\" aria-describedby=\"caption-attachment-386491\" class=\"size-full wp-image-386491\" title=\"web.eva.2\" src=\"https:\/\/diarioelpopular.com\/wp-content\/uploads\/2012\/05\/web.eva_.2.jpg\" alt=\"\" width=\"705\" height=\"420\" \/><\/a><p id=\"caption-attachment-386491\" class=\"wp-caption-text\">&quot;Cuando empec\u00e9 la gente dec\u00eda que mi aspecto no era comercial, que era demasiado \u00e9tnica y que tal vez podr\u00eda hacer unas pocas pel\u00edculas buenas, pero no vender un producto&quot;, explic\u00f3 la int\u00e9rprete de origen cubano. &quot;Y aqu\u00ed estoy a\u00f1os despu\u00e9s&quot;.<\/p><\/div>\n<p>Antonio Mart\u00edn Guirado<\/p>\n<p><strong><em>Los \u00c1ngeles (EEUU).-<\/em><\/strong> La estrella latina Eva Mendes est\u00e1 orgullosa de su carrera tras un inicio en el que le dijeron que su aspecto no era &#8220;comercial&#8221;, coment\u00f3 con motivo del estreno este viernes de la comedia &#8220;Girl in Progress&#8221;.<\/p>\n<p>&#8220;Cuando empec\u00e9 la gente dec\u00eda que mi aspecto no era comercial, que era demasiado \u00e9tnica y que tal vez podr\u00eda hacer unas pocas pel\u00edculas buenas, pero no vender un producto&#8221;, explic\u00f3 la int\u00e9rprete de origen cubano. &#8220;Y aqu\u00ed estoy a\u00f1os despu\u00e9s&#8221;, a\u00f1adi\u00f3 satisfecha.<\/p>\n<p>La protagonista de t\u00edtulos como &#8220;Training Day&#8221; (2001), &#8220;2 Fast 2 Furious&#8221; (2003), &#8220;We Own The Night&#8221; (2007) y &#8220;The Spirit&#8221; (2008) se ha convertido en un rostro habitual en las listas de las m\u00e1s bellas de la industria cinematogr\u00e1fica y es imagen de numerosas campa\u00f1as de publicidad para marcas punteras de moda y cosm\u00e9tica.<\/p>\n<p>Ese cambio radical la hace sentir &#8220;muy orgullosa&#8221; por dos motivos, para demostrar a los cr\u00edticos lo &#8220;equivocados&#8221; que estaban y por ver c\u00f3mo ha evolucionado el concepto de lo que entiende por ser estadounidense. &#8220;Ese punto de vista ha evolucionado y soy parte de eso. He sido testigo de un gran cambio&#8221;, manifest\u00f3 Mendes, de 38 a\u00f1os.<\/p>\n<p>&#8221; Girl in Progress&#8221; habla de la dif\u00edcil relaci\u00f3n entre Grace (Mendes), una madre soltera, y Ansiedad (Cierra Ram\u00edrez), su hija adolescente que entra en un periodo de rebeld\u00eda.<\/p>\n<p>Grace es una mujer en busca del equilibrio vital entre sus dos trabajos, las facturas a las que tiene que hacer frente y la relaci\u00f3n que mantiene con un m\u00e9dico casado (Matthew Modine).<\/p>\n<p>La actriz no tuvo en mente a nadie en concreto para dar vida a ese personaje, pero trabaj\u00f3 con su profesora de interpretaci\u00f3n, Ivana Chubbuck, y tom\u00f3 una firme decisi\u00f3n: pensar en su madre y hacer lo contrario a lo que ella har\u00eda.<\/p>\n<p>&#8220;Ella (su madre) es la t\u00edpica mujer genial latina, estricta y divertida a la vez, muy moral siempre. Tiene muy claro qu\u00e9 es lo correcto y qu\u00e9 est\u00e1 mal. Para ella no hay grises, todo es blanco o negro. Y Grace es todo grises, para ella -indic\u00f3- todo es moralmente ambiguo. Me gust\u00f3 trabajar as\u00ed&#8221;.<\/p>\n<p>Se trata de un personaje que le he deparado buenas cr\u00edticas a Mendes, quien no sabr\u00eda decir cu\u00e1l considera su mejor actuaci\u00f3n.<\/p>\n<p>&#8220;Para m\u00ed es dif\u00edcil ser objetiva, pero este rodaje ha sido una experiencia preciosa y tanto Cierra como Patricia tienen gran parte de culpa en ello&#8221;, coment\u00f3.<\/p>\n<p>La pel\u00edcula la dirige la mexicana Patricia Riggen, autora de &#8220;La misma luna&#8221; (2007), y cuenta con un reparto en el que destaca la presencia de Patricia Arquette (&#8220;su actuaci\u00f3n en &#8216;True Romance&#8217; -1993- me parece una de las m\u00e1s geniales de todos los tiempos&#8221;, dijo Mendes) e iconos como Eugenio Derbez y el cantante Espinoza Paz.<\/p>\n<p>Pero para la artista el aut\u00e9ntico regalo fue la aparici\u00f3n de Cierra Ram\u00edrez, que hace su debut en el cine tras intervenir en episodios de &#8220;CSI&#8221; y &#8220;Desperate Housewives&#8221;.<\/p>\n<p>&#8220;No pod\u00eda imaginar que iba a disfrutar tanto al trabajar con alguien tan joven. Es su primera pel\u00edcula y me permiti\u00f3 ver la pel\u00edcula a trav\u00e9s de sus ojos, de forma pura. No crec\u00ed en este negocio, llegu\u00e9 siendo adulta, pero llevo 13 a\u00f1os en esto y trabajar con alguien que empieza fue genial&#8221;, apunt\u00f3.<\/p>\n<p>Tambi\u00e9n tuvo palabras de elogio para Riggen, que logr\u00f3 filmar la cinta en 22 d\u00edas, algo meritorio teniendo en cuenta que se rod\u00f3 en Vancouver (Canad\u00e1), donde la lluvia hizo acto de presencia en muchas ocasiones.<\/p>\n<p>&#8220;A Patricia le debo tantas cosas&#8230; La aplaudo porque yo misma hice un corto en tres d\u00edas y eso ya me pareci\u00f3 dificil\u00edsimo. No puedo imaginar c\u00f3mo debe ser rodar una pel\u00edcula en esas condiciones, cuando no puedes disponer de la c\u00e1mara siempre que quieras. Ahora que he pasado por ah\u00ed, siento m\u00e1s empat\u00eda por los directores&#8221;, dijo.<\/p>\n<p>En breve estrenar\u00e1 tambi\u00e9n &#8220;Holy Motors&#8221;, del franc\u00e9s Leos Karax, y &#8220;The Place Beyond the Pines&#8221;, donde coincide con su pareja sentimental, Ryan Gosling.<\/p>\n<p>&#8220;Estoy en un punto de mi carrera en el que solo hago pel\u00edculas que significan algo para m\u00ed. Espero que &#8216;Girl in Progress&#8217; tenga \u00e9xito, conecte con la gente y abra las puertas a m\u00e1s trabajos con minor\u00edas&#8221;, concluy\u00f3.<\/p>\n<p><a href=\"https:\/\/diarioelpopular.com\/wp-content\/uploads\/2012\/05\/web.eva_.1.jpg\"><img loading=\"lazy\" decoding=\"async\" class=\"aligncenter size-full wp-image-386492\" title=\"web.eva.1\" src=\"https:\/\/diarioelpopular.com\/wp-content\/uploads\/2012\/05\/web.eva_.1.jpg\" alt=\"\" width=\"705\" height=\"420\" \/><\/a><\/p>\n","protected":false},"excerpt":{"rendered":"<p>La estrella latina Eva Mendes est\u00e1 orgullosa de su carrera tras un inicio en el que le dijeron que su aspecto no era &#8220;comercial&#8221;, coment\u00f3 con motivo del estreno este viernes de la comedia &#8220;Girl in Progress&#8221;.<\/p>\n","protected":false},"author":1,"featured_media":386491,"comment_status":"open","ping_status":"open","sticky":false,"template":"","format":"standard","meta":{"footnotes":""},"categories":[80,24],"tags":[2202,3273,3274],"class_list":["post-386490","post","type-post","status-publish","format-standard","has-post-thumbnail","hentry","category-cine-2","category-mundo","tag-cine-3","tag-eva","tag-mendes"],"_links":{"self":[{"href":"https:\/\/diarioelpopular.com\/index.php\/wp-json\/wp\/v2\/posts\/386490","targetHints":{"allow":["GET"]}}],"collection":[{"href":"https:\/\/diarioelpopular.com\/index.php\/wp-json\/wp\/v2\/posts"}],"about":[{"href":"https:\/\/diarioelpopular.com\/index.php\/wp-json\/wp\/v2\/types\/post"}],"author":[{"embeddable":true,"href":"https:\/\/diarioelpopular.com\/index.php\/wp-json\/wp\/v2\/users\/1"}],"replies":[{"embeddable":true,"href":"https:\/\/diarioelpopular.com\/index.php\/wp-json\/wp\/v2\/comments?post=386490"}],"version-history":[{"count":0,"href":"https:\/\/diarioelpopular.com\/index.php\/wp-json\/wp\/v2\/posts\/386490\/revisions"}],"wp:featuredmedia":[{"embeddable":true,"href":"https:\/\/diarioelpopular.com\/index.php\/wp-json\/"}],"wp:attachment":[{"href":"https:\/\/diarioelpopular.com\/index.php\/wp-json\/wp\/v2\/media?parent=386490"}],"wp:term":[{"taxonomy":"category","embeddable":true,"href":"https:\/\/diarioelpopular.com\/index.php\/wp-json\/wp\/v2\/categories?post=386490"},{"taxonomy":"post_tag","embeddable":true,"href":"https:\/\/diarioelpopular.com\/index.php\/wp-json\/wp\/v2\/tags?post=386490"}],"curies":[{"name":"wp","href":"https:\/\/api.w.org\/{rel}","templated":true}]}}