{"id":387040,"date":"2012-05-14T22:47:49","date_gmt":"2012-05-15T02:47:49","guid":{"rendered":"http:\/\/diarioelpopular.com\/?p=387040"},"modified":"2012-05-14T22:47:49","modified_gmt":"2012-05-15T02:47:49","slug":"fran-ventoso-logra-la-primera-victoria-espanola-en-el-giro-2012","status":"publish","type":"post","link":"https:\/\/diarioelpopular.com\/index.php\/2012\/05\/14\/fran-ventoso-logra-la-primera-victoria-espanola-en-el-giro-2012\/","title":{"rendered":"Fran Ventoso logra la primera victoria espa\u00f1ola en el Giro 2012"},"content":{"rendered":"<div id=\"attachment_387041\" style=\"width: 710px\" class=\"wp-caption aligncenter\"><a href=\"https:\/\/diarioelpopular.com\/wp-content\/uploads\/2012\/05\/web.giro_.jpg\"><img loading=\"lazy\" decoding=\"async\" aria-describedby=\"caption-attachment-387041\" class=\"size-full wp-image-387041\" title=\"web.giro\" src=\"https:\/\/diarioelpopular.com\/wp-content\/uploads\/2012\/05\/web.giro_.jpg\" alt=\"\" width=\"700\" height=\"420\" \/><\/a><p id=\"caption-attachment-387041\" class=\"wp-caption-text\">ROCCARASO (ITALIA).-El ciclista espa\u00f1ol Fran Ventoso, del Movistar, celebra su victoria en la novena etapa del Giro de Italia 2012 disputada entre San Giorgio nel Sannio y Frosinone, sobre 166 km, este lunes 14 de mayo.<\/p><\/div>\n<p><strong><em>Redacci\u00f3n deportes.-<\/em><\/strong> Fran Ventoso, del Movistar, logr\u00f3 la primera victoria espa\u00f1ola en el Giro 2012 al imponerse en el accidentado esprint de la novena etapa, disputada entre San Giorgio nel Sannio y Frosinone, de 166 km., en la que el canadiense Ryder Hesjedal (Garmin) mantuvo la &#8216;maglia&#8217; rosa de l\u00edder. \u00a0\u00a0\u00a0\u00a0\u00a0 \u00a0\u00a0\u00a0Ventoso, de 30 a\u00f1os, repiti\u00f3 el triunfo de etapa que obtuvo en la pasada edici\u00f3n.<\/p>\n<p>Firm\u00f3 el \u00e9xito al aliarse con la suerte, ya que en la \u00faltima curva se produjo una ca\u00edda en la que se vieron involucrados los grandes favoritos, como el australiano Matthew Goss (GreenEdge) y el brit\u00e1nico Mark Cavendish (Sky). El espa\u00f1ol sac\u00f3 oro de la confusi\u00f3n, se vio en inmejorables condiciones para disputar la etapa y se lanz\u00f3 desde lejos para coronarse en Frosinone por delante de los italianos\u00a0 Fabio Felline (Androni) y Giacomo Nizzolo (RadioShack-Nissan), con un tiempo de 3h.39.15.<\/p>\n<p>Un par de repechos antes de la recta de llegada hab\u00eda cortado el pelot\u00f3n, y propiciado el ataque de algunos favoritos, como el espa\u00f1ol &#8220;Purito&#8221; Rodr\u00edguez, que trat\u00f3 de sorprender a falta de 6 kil\u00f3metros de meta junto a su compa\u00f1ero Angel Vicioso con un ataque que fue contestado por sus rivales.<\/p>\n<p>El pelot\u00f3n se meti\u00f3 por las calles de la localidad italiana, afrontando algunas curvas comprometidas. En la que daba acceso a la recta de llegada se produjo la ca\u00edda. Ventoso no entr\u00f3 bien colocado, pero la fortuna le tendi\u00f3 la mano al ciclista espa\u00f1ol.<\/p>\n<p>&#8220;No hice bien la curva, pero al producirse la ca\u00edda la logr\u00e9 esquivar y sal\u00ed bien colocado. Aprovech\u00e9 la oportunidad para lograr una victoria muy importante&#8221;, se\u00f1al\u00f3 en meta Fran Ventoso.<\/p>\n<p>El accidente no perjudic\u00f3 al l\u00edder. Hesjedal entr\u00f3 en meta en s\u00e9ptima posici\u00f3n y un d\u00eda m\u00e1s subi\u00f3 al podio a enfundarse la &#8216;maglia&#8217; rosa. &#8220;Purito&#8221; Rodr\u00edguez sigue esperando su momento para conocer el primer escal\u00f3n del podio, que podr\u00eda ser este martes en la llegada en alto de As\u00eds. El espa\u00f1ol sigue al canadiense a 9 segundos, mientras que tercero es el italiano Paolo Tiralongo a 15.<\/p>\n<p>La d\u00e9cima etapa se disputar\u00e1 entre Civitavecchia y As\u00eds. Tendr\u00e1 166 kil\u00f3metros de recorrido y aliciente final con un alto de cuarta categor\u00eda con pendiente de hasta el 15 por ciento, apto para que los favoritos vuelvan a mostrar sus cartas.<\/p>\n<p>&nbsp;<\/p>\n<p>&#8211; Clasificaci\u00f3n de la etapa:<\/p>\n<p>.1. Francisco Ventoso (ESP\/Movistar)\u00a0\u00a0\u00a0\u00a0\u00a0\u00a0\u00a0\u00a0 3h:39:15<\/p>\n<p>.2. Fabio Felline (ITA\/Androni)\u00a0\u00a0\u00a0\u00a0\u00a0\u00a0\u00a0\u00a0\u00a0\u00a0\u00a0\u00a0\u00a0\u00a0\u00a0\u00a0\u00a0 m.t.<\/p>\n<p>.3. Giacomo Nizzolo (ITA\/RadioShack)\u00a0\u00a0\u00a0\u00a0\u00a0\u00a0\u00a0\u00a0\u00a0\u00a0\u00a0\u00a0 m.t.<\/p>\n<p>.4. Damiano Caruso (ITA\/Liquigas)\u00a0\u00a0\u00a0\u00a0\u00a0\u00a0\u00a0\u00a0\u00a0\u00a0\u00a0\u00a0\u00a0\u00a0\u00a0 m.t.<\/p>\n<p>.5. Daniel Schorn (AUT\/NetApp)\u00a0\u00a0\u00a0\u00a0\u00a0\u00a0\u00a0\u00a0\u00a0\u00a0\u00a0\u00a0\u00a0\u00a0\u00a0\u00a0\u00a0\u00a0 m.t.<\/p>\n<p>.6. Alexander Kristoff (NOR\/Katusha)\u00a0\u00a0\u00a0\u00a0\u00a0\u00a0\u00a0\u00a0\u00a0\u00a0\u00a0\u00a0 m.t.<\/p>\n<p>.7. Ryder Hesjedal (CAN\/Garmin)\u00a0\u00a0\u00a0\u00a0\u00a0\u00a0\u00a0\u00a0\u00a0\u00a0\u00a0\u00a0\u00a0\u00a0\u00a0\u00a0\u00a0 m.t.<\/p>\n<p>.8. Mathias Brandle (AUT\/NetApp)\u00a0\u00a0\u00a0\u00a0\u00a0\u00a0\u00a0\u00a0\u00a0\u00a0\u00a0\u00a0\u00a0\u00a0\u00a0\u00a0 m.t.<\/p>\n<p>.9. Manuel Belletti (ITA\/Colnago)\u00a0\u00a0\u00a0\u00a0\u00a0\u00a0\u00a0\u00a0\u00a0\u00a0\u00a0\u00a0\u00a0\u00a0\u00a0 m.t.<\/p>\n<p>10. Daryl Impey (RSA\/GreenEDGE)\u00a0\u00a0\u00a0\u00a0\u00a0\u00a0\u00a0\u00a0\u00a0\u00a0\u00a0\u00a0\u00a0\u00a0\u00a0\u00a0\u00a0 m.t.<\/p>\n<p>&#8211; Clasificaci\u00f3n general:<\/p>\n<p>.1. Ryder Hesjedal (CAN\/Garmin)\u00a0\u00a0\u00a0\u00a0\u00a0\u00a0\u00a0\u00a0\u00a0\u00a0\u00a0\u00a0 36h.02.40<\/p>\n<p>.2. Joaquim Rodr\u00edguez (ESP\/Katusha)\u00a0\u00a0\u00a0\u00a0\u00a0\u00a0\u00a0\u00a0\u00a0\u00a0\u00a0\u00a0\u00a0\u00a0 a 9<\/p>\n<p>.3. Paolo Tiralongo (ITA\/Astana)\u00a0\u00a0\u00a0\u00a0\u00a0\u00a0\u00a0\u00a0\u00a0\u00a0\u00a0\u00a0\u00a0\u00a0\u00a0\u00a0 a 15<\/p>\n<p>.4. Roman Kreuziger (CZE\/Astana)\u00a0\u00a0\u00a0\u00a0\u00a0\u00a0\u00a0\u00a0\u00a0\u00a0\u00a0\u00a0\u00a0\u00a0\u00a0\u00a0\u00a0\u00a0 35<\/p>\n<p>.5. Benat Intxausti (ESP\/Movistar)\u00a0\u00a0\u00a0\u00a0\u00a0\u00a0\u00a0\u00a0\u00a0\u00a0\u00a0\u00a0\u00a0\u00a0\u00a0 m.t<\/p>\n<p>.6. Ivan Basso (ITA\/Liquigas)\u00a0\u00a0\u00a0\u00a0\u00a0\u00a0\u00a0\u00a0\u00a0\u00a0\u00a0\u00a0\u00a0\u00a0\u00a0\u00a0\u00a0\u00a0\u00a0\u00a0\u00a0 40<\/p>\n<p>.7. Damiano Caruso (ITA\/Liquigas)\u00a0\u00a0\u00a0\u00a0\u00a0\u00a0\u00a0\u00a0\u00a0\u00a0\u00a0\u00a0\u00a0\u00a0\u00a0\u00a0\u00a0 45<\/p>\n<p>.8. Dario Cataldo (ITA\/Omega Pharma)\u00a0\u00a0\u00a0\u00a0\u00a0\u00a0\u00a0\u00a0\u00a0\u00a0\u00a0\u00a0\u00a0\u00a0 46<\/p>\n<p>.9. Frank Schleck (LUX\/Radioshack)\u00a0\u00a0\u00a0\u00a0\u00a0\u00a0\u00a0\u00a0\u00a0\u00a0\u00a0\u00a0\u00a0\u00a0\u00a0\u00a0 48<\/p>\n<p>10. Eros Capecchi (ITA\/Liquigas)\u00a0\u00a0\u00a0\u00a0\u00a0\u00a0\u00a0\u00a0\u00a0\u00a0\u00a0\u00a0\u00a0\u00a0 \u00a0\u00a0\u00a0\u00a052.<\/p>\n<p>&nbsp;<\/p>\n","protected":false},"excerpt":{"rendered":"<p>Fran Ventoso, del Movistar, logr\u00f3 la primera victoria espa\u00f1ola en el Giro 2012 al imponerse en el accidentado esprint de la novena etapa, disputada entre San Giorgio nel Sannio y Frosinone, de 166 km.<\/p>\n","protected":false},"author":1,"featured_media":387041,"comment_status":"open","ping_status":"open","sticky":false,"template":"","format":"standard","meta":{"footnotes":""},"categories":[28],"tags":[1215,3292,824],"class_list":["post-387040","post","type-post","status-publish","format-standard","has-post-thumbnail","hentry","category-deportes","tag-ciclismo","tag-giro","tag-italia"],"_links":{"self":[{"href":"https:\/\/diarioelpopular.com\/index.php\/wp-json\/wp\/v2\/posts\/387040","targetHints":{"allow":["GET"]}}],"collection":[{"href":"https:\/\/diarioelpopular.com\/index.php\/wp-json\/wp\/v2\/posts"}],"about":[{"href":"https:\/\/diarioelpopular.com\/index.php\/wp-json\/wp\/v2\/types\/post"}],"author":[{"embeddable":true,"href":"https:\/\/diarioelpopular.com\/index.php\/wp-json\/wp\/v2\/users\/1"}],"replies":[{"embeddable":true,"href":"https:\/\/diarioelpopular.com\/index.php\/wp-json\/wp\/v2\/comments?post=387040"}],"version-history":[{"count":0,"href":"https:\/\/diarioelpopular.com\/index.php\/wp-json\/wp\/v2\/posts\/387040\/revisions"}],"wp:featuredmedia":[{"embeddable":true,"href":"https:\/\/diarioelpopular.com\/index.php\/wp-json\/"}],"wp:attachment":[{"href":"https:\/\/diarioelpopular.com\/index.php\/wp-json\/wp\/v2\/media?parent=387040"}],"wp:term":[{"taxonomy":"category","embeddable":true,"href":"https:\/\/diarioelpopular.com\/index.php\/wp-json\/wp\/v2\/categories?post=387040"},{"taxonomy":"post_tag","embeddable":true,"href":"https:\/\/diarioelpopular.com\/index.php\/wp-json\/wp\/v2\/tags?post=387040"}],"curies":[{"name":"wp","href":"https:\/\/api.w.org\/{rel}","templated":true}]}}