{"id":387046,"date":"2012-05-14T22:46:48","date_gmt":"2012-05-15T02:46:48","guid":{"rendered":"http:\/\/diarioelpopular.com\/?p=387046"},"modified":"2012-05-14T22:46:48","modified_gmt":"2012-05-15T02:46:48","slug":"el-goleador-holandes-se-va-tras-veinte-anos-de-profesional-en-siete-equipos","status":"publish","type":"post","link":"https:\/\/diarioelpopular.com\/index.php\/2012\/05\/14\/el-goleador-holandes-se-va-tras-veinte-anos-de-profesional-en-siete-equipos\/","title":{"rendered":"El goleador holand\u00e9s se va tras veinte a\u00f1os de profesional en siete equipos"},"content":{"rendered":"<div id=\"attachment_387047\" style=\"width: 710px\" class=\"wp-caption aligncenter\"><a href=\"https:\/\/diarioelpopular.com\/wp-content\/uploads\/2012\/05\/web.van_.jpg\"><img loading=\"lazy\" decoding=\"async\" aria-describedby=\"caption-attachment-387047\" class=\"size-full wp-image-387047\" title=\"web.van\" src=\"https:\/\/diarioelpopular.com\/wp-content\/uploads\/2012\/05\/web.van_.jpg\" alt=\"\" width=\"700\" height=\"420\" \/><\/a><p id=\"caption-attachment-387047\" class=\"wp-caption-text\">M\u00c1LAGA.- El delantero holand\u00e9s del M\u00e1laga, Ruud Van Nistelroy, durante la rueda de prensa en la que anunci\u00f3 su retirada del f\u00fatbol este 14 de mayo, en el estadio de la Rosaleda en M\u00e1laga.<\/p><\/div>\n<p><strong><em>M\u00e1laga.-<\/em><\/strong> El delantero holand\u00e9s Ruud Van Nistelrooy, que cumplir\u00e1 el pr\u00f3ximo 1 de julio 36 a\u00f1os, ha anunciado este lunes que deja el f\u00fatbol profesional tras veinte a\u00f1os de \u00e9xitos tanto en la selecci\u00f3n nacional de su pa\u00eds como en los siete equipos en los que ha militado.<\/p>\n<p>Van Nistelrroy debut\u00f3 en el FC Den Bosch holand\u00e9s en la temporada 1993-94 y fue traspasado cuatro a\u00f1os despu\u00e9s a otro club de los Pa\u00edses Bajos, el SC Heerenveen, en los que fueron sus primeros pasos por el f\u00fatbol profesional.<br \/>\nSus grandes dotes de delantero las contrast\u00f3 en el PSV Eindhoven, con el que se proclam\u00f3 en dos ocasiones campe\u00f3n de la liga holandesa y m\u00e1ximo goleador del campeonato.<br \/>\nEn la temporada 2001-02 se march\u00f3 al Manchester United ingl\u00e9s, con el que gan\u00f3 cuatro t\u00edtulos en las cinco temporadas en las que milit\u00f3 en el f\u00fatbol brit\u00e1nico.<br \/>\nEl Real Madrid se fij\u00f3 entonces en el delantero centroeuropeo. Jug\u00f3 con los blancos cuatro temporadas, del 2006 al 2010, y ayud\u00f3 al equipo a sumar dos t\u00edtulos de Liga.<br \/>\nVan Nistelrooy, despu\u00e9s de pasar la \u00faltima campa\u00f1a casi in\u00e9dito en el Real Madrid por las lesiones -jug\u00f3 cuatro partidos, con dos en la Liga, otro en la Copa y otro en la Liga de Campeones-, se fue a mediados de la temporada 2009-10 al Hamburgo alem\u00e1n, donde cumpli\u00f3 esa campa\u00f1a y la siguiente.<br \/>\nEl ya veterano goleador holand\u00e9s fue reclamado entonces para el nuevo proyecto que se confeccion\u00f3 el pasado verano en M\u00e1laga con dinero de los Emiratos \u00c1rabes. Ha cerrado la campa\u00f1a con cinco goles, cuatro en Liga y uno en Copa del Rey.<br \/>\nVan Nistelrooy, que no ha estado en ocasiones en plenitud f\u00edsica y en otras la competencia en la delantera del M\u00e1laga le ha dejado en la suplencia, ha decidido que, una vez concluido su contrato de una campa\u00f1a, dejar la pr\u00e1ctica del f\u00fatbol como profesional con el grato sabor de haber ayudado al equipo andaluz a entrar por primera vez en la Liga de Campeones de Europa.<br \/>\nCon la selecci\u00f3n nacional de su pa\u00eds, el delantero ha disputado 66 encuentros, en los que anot\u00f3 34 goles, y cuenta en su haber la disputa de la Eurocopa 2004, en la que consigui\u00f3 cuatro goles; el Mundial del 2006, en el que obtuvo un gol; o la Eurocopa del 2008, en la que acab\u00f3 con dos tantos.<br \/>\nEn sus veinte a\u00f1os de profesional ha conseguido 342 goles y entre sus t\u00edtulos personales destacan dos Supercopas en su pa\u00eds, dos t\u00edtulos de la Liga holandesa, otro en la &#8216;Premier League&#8217; o dos Ligas y una Supercopa espa\u00f1ola.<\/p>\n","protected":false},"excerpt":{"rendered":"<p> El delantero holand\u00e9s Ruud Van Nistelrooy, que cumplir\u00e1 el pr\u00f3ximo 1 de julio 36 a\u00f1os, ha anunciado este lunes que deja el f\u00fatbol profesional tras veinte a\u00f1os de \u00e9xitos tanto en la selecci\u00f3n nacional de su pa\u00eds como en los siete equipos en los que ha militado.<\/p>\n","protected":false},"author":1,"featured_media":387047,"comment_status":"open","ping_status":"open","sticky":false,"template":"","format":"standard","meta":{"footnotes":""},"categories":[28],"tags":[3295,3296,3297,1492],"class_list":["post-387046","post","type-post","status-publish","format-standard","has-post-thumbnail","hentry","category-deportes","tag-malaga","tag-nistelrooy","tag-ruud","tag-van"],"_links":{"self":[{"href":"https:\/\/diarioelpopular.com\/index.php\/wp-json\/wp\/v2\/posts\/387046","targetHints":{"allow":["GET"]}}],"collection":[{"href":"https:\/\/diarioelpopular.com\/index.php\/wp-json\/wp\/v2\/posts"}],"about":[{"href":"https:\/\/diarioelpopular.com\/index.php\/wp-json\/wp\/v2\/types\/post"}],"author":[{"embeddable":true,"href":"https:\/\/diarioelpopular.com\/index.php\/wp-json\/wp\/v2\/users\/1"}],"replies":[{"embeddable":true,"href":"https:\/\/diarioelpopular.com\/index.php\/wp-json\/wp\/v2\/comments?post=387046"}],"version-history":[{"count":0,"href":"https:\/\/diarioelpopular.com\/index.php\/wp-json\/wp\/v2\/posts\/387046\/revisions"}],"wp:featuredmedia":[{"embeddable":true,"href":"https:\/\/diarioelpopular.com\/index.php\/wp-json\/"}],"wp:attachment":[{"href":"https:\/\/diarioelpopular.com\/index.php\/wp-json\/wp\/v2\/media?parent=387046"}],"wp:term":[{"taxonomy":"category","embeddable":true,"href":"https:\/\/diarioelpopular.com\/index.php\/wp-json\/wp\/v2\/categories?post=387046"},{"taxonomy":"post_tag","embeddable":true,"href":"https:\/\/diarioelpopular.com\/index.php\/wp-json\/wp\/v2\/tags?post=387046"}],"curies":[{"name":"wp","href":"https:\/\/api.w.org\/{rel}","templated":true}]}}