{"id":387056,"date":"2012-05-14T22:45:39","date_gmt":"2012-05-15T02:45:39","guid":{"rendered":"http:\/\/diarioelpopular.com\/?p=387056"},"modified":"2012-05-14T22:45:39","modified_gmt":"2012-05-15T02:45:39","slug":"la-eurocopa-se-celebrara-pese-al-boicot-de-lideres-europeos-segun-yanukovich","status":"publish","type":"post","link":"https:\/\/diarioelpopular.com\/index.php\/2012\/05\/14\/la-eurocopa-se-celebrara-pese-al-boicot-de-lideres-europeos-segun-yanukovich\/","title":{"rendered":"La Eurocopa se celebrar\u00e1 pese al boicot de l\u00edderes europeos, seg\u00fan Yanuk\u00f3vich"},"content":{"rendered":"<div id=\"attachment_387057\" style=\"width: 710px\" class=\"wp-caption aligncenter\"><a href=\"https:\/\/diarioelpopular.com\/wp-content\/uploads\/2012\/05\/web.eurocopa.jpg\"><img loading=\"lazy\" decoding=\"async\" aria-describedby=\"caption-attachment-387057\" class=\"size-full wp-image-387057\" title=\"web.eurocopa\" src=\"https:\/\/diarioelpopular.com\/wp-content\/uploads\/2012\/05\/web.eurocopa.jpg\" alt=\"\" width=\"700\" height=\"420\" \/><\/a><p id=\"caption-attachment-387057\" class=\"wp-caption-text\">AMSTERDAM (HOLANDA).- Imagen distribuida tomada un d\u00eda antes que muestra un edificio decorado con banderas de diferentes pa\u00edses en la calle Prins Hendrikkade de Amsterdam, Holanda, de cara la pr\u00f3xima celebraci\u00f3n de la Eurocopa 2012.<\/p><\/div>\n<p><strong><em>Kiev.-<\/em><\/strong> El presidente de Ucrania, V\u00edctor Yanuk\u00f3vich, asegur\u00f3 este lunes que la Eurocopa que este pa\u00eds organiza conjuntamente con Polonia se celebrar\u00e1, pese a la boicot declarado por varios l\u00edderes europeos.<\/p>\n<p>&#8220;Estoy seguro de que el Campeonato de Europa se celebrar\u00e1. La pol\u00edtica es pol\u00edtica, y la vida es la vida. Los amantes del deporte vendr\u00e1n y los amigos de Ucrania tambi\u00e9n. A estos siempre estaremos encantados de recibirlos&#8221;, afirm\u00f3 Yanuk\u00f3vich, citado por las agencias locales.<br \/>\nYanuk\u00f3vich subray\u00f3 que Ucrania ha demostrado durante los \u00faltimos a\u00f1os que est\u00e1 preparada para organizar una competici\u00f3n deportiva internacional.<br \/>\n&#8220;Nosotros no hemos fallado a nuestros socios de la UEFA que nos confiaron la organizaci\u00f3n de la Eurocopa 2012&#8221;, dijo.<br \/>\nEl l\u00edder ucraniano realiz\u00f3 estas declaraciones en la ciudad oriental de Donetsk, donde inaugurar\u00e1 esta tarde una nueva terminal del aeropuerto local.<br \/>\nLa canciller alemana, Angela Merkel, ha llamado a los l\u00edderes europeos a boicotear la Eurocopa de f\u00fatbol en Ucrania debido al caso de la encarcelada l\u00edder opositora Yulia Timoshenko, quien cumple siete a\u00f1os de c\u00e1rcel por abuso de poder.<br \/>\nUcrania ya se vio obligada a cancelar la cumbre de pa\u00edses de Europa Central y Oriental que deber\u00eda haberse celebrada el s\u00e1bado pasado en la ciudad de Yalta, debido al boicot de 12 de los 15 pa\u00edses invitados.<br \/>\nLa UEFA, que asumi\u00f3 el pasado 11 de mayo el control de los estadios que acoger\u00e1n los partidos de la Eurocopa a partir del pr\u00f3ximo 8 de junio, ha instado a no mezclar la pol\u00edtica y el deporte.<br \/>\nEl estadio ol\u00edmpico de Kiev, que tiene capacidad para 70.000 espectadores, acoger\u00e1 el pr\u00f3ximo 1 de julio la final de la Eurocopa, competici\u00f3n que se disputa por vez primera en Europa del Este.<\/p>\n","protected":false},"excerpt":{"rendered":"<p>El presidente de Ucrania, V\u00edctor Yanuk\u00f3vich, asegur\u00f3 este lunes que la Eurocopa que este pa\u00eds organiza conjuntamente con Polonia se celebrar\u00e1, pese a la boicot declarado por varios l\u00edderes europeos.<\/p>\n","protected":false},"author":1,"featured_media":387057,"comment_status":"open","ping_status":"open","sticky":false,"template":"","format":"standard","meta":{"footnotes":""},"categories":[28],"tags":[3304],"class_list":["post-387056","post","type-post","status-publish","format-standard","has-post-thumbnail","hentry","category-deportes","tag-eurocopaq"],"_links":{"self":[{"href":"https:\/\/diarioelpopular.com\/index.php\/wp-json\/wp\/v2\/posts\/387056","targetHints":{"allow":["GET"]}}],"collection":[{"href":"https:\/\/diarioelpopular.com\/index.php\/wp-json\/wp\/v2\/posts"}],"about":[{"href":"https:\/\/diarioelpopular.com\/index.php\/wp-json\/wp\/v2\/types\/post"}],"author":[{"embeddable":true,"href":"https:\/\/diarioelpopular.com\/index.php\/wp-json\/wp\/v2\/users\/1"}],"replies":[{"embeddable":true,"href":"https:\/\/diarioelpopular.com\/index.php\/wp-json\/wp\/v2\/comments?post=387056"}],"version-history":[{"count":0,"href":"https:\/\/diarioelpopular.com\/index.php\/wp-json\/wp\/v2\/posts\/387056\/revisions"}],"wp:featuredmedia":[{"embeddable":true,"href":"https:\/\/diarioelpopular.com\/index.php\/wp-json\/"}],"wp:attachment":[{"href":"https:\/\/diarioelpopular.com\/index.php\/wp-json\/wp\/v2\/media?parent=387056"}],"wp:term":[{"taxonomy":"category","embeddable":true,"href":"https:\/\/diarioelpopular.com\/index.php\/wp-json\/wp\/v2\/categories?post=387056"},{"taxonomy":"post_tag","embeddable":true,"href":"https:\/\/diarioelpopular.com\/index.php\/wp-json\/wp\/v2\/tags?post=387056"}],"curies":[{"name":"wp","href":"https:\/\/api.w.org\/{rel}","templated":true}]}}