{"id":387269,"date":"2012-05-15T23:26:54","date_gmt":"2012-05-16T03:26:54","guid":{"rendered":"http:\/\/diarioelpopular.com\/?p=387269"},"modified":"2012-05-15T23:26:54","modified_gmt":"2012-05-16T03:26:54","slug":"purito-rodriguez-se-viste-de-rosa-tras-ganar-su-primera-etapa","status":"publish","type":"post","link":"https:\/\/diarioelpopular.com\/index.php\/2012\/05\/15\/purito-rodriguez-se-viste-de-rosa-tras-ganar-su-primera-etapa\/","title":{"rendered":"Purito Rodr\u00edguez se viste de rosa tras ganar su primera etapa"},"content":{"rendered":"<div id=\"attachment_387270\" style=\"width: 710px\" class=\"wp-caption aligncenter\"><a href=\"https:\/\/diarioelpopular.com\/wp-content\/uploads\/2012\/05\/web.giro_1.jpg\"><img loading=\"lazy\" decoding=\"async\" aria-describedby=\"caption-attachment-387270\" class=\"size-full wp-image-387270\" title=\"web.giro\" src=\"https:\/\/diarioelpopular.com\/wp-content\/uploads\/2012\/05\/web.giro_1.jpg\" alt=\"\" width=\"700\" height=\"420\" \/><\/a><p id=\"caption-attachment-387270\" class=\"wp-caption-text\">ASSISI (ITALIA).-El pelot\u00f3n de ciclistas pedalea durante la d\u00e9cima etapa del Giro de Italia, disputada entre Civitavecchia y Assisi, sobre 187 kil\u00f3metros, este martes 15 de mayo.<\/p><\/div>\n<p><strong><em>Redacci\u00f3n deportes.-<\/em><\/strong> El espa\u00f1ol Joaquim Rodr\u00edguez (Katusha) se enfund\u00f3 la maglia rosa de l\u00edder al conseguir su primera victoria de etapa en el\u00a0Giro\u00a0de Italia, que concluy\u00f3 con una corta pero exigente subida a As\u00eds despu\u00e9s de 187 kil\u00f3metros desde Civitavecchia.<\/p>\n<p>&#8220;Purito&#8221;, vencedor con un tiempo de 4h25:05, ha tenido que esperar a su sexto\u00a0Giro\u00a0para ganar su primera etapa en la ronda italiana, aprovechando el duro repecho que conduc\u00eda a la bas\u00edlica de As\u00eds.<\/p>\n<p>Los 20 segundos de bonificaci\u00f3n reservados al ganador le convirtieron en el nuevo l\u00edder, con 17 segundos sobre el anterior, el canadiense Ryder Hesjedal, y 32 sobre el italiano Paolo Tiralongo. Otro espa\u00f1ol, Be\u00f1at Intxausti, l\u00edder del Movistar, est\u00e1 cuarto en la general a 52 segundos de Rodr\u00edguez.<\/p>\n<p>Purito, que afrontaba esta d\u00e9cima etapa a 9 segundos de Ryder Hesjedal, confiaba en vestirse de rosa aprovechando el \u00faltimo repecho, 4 kil\u00f3metros de ascenso con un desnivel m\u00e1ximo del 15 por ciento en el primero.<\/p>\n<p>No sali\u00f3 el italiano Filippo Pozzato, uno de los implicados en la \u00faltima ca\u00edda de la novena etapa, que sufre fractura en el escafoides de la mano derecha, tres meses despu\u00e9s de romperse la clav\u00edcula.<\/p>\n<p>En el km.10 cuaj\u00f3 una fuga con Guillaume Bonnafond (Ag2r), Miguel M\u00ednguez (Euskaltel), Francesco Failli (Farnese), Matthias Brandle (NetApp) y Martijn Keizer (Vacansoleil), cuya ventaja nunca pas\u00f3 de los cinco minutos.<\/p>\n<p>El Katusha de Purito Rodr\u00edguez asumi\u00f3 la responsabilidad de cazar a los fugados, y a 65 kil\u00f3metros de meta la diferencia ya estaba por debajo de los dos minutos.<\/p>\n<p>A 31 km. de meta el holand\u00e9s Stef Clement (Rabobank) salt\u00f3 del pelot\u00f3n para incorporarse a la escapada, de la que tir\u00f3 tan generosa como in\u00fatilmente, porque antes de llegar al pie de Assisi fueron absorbidos por el pelot\u00f3n.<\/p>\n<p>Todo quedaba a expensas de lo que sucediera en el puerto de cuarta categor\u00eda, dividido en dos &#8220;muros&#8221;, el \u00faltimo de 1.200 metros, con una bajada en medio. Sky, Astana, Liquigas y Katusha controlaban el frente del grupo para proteger a sus escaladores.<\/p>\n<p>Joaquim Rodr\u00edguez esper\u00f3 hasta el \u00faltimo momento, a 200 metros de la llegada, para asestar el golpe decisivo que le condujo a la victoria y al liderazgo de la carrera.<\/p>\n","protected":false},"excerpt":{"rendered":"<p>El espa\u00f1ol Joaquim Rodr\u00edguez (Katusha) se enfund\u00f3 la maglia rosa de l\u00edder al conseguir su primera victoria de etapa en el Giro de Italia, que concluy\u00f3 con una corta pero exigente subida a As\u00eds despu\u00e9s de 187 kil\u00f3metros desde Civitavecchia.<\/p>\n","protected":false},"author":1,"featured_media":387270,"comment_status":"open","ping_status":"open","sticky":false,"template":"","format":"standard","meta":{"footnotes":""},"categories":[28],"tags":[1215,2442,3292,824],"class_list":["post-387269","post","type-post","status-publish","format-standard","has-post-thumbnail","hentry","category-deportes","tag-ciclismo","tag-de","tag-giro","tag-italia"],"_links":{"self":[{"href":"https:\/\/diarioelpopular.com\/index.php\/wp-json\/wp\/v2\/posts\/387269","targetHints":{"allow":["GET"]}}],"collection":[{"href":"https:\/\/diarioelpopular.com\/index.php\/wp-json\/wp\/v2\/posts"}],"about":[{"href":"https:\/\/diarioelpopular.com\/index.php\/wp-json\/wp\/v2\/types\/post"}],"author":[{"embeddable":true,"href":"https:\/\/diarioelpopular.com\/index.php\/wp-json\/wp\/v2\/users\/1"}],"replies":[{"embeddable":true,"href":"https:\/\/diarioelpopular.com\/index.php\/wp-json\/wp\/v2\/comments?post=387269"}],"version-history":[{"count":0,"href":"https:\/\/diarioelpopular.com\/index.php\/wp-json\/wp\/v2\/posts\/387269\/revisions"}],"wp:featuredmedia":[{"embeddable":true,"href":"https:\/\/diarioelpopular.com\/index.php\/wp-json\/"}],"wp:attachment":[{"href":"https:\/\/diarioelpopular.com\/index.php\/wp-json\/wp\/v2\/media?parent=387269"}],"wp:term":[{"taxonomy":"category","embeddable":true,"href":"https:\/\/diarioelpopular.com\/index.php\/wp-json\/wp\/v2\/categories?post=387269"},{"taxonomy":"post_tag","embeddable":true,"href":"https:\/\/diarioelpopular.com\/index.php\/wp-json\/wp\/v2\/tags?post=387269"}],"curies":[{"name":"wp","href":"https:\/\/api.w.org\/{rel}","templated":true}]}}