{"id":387681,"date":"2012-05-17T23:39:51","date_gmt":"2012-05-18T03:39:51","guid":{"rendered":"http:\/\/diarioelpopular.com\/?p=387681"},"modified":"2012-05-17T23:39:51","modified_gmt":"2012-05-18T03:39:51","slug":"bardem-es-innegable-que-la-justicia-universal-esta-con-el-pueblo-saharaui","status":"publish","type":"post","link":"https:\/\/diarioelpopular.com\/index.php\/2012\/05\/17\/bardem-es-innegable-que-la-justicia-universal-esta-con-el-pueblo-saharaui\/","title":{"rendered":"Bardem: &#8220;Es innegable que la justicia universal est\u00e1 con el pueblo saharaui&#8221;"},"content":{"rendered":"<div id=\"attachment_387682\" style=\"width: 710px\" class=\"wp-caption aligncenter\"><a href=\"https:\/\/diarioelpopular.com\/wp-content\/uploads\/2012\/05\/web.bardem.jpg\"><img loading=\"lazy\" decoding=\"async\" aria-describedby=\"caption-attachment-387682\" class=\"size-full wp-image-387682\" title=\"web.bardem\" src=\"https:\/\/diarioelpopular.com\/wp-content\/uploads\/2012\/05\/web.bardem.jpg\" alt=\"\" width=\"700\" height=\"420\" \/><\/a><p id=\"caption-attachment-387682\" class=\"wp-caption-text\">MADRID.- Javier Bardem posa junto a la actriz Elena Anaya, en la sede de la Academia de Cine. El actor, cuya carrera profesional le mantiene fuera de Espa\u00f1a desarrollando proyectos internacionales, como la \u00faltima entrega de James Bond, ha hablado del segundo documental que produce, &quot;Hijos de las nubes, la \u00faltima colonia&quot;, donde reclama atenci\u00f3n para la causa saharaui.<\/p><\/div>\n<p><strong><em>Madrid.-<\/em><\/strong> &#8220;La justicia universal est\u00e1 de parte del pueblo saharaui, eso es innegable, y lo sabe hasta la gente que lo niega&#8221;, ha dicho el ganador de un \u00d3scar Javier Bardem, que estos d\u00edas en Madrid promociona su \u00faltimo proyecto solidario, el documental &#8220;Hijos de las nubes. La \u00faltima colonia&#8221;, que produce.<\/p>\n<p>El documental quiere sensibilizar al mundo sobre los atropellos que sufre el pueblo saharaui, desplazado al desierto por Marruecos hace ya 37 a\u00f1os.<\/p>\n<p>Bardem, reconocido activista de los derechos humanos, ha colaborado con numerosos proyectos solidarios, como &#8220;Pastillas para el dolor ajeno&#8221;, de M\u00e9dicos sin Fronteras; en apoyo de las abuelas de la Plaza de Mayo y del juez Garz\u00f3n; estuvo en el &#8220;No a la guerra&#8221; contra Irak y, m\u00e1s recientemente, ayuda a personas que creen que puedan haber sido ni\u00f1os robados.<\/p>\n<p>Pero desde que el protagonista de &#8220;Biutiful&#8221; conoci\u00f3 a los saharauis, con los que convivi\u00f3 invitado por el Festival de Cine de FiSahara -el \u00fanico del mundo que se celebra en un campo de refugiados-, se enamor\u00f3 de la gente y de la causa polisaria y decidi\u00f3 que &#8220;hab\u00eda que hacer algo&#8221;.<\/p>\n<p>Y se puso de acuerdo con Longoria, fundador de la productora Morena Films, que estaba viviendo esa misma experiencia, para que dirigiera su primer documental sobre el tema.<br \/>\n&#8220;Establecimos una relaci\u00f3n personal y emocional con los saharauis y ah\u00ed empez\u00f3 el viaje para intentar entender&#8221;, apunta el actor.<\/p>\n<p>Bardem, que ya hab\u00eda producido con gran \u00e9xito la obra coral y solidaria &#8220;Invisibles&#8221;, asume con deportividad que en Espa\u00f1a se le critique por su mostrada tendencia izquierdista.<\/p>\n<p>&#8220;Si ser actor significa que vas a recibir cr\u00edticas por decir lo que piensas, lo sabes y lo aceptas: si esa es tu parte del juego, pues bienvenido sea&#8221;, afirma, y a\u00f1ade que &#8220;detr\u00e1s de un actor, un m\u00e9dico o un fontanero hay un ciudadano que vota, que cree en una soluci\u00f3n para los conflictos de la sociedad en la que vive y que tiene la obligaci\u00f3n y el derecho de decir lo que piensa&#8221;.<\/p>\n<p>En el documental, que gu\u00eda la voz de la actriz espa\u00f1ola Elena Anaya, la c\u00e1mara sigue a Bardem por los campamentos de refugiados situados &#8220;en el desierto del desierto&#8221;, a caballo entre Marruecos y Argelia, o mientras prepara su intervenci\u00f3n ante la sede de la Organizaci\u00f3n de las Naciones Unidas (ONU) en defensa de los derechos de los saharauis.<\/p>\n<p>Y va con \u00e9l hasta las mismas puertas del Palacio de la Moncloa, donde llev\u00f3 230.000 firmas de espa\u00f1oles que apoyan la causa, aunque no consigui\u00f3 que le recibiera nadie.<br \/>\nReconoce que lo m\u00e1s frustrante fue no contar con el testimonio de algunas de &#8220;piezas importantes de este ajedrez&#8221;, indica Bardem, muchas por temor a represalias.<\/p>\n<p>Varios expertos y personalidades pol\u00edticas prestan su testimonio -hicieron hasta 70 entrevistas- pero faltan otros muchos, que no quisieron o no pudieron, como el expresidente espa\u00f1ol Jos\u00e9 Mar\u00eda Aznar, o el ex &#8220;mister PESC&#8221;, Javier Solana, como tampoco ninguna autoridad marroqu\u00ed.<\/p>\n<p>&#8220;Pero al final -ha dicho Bardem- hemos conseguido una cierta objetividad de opiniones m\u00e1s all\u00e1 de lo que nosotros podamos creer&#8221;.<\/p>\n<p>Bardem, que pronto ser\u00e1 &#8220;el malo&#8221; de la nueva entrega del agente 007 y veremos en la adaptaci\u00f3n al cine de la novela &#8220;Alacr\u00e1n enamorado&#8221;, que ha escrito su hermano Carlos y dirigir\u00e1 Santiago Zannou, rechaza entre risas asumir alguna vez la direcci\u00f3n de una pel\u00edcula.<\/p>\n","protected":false},"excerpt":{"rendered":"<p>&#8220;La justicia universal est\u00e1 de parte del pueblo saharaui, eso es innegable, y lo sabe hasta la gente que lo niega&#8221;, ha dicho el ganador de un \u00d3scar Javier Bardem, que estos d\u00edas en Madrid promociona su \u00faltimo proyecto solidario, el documental &#8220;Hijos de las nubes.<\/p>\n","protected":false},"author":1,"featured_media":387682,"comment_status":"open","ping_status":"open","sticky":false,"template":"","format":"standard","meta":{"footnotes":""},"categories":[80,24],"tags":[3355,3356],"class_list":["post-387681","post","type-post","status-publish","format-standard","has-post-thumbnail","hentry","category-cine-2","category-mundo","tag-bardem","tag-javier"],"_links":{"self":[{"href":"https:\/\/diarioelpopular.com\/index.php\/wp-json\/wp\/v2\/posts\/387681","targetHints":{"allow":["GET"]}}],"collection":[{"href":"https:\/\/diarioelpopular.com\/index.php\/wp-json\/wp\/v2\/posts"}],"about":[{"href":"https:\/\/diarioelpopular.com\/index.php\/wp-json\/wp\/v2\/types\/post"}],"author":[{"embeddable":true,"href":"https:\/\/diarioelpopular.com\/index.php\/wp-json\/wp\/v2\/users\/1"}],"replies":[{"embeddable":true,"href":"https:\/\/diarioelpopular.com\/index.php\/wp-json\/wp\/v2\/comments?post=387681"}],"version-history":[{"count":0,"href":"https:\/\/diarioelpopular.com\/index.php\/wp-json\/wp\/v2\/posts\/387681\/revisions"}],"wp:featuredmedia":[{"embeddable":true,"href":"https:\/\/diarioelpopular.com\/index.php\/wp-json\/"}],"wp:attachment":[{"href":"https:\/\/diarioelpopular.com\/index.php\/wp-json\/wp\/v2\/media?parent=387681"}],"wp:term":[{"taxonomy":"category","embeddable":true,"href":"https:\/\/diarioelpopular.com\/index.php\/wp-json\/wp\/v2\/categories?post=387681"},{"taxonomy":"post_tag","embeddable":true,"href":"https:\/\/diarioelpopular.com\/index.php\/wp-json\/wp\/v2\/tags?post=387681"}],"curies":[{"name":"wp","href":"https:\/\/api.w.org\/{rel}","templated":true}]}}