{"id":388463,"date":"2012-05-22T00:30:12","date_gmt":"2012-05-22T04:30:12","guid":{"rendered":"http:\/\/diarioelpopular.com\/?p=388463"},"modified":"2012-05-22T00:30:12","modified_gmt":"2012-05-22T04:30:12","slug":"harper-retira-todas-las-tropas-de-arganistan","status":"publish","type":"post","link":"https:\/\/diarioelpopular.com\/index.php\/2012\/05\/22\/harper-retira-todas-las-tropas-de-arganistan\/","title":{"rendered":"Harper retira todas las tropas de Afganist\u00e1n"},"content":{"rendered":"<div id=\"attachment_388464\" style=\"width: 715px\" class=\"wp-caption aligncenter\"><a href=\"https:\/\/diarioelpopular.com\/wp-content\/uploads\/2012\/05\/web.harper1.jpg\"><img loading=\"lazy\" decoding=\"async\" aria-describedby=\"caption-attachment-388464\" class=\"size-full wp-image-388464\" title=\"web.harper\" src=\"https:\/\/diarioelpopular.com\/wp-content\/uploads\/2012\/05\/web.harper1.jpg\" alt=\"\" width=\"705\" height=\"420\" \/><\/a><p id=\"caption-attachment-388464\" class=\"wp-caption-text\">Stephen Harper, este lunes en la conferencia de la OTAN en Chicago.<\/p><\/div>\n<p>CHICAGO.- Harper anunci\u00f3 este lunes que Canad\u00e1 retirar\u00e1 sus tropas de Afganist\u00e1n en 2014. Eso significa que no renovar\u00e1 el programa de entrenamiento que realiza actualmente la Armada Canadiense para preparar el ej\u00e9rcito de ese pa\u00eds.<\/p>\n<p>En vez de personal armado, Harper se ha comprometido a abonar $110 millones en ayudas para la construcci\u00f3n de un ej\u00e9rcito afgano propio, tal y como har\u00e1n otros pa\u00edses.<\/p>\n<p>La OTAN esperaba que Harper extendiera el programa que permite a 950 soldados entrenar al joven ej\u00e9rcito afgano pero el Primer Ministro canadiense insisti\u00f3 en la necesidad de una retirada total de las tropas.<\/p>\n<p>\u201cLa fecha final es firme y definitiva. Canad\u00e1 no tendr\u00e1 una misi\u00f3n militar en Afganist\u00e1n despu\u00e9s de marzo de 2014\u201d, sentenci\u00f3 Harper.<\/p>\n<p>El secretario general de la alianza atl\u00e1ntica, Anders Fogh Rasmussen, esperaba que Canad\u00e1 ampliara su programa de formaci\u00f3n sobre el terreno pero Harper quer\u00eda retirar la presencia canadiense en Afganist\u00e1n lo antes posible. \u201cCuanto m\u00e1s tiempo dure una intervenci\u00f3n extranjera, menos probabilidades de \u00e9xito tiene\u201d, insisti\u00f3 Harper.<\/p>\n<p>Canad\u00e1 ya retir\u00f3 sus tropas de combate en territorio afgano el verano pasado. Ante la presi\u00f3n de EE.UU. y Gran Breta\u00f1a, dej\u00f3 950 tropas para entrenar a las fuerzas afganas. Harper calific\u00f3 la contribuci\u00f3n canadiense como \u201cgenerosa\u201d.<\/p>\n<p>La mayor\u00eda de esas tropas est\u00e1n en la capital del pa\u00eds, Kabul, en una misi\u00f3n menos arriesgada que la operaci\u00f3n anti-insurgente que las fuerzas canadienses realizaron en Kandahar hace m\u00e1s de cinco a\u00f1os.<\/p>\n<p>El anuncio de Harper llega cuando la OTAN y los EE.UU. est\u00e1n recaudando $4.1 billones en fondos para pagar el ej\u00e9rcito y la polic\u00eda una vez se retiren las tropas for\u00e1neas en 2014. Autralia ha prometido $100 millones al a\u00f1o, Gran Breta\u00f1a $110 millones y Alemania $195 millones.<\/p>\n<p>La recaudaci\u00f3n de fondos tiene por objetivo evitar la sensaci\u00f3n de abandono en Afganist\u00e1n cuando 130.000 tropas extranjeras dejen el pa\u00eds. A\u00fan as\u00ed, el ej\u00e9rcito y la polic\u00eda afgana tendr\u00e1n que reducir sus n\u00fameros de 350.000 a 228.500.<\/p>\n<p>Harper tambi\u00e9n explic\u00f3 que Canad\u00e1 contribuir\u00e1 con asistencia al desarrollo para Afganist\u00e1n, bajo la condici\u00f3n que cualquier dinero sea controlado y bien gestionado.<\/p>\n<div id=\"attachment_388465\" style=\"width: 715px\" class=\"wp-caption aligncenter\"><a href=\"https:\/\/diarioelpopular.com\/wp-content\/uploads\/2012\/05\/web.soldado.jpg\"><img loading=\"lazy\" decoding=\"async\" aria-describedby=\"caption-attachment-388465\" class=\"size-full wp-image-388465\" title=\"web.soldado\" src=\"https:\/\/diarioelpopular.com\/wp-content\/uploads\/2012\/05\/web.soldado.jpg\" alt=\"\" width=\"705\" height=\"420\" \/><\/a><p id=\"caption-attachment-388465\" class=\"wp-caption-text\">Las tropas afganas tendr\u00e1n que sobrevivir tan s\u00f3lo con la ayuda econ\u00f3mica de occidente.<\/p><\/div>\n","protected":false},"excerpt":{"rendered":"<p>Pese a las presiones de la OTAN, el Primer Ministro ha insistido en retirar toda presencia canadiense en territorio afgano a partir de 2014. A cambio, contribuir\u00e1 en la financiaci\u00f3n del ej\u00e9rcito de Afganist\u00e1n.<\/p>\n","protected":false},"author":1,"featured_media":388464,"comment_status":"open","ping_status":"open","sticky":false,"template":"","format":"standard","meta":{"footnotes":""},"categories":[21,24],"tags":[709,2442,1178,3382,2999],"class_list":["post-388463","post","type-post","status-publish","format-standard","has-post-thumbnail","hentry","category-canada","category-mundo","tag-afganistan","tag-de","tag-harper","tag-retira","tag-soldados"],"_links":{"self":[{"href":"https:\/\/diarioelpopular.com\/index.php\/wp-json\/wp\/v2\/posts\/388463","targetHints":{"allow":["GET"]}}],"collection":[{"href":"https:\/\/diarioelpopular.com\/index.php\/wp-json\/wp\/v2\/posts"}],"about":[{"href":"https:\/\/diarioelpopular.com\/index.php\/wp-json\/wp\/v2\/types\/post"}],"author":[{"embeddable":true,"href":"https:\/\/diarioelpopular.com\/index.php\/wp-json\/wp\/v2\/users\/1"}],"replies":[{"embeddable":true,"href":"https:\/\/diarioelpopular.com\/index.php\/wp-json\/wp\/v2\/comments?post=388463"}],"version-history":[{"count":0,"href":"https:\/\/diarioelpopular.com\/index.php\/wp-json\/wp\/v2\/posts\/388463\/revisions"}],"wp:featuredmedia":[{"embeddable":true,"href":"https:\/\/diarioelpopular.com\/index.php\/wp-json\/"}],"wp:attachment":[{"href":"https:\/\/diarioelpopular.com\/index.php\/wp-json\/wp\/v2\/media?parent=388463"}],"wp:term":[{"taxonomy":"category","embeddable":true,"href":"https:\/\/diarioelpopular.com\/index.php\/wp-json\/wp\/v2\/categories?post=388463"},{"taxonomy":"post_tag","embeddable":true,"href":"https:\/\/diarioelpopular.com\/index.php\/wp-json\/wp\/v2\/tags?post=388463"}],"curies":[{"name":"wp","href":"https:\/\/api.w.org\/{rel}","templated":true}]}}