{"id":388974,"date":"2012-05-22T23:09:40","date_gmt":"2012-05-23T03:09:40","guid":{"rendered":"http:\/\/diarioelpopular.com\/?p=388974"},"modified":"2012-05-22T23:09:40","modified_gmt":"2012-05-23T03:09:40","slug":"jon-izaguirre-organiza-la-fiesta-naranja-del-euskaltel-purito-sigue-lider","status":"publish","type":"post","link":"https:\/\/diarioelpopular.com\/index.php\/2012\/05\/22\/jon-izaguirre-organiza-la-fiesta-naranja-del-euskaltel-purito-sigue-lider\/","title":{"rendered":"Jon Izaguirre organiza la fiesta naranja del Euskaltel, Purito sigue l\u00edder"},"content":{"rendered":"<p>&nbsp;<\/p>\n<div id=\"attachment_388975\" style=\"width: 710px\" class=\"wp-caption aligncenter\"><a href=\"https:\/\/diarioelpopular.com\/wp-content\/uploads\/2012\/05\/web.giro_2.jpg\"><img loading=\"lazy\" decoding=\"async\" aria-describedby=\"caption-attachment-388975\" class=\"size-full wp-image-388975\" title=\"web.giro\" src=\"https:\/\/diarioelpopular.com\/wp-content\/uploads\/2012\/05\/web.giro_2.jpg\" alt=\"\" width=\"700\" height=\"420\" \/><\/a><p id=\"caption-attachment-388975\" class=\"wp-caption-text\">FALZES (ITALIA).- Mark Cavendish (i) Rigoberto Ur\u00e1n (c) y Matteo Rabottini (d), mejor sprinter, mejor joven y mejor en la monta\u00f1a, respectivamente, al t\u00e9rmino de la etapa de transici\u00f3n antes de la alta monta\u00f1a del Giro de Italia, entre Limone sul Garda y Falzes, este martes, 22 de mayo de 2012. Jon Izaguirrese alz\u00f3 con la victoria.<\/p><\/div>\n<p><strong><em>Madrid.-<\/em><\/strong> El espa\u00f1ol Jon Izaguirre, del Euskaltel Euskadi, atac\u00f3 con determinaci\u00f3n a 3,6 kil\u00f3metros de meta para llevar a su equipo hacia la primera victoria en el Giro de Italia, que este martes disputaba la etapa de transici\u00f3n antes de la alta monta\u00f1a entre Limone sul Garda y Falzes, en la que Joaquim &#8220;Purito&#8221; Rodr\u00edguez mantuvo la maglia rosa.<\/p>\n<p>Izaguirre, de 23 a\u00f1os, fue el m\u00e1s valiente en el grupo de 10 corredores que protagonizaron la escapada definitiva de la decimosexta etapa, que ten\u00eda un trayecto de 173 kil\u00f3metros.<\/p>\n<p>El ciclista vasco atac\u00f3 para ir en busca de su primera victoria en una grande y consigui\u00f3 el objetivo, con un triunfo en solitario con un tiempo de 4h.02.00.<\/p>\n<p>A continuaci\u00f3n, sin opci\u00f3n de alcanzar al ciclista del Euskaltel, que hizo un enorme despliegue en el momento clave, llegaron el italiano Alessandro De Marchi (Androni) y el holand\u00e9s Stef Clement (Rabobank) a 16 segundos, el suizo Mathias Frank (BMC) a 19 y el espa\u00f1ol Jos\u00e9 Herrada (Movistar) a 21.<\/p>\n<p>El pelot\u00f3n, con todos los favoritos, se tom\u00f3 el d\u00eda de descanso antes de las batallas previstas en la monta\u00f1a. El retraso acumulado por el grupo en meta, con Juan Antonio Flecha al frente, fue de 8.54 minutos, con Purito un d\u00eda m\u00e1s de rosa.<\/p>\n<p>El catal\u00e1n, como sus rivales directos, tach\u00f3 el d\u00eda sin alteraciones en la general, con todo pendiente para las etapas que se van a empezar a encadenar desde este mi\u00e9rcoles hasta el domingo. Sigue manteniendo medio minuto sobre el canadiense Ryder Hesjedal (Garmin) y 1.22 sobre el italiano Ivan Basso (Liquigas).<\/p>\n<p>La etapa invitaba a la reserva de los candidatos al triunfo, y para ello nada mejor que una escapada inocua que permitiera la reserva de fuerzas, que se form\u00f3 con 10 corredores en el kil\u00f3metro 60. \u00a0\u00a0\u00a0\u00a0\u00a0 \u00a0\u00a0\u00a0Enseguida se vieron las cartas de unos y otros.<\/p>\n<p>Mientras la avanzadilla abr\u00eda una diferencia que lleg\u00f3 a ser de casi 13 minutos, el pelot\u00f3n se dedic\u00f3 a rodar pl\u00e1cidamente camino de Falzes.<\/p>\n<p>Todos en connivencia a la espera de la etapa venidera, con el Passo Giau como primer coloso a tener en cuenta.<\/p>\n<p>Diez corredores se iban a jugar la etapa, entre ellos dos espa\u00f1oles, Izaguirre y Herrada, que arriesgaron sus bazas en busca de la victoria de etapa.<\/p>\n<p>El ciclista de Mota del Cuervo (Cuenca) rompi\u00f3 la disciplina del grupo en fuga a 5 kil\u00f3metros de meta, de forma persistente, pero se le pegaron a rueda Frank y m\u00e1s tarde el corredor del Euskaltel.<\/p>\n<p>Y fue \u00e9ste \u00faltimo el que asest\u00f3 la estocada definitiva con una arrancada a menos de cuatro kil\u00f3metros de la pancarta de meta.<\/p>\n<p>El de Ormaiztegi (Guipuzcoa) puso asfalto por medio, apenas una decena de segundos, que resultaron suficientes para alzar los brazos por segunda vez en la temporada. Ya vivi\u00f3 la experiencia en la Vuelta a Asturias.<\/p>\n<p>Cuando mir\u00f3 atr\u00e1s, en la recta de llegada, fue para firmar la tercera etapa espa\u00f1ola en la presente edici\u00f3n.<\/p>\n<p>La decimos\u00e9ptima etapa se disputar\u00e1 entre Falzes y Cortina D&#8217;Ampezzo, con cuatro puertos, entre ellos el Passo Giau, con una pendiente media del 9,3 por ciento y m\u00e1xima del 14.<\/p>\n<p>.- Clasificaci\u00f3n de la etapa: \u00a0\u00a0\u00a0\u00a0\u00a0 \u00a0\u00a0\u00a0\u00a0\u00a0\u00a0\u00a0\u00a0\u00a0 \u00a0\u00a0\u00a0.1. Jon Izagirre (ESP\/Euskaltel-Euskadi)\u00a0\u00a0\u00a0\u00a0\u00a0\u00a0\u00a0 4h:02:00<\/p>\n<p>.2. Alessandro De Marchi (ITA\/Androni)\u00a0\u00a0\u00a0\u00a0\u00a0\u00a0\u00a0\u00a0\u00a0\u00a0\u00a0\u00a0\u00a0 a 15<\/p>\n<p>.3. Stef Clement (HOL\/Rabobank)<\/p>\n<p>.4. Mathias Frank (SUI\/BMC)<\/p>\n<p>.5. Jos\u00e9 Herrada (ESP\/Movistar)<\/p>\n<p>.6. Manuele Boaro (ITA\/Saxo Bank)<\/p>\n<p>.7. Matthias Brandle (AUT\/NetApp)<\/p>\n<p>.8. Nikolas Maes (BEL\/Omega Pharma-Quick Step)<\/p>\n<p>.9. Lars Yting Bak (DIN\/Lotto)<\/p>\n<p>10. Luca Mazzanti (ITA\/Farnese Vini)<\/p>\n<p>.- Clasificaci\u00f3n general:<\/p>\n<p>.1. Joaquim Rodriguez (ESP\/Katusha)<\/p>\n<p>.2. Ryder Hesjedal (CAN\/Garmin)\u00a0\u00a0\u00a0\u00a0\u00a0\u00a0\u00a0\u00a0\u00a0\u00a0\u00a0 a 30<\/p>\n<p>.3. Ivan Basso (ITA\/Liquigas)\u00a0\u00a0\u00a0\u00a0\u00a0\u00a0\u00a0\u00a0\u00a0\u00a0\u00a0 a 1:22<\/p>\n<p>.4. Paolo Tiralongo (ITA\/Astana)\u00a0\u00a0\u00a0\u00a0\u00a0\u00a0\u00a0\u00a0 a 1:26<\/p>\n<p>.5. Roman Kreuziger (CZE\/Astana)\u00a0\u00a0\u00a0\u00a0\u00a0\u00a0\u00a0\u00a0 a 1:27<\/p>\n<p>.6. Michele Scarponi (ITA\/Lampre)\u00a0\u00a0\u00a0\u00a0\u00a0\u00a0\u00a0 a 1:36<\/p>\n<p>.7. Benat Intxausti (ESP\/Movistar)\u00a0\u00a0\u00a0\u00a0\u00a0\u00a0 a 1:42<\/p>\n<p>.8. Sergio Luis Henao (COL\/Sky)\u00a0\u00a0\u00a0\u00a0\u00a0\u00a0\u00a0\u00a0\u00a0 a 1:55<\/p>\n<p>.9. Dario Cataldo (ITA\/Omega Pharma)\u00a0\u00a0\u00a0\u00a0 a 2:12<\/p>\n<p>10. Sandy Casar (FRA\/Francaise)\u00a0\u00a0\u00a0\u00a0\u00a0\u00a0\u00a0\u00a0\u00a0 a 2:13.<\/p>\n","protected":false},"excerpt":{"rendered":"<p>El espa\u00f1ol Jon Izaguirre, del Euskaltel Euskadi, atac\u00f3 con determinaci\u00f3n a 3,6 kil\u00f3metros de meta para llevar a su equipo hacia la primera victoria en el Giro de Italia, que este martes disputaba la etapa de transici\u00f3n antes de la alta monta\u00f1a entre Limone sul Garda y Falzes.<\/p>\n","protected":false},"author":1,"featured_media":388975,"comment_status":"open","ping_status":"open","sticky":false,"template":"","format":"standard","meta":{"footnotes":""},"categories":[28],"tags":[3292,824,3399],"class_list":["post-388974","post","type-post","status-publish","format-standard","has-post-thumbnail","hentry","category-deportes","tag-giro","tag-italia","tag-izaguirre"],"_links":{"self":[{"href":"https:\/\/diarioelpopular.com\/index.php\/wp-json\/wp\/v2\/posts\/388974","targetHints":{"allow":["GET"]}}],"collection":[{"href":"https:\/\/diarioelpopular.com\/index.php\/wp-json\/wp\/v2\/posts"}],"about":[{"href":"https:\/\/diarioelpopular.com\/index.php\/wp-json\/wp\/v2\/types\/post"}],"author":[{"embeddable":true,"href":"https:\/\/diarioelpopular.com\/index.php\/wp-json\/wp\/v2\/users\/1"}],"replies":[{"embeddable":true,"href":"https:\/\/diarioelpopular.com\/index.php\/wp-json\/wp\/v2\/comments?post=388974"}],"version-history":[{"count":0,"href":"https:\/\/diarioelpopular.com\/index.php\/wp-json\/wp\/v2\/posts\/388974\/revisions"}],"wp:featuredmedia":[{"embeddable":true,"href":"https:\/\/diarioelpopular.com\/index.php\/wp-json\/"}],"wp:attachment":[{"href":"https:\/\/diarioelpopular.com\/index.php\/wp-json\/wp\/v2\/media?parent=388974"}],"wp:term":[{"taxonomy":"category","embeddable":true,"href":"https:\/\/diarioelpopular.com\/index.php\/wp-json\/wp\/v2\/categories?post=388974"},{"taxonomy":"post_tag","embeddable":true,"href":"https:\/\/diarioelpopular.com\/index.php\/wp-json\/wp\/v2\/tags?post=388974"}],"curies":[{"name":"wp","href":"https:\/\/api.w.org\/{rel}","templated":true}]}}