{"id":3891,"date":"2011-07-05T21:52:11","date_gmt":"2011-07-06T01:52:11","guid":{"rendered":"http:\/\/retrolab.ca\/elpopular\/?p=3891"},"modified":"2011-07-05T21:52:11","modified_gmt":"2011-07-06T01:52:11","slug":"fabio-coentrao-nuevo-jugador-del-real-madrid","status":"publish","type":"post","link":"https:\/\/diarioelpopular.com\/index.php\/2011\/07\/05\/fabio-coentrao-nuevo-jugador-del-real-madrid\/","title":{"rendered":"Fabio Coentrao, nuevo jugador del Real Madrid"},"content":{"rendered":"<div id=\"attachment_3892\" style=\"width: 710px\" class=\"wp-caption aligncenter\"><a href=\"http:\/\/retrolab.ca\/elpopular\/wp-content\/uploads\/2011\/07\/03.r.m.fabio_.jpg\"><img loading=\"lazy\" decoding=\"async\" aria-describedby=\"caption-attachment-3892\" class=\"size-full wp-image-3892\" title=\"Fabio Coentrao\" src=\"http:\/\/retrolab.ca\/elpopular\/wp-content\/uploads\/2011\/07\/03.r.m.fabio_.jpg\" alt=\"\" width=\"700\" height=\"420\" \/><\/a><p id=\"caption-attachment-3892\" class=\"wp-caption-text\">El lateral portugu\u00e9s Fabio Coentrao, procedente del Benfica, y el presidente del Real Madrid, Florentino P\u00e9rez, posan tras la firma del defensa portugu\u00e9s como nuevo jugador del equipo madrile\u00f1o. Foto: Helios de la Rubia \/ Realmadrid.com \/ EFE<\/p><\/div>\n<p><em>Efe. Madrid.- <\/em>El lateral portugu\u00e9s Fabio Coentrao, que este martes se convirti\u00f3 en nuevo jugador del\u00a0Real\u00a0Madrid, permaneci\u00f3 unas cuatro horas en el estadio Santiago Bernab\u00e9u, tiempo durante el cual se ultimaron los detalles para la firma de un contrato que le vincula con el club madrile\u00f1o las pr\u00f3ximas seis temporadas.<\/p>\n<p>Coentrao, de 23 a\u00f1os, se encontraba desde el lunes en\u00a0Madrid\u00a0a la espera de que Benfica y\u00a0Real\u00a0Madrid\u00a0alcanzaran un acuerdo para cerrar el traspaso. Este finalmente se cerr\u00f3 en 30 millones de euros, seg\u00fan los datos que el club lisboeta (cotiza en bolsa) facilit\u00f3 a la Comisi\u00f3n Nacional de Valores Mobiliarios de Portugal.<\/p>\n<p>La cifra de 30 millones de euros es la que figura en la cl\u00e1usula de rescisi\u00f3n del contrato que manten\u00eda Coentrao con el Benfica, si bien no se ha ejecutado y ambos clubes han llegado a un acuerdo.<\/p>\n<p>Durante las negociaciones entre el\u00a0Real\u00a0Madrid\u00a0y el Benfica se habl\u00f3 de la posibilidad de que un jugador de la actual plantilla madridista recalase en el club lisboeta. El que m\u00e1s cerca estar\u00eda es el defensa argentino Ezequiel Garay, que actualmente se encuentra en la Copa Am\u00e9rica.<\/p>\n<p>La operaci\u00f3n de Garay se est\u00e1 tratando entre los clubes al margen del traspaso de Coentrao.<\/p>\n<p>El jugador portugu\u00e9s, una vez alcanzado el acuerdo entre los clubes, y como paso previo a la firma de su contrato, hab\u00eda acudido sobre las 12.00 horas locales (10.00 GMT) a la cl\u00ednica de La Zarzuela (afueras de\u00a0Madrid) para ser sometido al pertinente reconocimiento m\u00e9dico.<\/p>\n<p>Las pruebas m\u00e9dicas han consistido en los habituales an\u00e1lisis de sangre y orina, electrocardiograma, ecocardiograma, resonancia magn\u00e9tica, estudio radiol\u00f3gico y biomec\u00e1nico, exploraci\u00f3n cl\u00ednica en el aparato locomotor y exploraci\u00f3n cardiorrespiratoria.<\/p>\n<p>Al t\u00e9rmino de las mismas, el jefe de los servicios m\u00e9dicos del\u00a0Real\u00a0Madrid, Carlos D\u00edez, dijo que el jugador portugu\u00e9s estaba en &#8220;\u00f3ptimas condiciones&#8221; para incorporarse a la disciplina del equipo.<\/p>\n<p>&#8220;La exploraci\u00f3n que hemos realizado desde el punto de vista m\u00e9dico ha sido muy buena, tanto la f\u00edsica como los estudios complementarios, por lo que consideramos que el jugador est\u00e1 a disposici\u00f3n del cuerpo t\u00e9cnico para que pueda entrar en los planes del entrenador y la pr\u00e1ctica del deporte&#8221;, explic\u00f3 el doctor D\u00edez en la p\u00e1gina de internet del\u00a0Real\u00a0Madrid.<\/p>\n<p>Tras abandonar la cl\u00ednica, Coentrao acudi\u00f3 al estadio Santiago Bernab\u00e9u (sobre las 14.00 horas locales -12.00 GMT-) para ultimar los detalles de su contrato con el\u00a0Real\u00a0Madrid\u00a0y, despu\u00e9s, estampar su firma en el mismo.<\/p>\n<p>El presidente del\u00a0Real\u00a0Madrid, Florentino P\u00e9rez, que lleg\u00f3 al estadio pocos minutos despu\u00e9s de que lo hiciera Coentrao, recibi\u00f3 a Coentrao en la Sala de Juntas y ambos pusieron su respectiva firma en el contrato que unir\u00e1 a las partes durante las pr\u00f3ximas seis temporadas.<\/p>\n<p>Coentrao recibi\u00f3 de Florentino P\u00e9rez una pluma estilogr\u00e1fica (con la que firm\u00f3 el contrato) y la r\u00e9plica en miniatura del estadio Santiago Bernab\u00e9u, regalos habituales que el\u00a0Real\u00a0Madrid\u00a0entrega a los reci\u00e9n fichados.<\/p>\n<p>Ambos posaron delante de la vitrina que exhibe las nueve Copas de Europa y el trofeo del Mejor Equipo del Siglo XX que le concedi\u00f3 la FIFA al\u00a0RealMadrid.<\/p>\n<p>Adem\u00e1s, el ex jugador del Benfica recibi\u00f3 una camiseta del\u00a0Real\u00a0Madrid\u00a0con su nombre al dorso, pero sin n\u00famero alguno.<\/p>\n<p>Tras el acto, el m\u00e1ximo dirigente del\u00a0Real\u00a0Madrid\u00a0abandon\u00f3 el lugar, permaneciendo a\u00fan Coentrao en la instalaci\u00f3n. El jugador sali\u00f3 del estadio sobre las 17.50 horas locales (15.50 GMT) abordo de un veh\u00edculo negro y sin pararse ante las decenas de representantes de los medios informativos que se encontraban congregados a las puertas.<\/p>\n<p>Fabio Coentrao es el quinto fichaje del equipo blanco para la temporada 2011-12, tras las incorporaciones de los centrocampistas turcos Nuri Sahin (Borussia Dortmund) y Hamit Altintop (Bayern de M\u00fanich), el delantero espa\u00f1ol Jos\u00e9 Callej\u00f3n (RCD Espanyol) y el defensa franc\u00e9s Raphael Varane (Lens).<\/p>\n<p>El jugador portugu\u00e9s est\u00e1 previsto inicialmente que ya se integre a la disciplina de su nuevo equipo este pr\u00f3ximo lunes (11 de julio), fecha en la que tiene previsto la incorporaci\u00f3n de los jugadores (a excepci\u00f3n de los que disputan la Copa Am\u00e9rica), y el viaje a Estados Unidos (Los \u00c1ngeles) para iniciar la preparaci\u00f3n ante la temporada 2011-12.<\/p>\n","protected":false},"excerpt":{"rendered":"<p>El lateral portugu\u00e9s Fabio Coentrao, que este martes se convirti\u00f3 en nuevo jugador del Real Madrid, ultim\u00f3 los detalles para la firma de un contrato que le vincula con el club espa\u00f1ol para las pr\u00f3ximas seis temporadas.<\/p>\n","protected":false},"author":1,"featured_media":3892,"comment_status":"closed","ping_status":"open","sticky":false,"template":"","format":"standard","meta":{"footnotes":""},"categories":[28],"tags":[6579,573,179,760],"class_list":["post-3891","post","type-post","status-publish","format-standard","has-post-thumbnail","hentry","category-deportes","tag-coentrao","tag-fichajes","tag-futbol-2","tag-real-madrid"],"_links":{"self":[{"href":"https:\/\/diarioelpopular.com\/index.php\/wp-json\/wp\/v2\/posts\/3891","targetHints":{"allow":["GET"]}}],"collection":[{"href":"https:\/\/diarioelpopular.com\/index.php\/wp-json\/wp\/v2\/posts"}],"about":[{"href":"https:\/\/diarioelpopular.com\/index.php\/wp-json\/wp\/v2\/types\/post"}],"author":[{"embeddable":true,"href":"https:\/\/diarioelpopular.com\/index.php\/wp-json\/wp\/v2\/users\/1"}],"replies":[{"embeddable":true,"href":"https:\/\/diarioelpopular.com\/index.php\/wp-json\/wp\/v2\/comments?post=3891"}],"version-history":[{"count":0,"href":"https:\/\/diarioelpopular.com\/index.php\/wp-json\/wp\/v2\/posts\/3891\/revisions"}],"wp:featuredmedia":[{"embeddable":true,"href":"https:\/\/diarioelpopular.com\/index.php\/wp-json\/"}],"wp:attachment":[{"href":"https:\/\/diarioelpopular.com\/index.php\/wp-json\/wp\/v2\/media?parent=3891"}],"wp:term":[{"taxonomy":"category","embeddable":true,"href":"https:\/\/diarioelpopular.com\/index.php\/wp-json\/wp\/v2\/categories?post=3891"},{"taxonomy":"post_tag","embeddable":true,"href":"https:\/\/diarioelpopular.com\/index.php\/wp-json\/wp\/v2\/tags?post=3891"}],"curies":[{"name":"wp","href":"https:\/\/api.w.org\/{rel}","templated":true}]}}