{"id":389525,"date":"2012-05-24T23:50:19","date_gmt":"2012-05-25T03:50:19","guid":{"rendered":"http:\/\/diarioelpopular.com\/?p=389525"},"modified":"2012-05-24T23:50:19","modified_gmt":"2012-05-25T03:50:19","slug":"los-famosos-en-la-gala-para-ayudar-a-los-ninos","status":"publish","type":"post","link":"https:\/\/diarioelpopular.com\/index.php\/2012\/05\/24\/los-famosos-en-la-gala-para-ayudar-a-los-ninos\/","title":{"rendered":"Los famosos en la gala para ayudar a los ni\u00f1os"},"content":{"rendered":"<p align=\"center\"><strong>Hospital St. Jude<\/strong><\/p>\n<p align=\"center\"><strong>Los famosos en la gala para ayudar a los ni\u00f1os<\/strong><\/p>\n<div id=\"attachment_389527\" style=\"width: 710px\" class=\"wp-caption aligncenter\"><a href=\"https:\/\/diarioelpopular.com\/wp-content\/uploads\/2012\/05\/web.152.jpg\"><img loading=\"lazy\" decoding=\"async\" aria-describedby=\"caption-attachment-389527\" class=\"size-full wp-image-389527\" title=\"web.15\" src=\"https:\/\/diarioelpopular.com\/wp-content\/uploads\/2012\/05\/web.152.jpg\" alt=\"\" width=\"700\" height=\"420\" \/><\/a><p id=\"caption-attachment-389527\" class=\"wp-caption-text\">Juan Luis Guerra \u2013 Juanes \u2013 Karen - David Bisbal<\/p><\/div>\n<p>La d\u00e9cima gala anual del hospital St. Jude, se llevo a cabo este s\u00e1bado en el hotel JW Marriott Marquis de Miami, en donde muchos artistas y personalidades se sensibilizaron e hicieron presencia para ayudar a la noble causa.<\/p>\n<p><strong>Daisy Fuentes<\/strong>.<\/p>\n<p>\u201cEs el Decimo Aniversario de la gala con lo mejor de nuestra comunidad, muy lindos artistas y cada a\u00f1o contamos con mas apoyo pero desafortunadamente necesitamos mas de este apoyo del p\u00fablico ya que hay muchas familias hispanas que necesitan de todos nosotros y haciendo un poco de esfuerzo podemos ser esos \u00e1ngeles de esperanza que ayudan a los ni\u00f1os que tienen c\u00e1ncer\u201d.<\/p>\n<p><strong>Juan Luis Guerra.<\/strong><\/p>\n<p><a href=\"https:\/\/diarioelpopular.com\/wp-content\/uploads\/2012\/05\/web.29-juan-luis.jpg\"><img loading=\"lazy\" decoding=\"async\" class=\"aligncenter size-full wp-image-389528\" title=\"web.29-juan-l;uis\" src=\"https:\/\/diarioelpopular.com\/wp-content\/uploads\/2012\/05\/web.29-juan-luis.jpg\" alt=\"\" width=\"700\" height=\"420\" \/><\/a>El cantautor dominicano, quien fue homenajeado durante la gala recibiendo una placa conmemorativa de manos de Juanes y de la modelo y presentadora Daisy Fuentes, nos dijo:<\/p>\n<p>\u201cMuchas gracias. Yo estoy feliz por este homenaje pero sobre todo me siento contento de poder ayudar al Hospital St. Jude\u201d.<\/p>\n<p>Y sobre el haber trabajado con Juanes coment\u00f3:<\/p>\n<p>\u201cEstamos muy contentos con el disco, es una maravilla. Juanes ahora esta tocando y cantando mejor que nunca. Lo mas importante que le he dicho a \u00e9l es que todas las cosas que vienen con paciencia se logran y que espere que lo mejor est\u00e1 por venir\u201d.<\/p>\n<p><strong>David Bisbal.<\/strong><\/p>\n<p><a href=\"https:\/\/diarioelpopular.com\/wp-content\/uploads\/2012\/05\/web.bisbal.jpg\"><img loading=\"lazy\" decoding=\"async\" class=\"aligncenter size-full wp-image-389529\" title=\"web.bisbal\" src=\"https:\/\/diarioelpopular.com\/wp-content\/uploads\/2012\/05\/web.bisbal.jpg\" alt=\"\" width=\"700\" height=\"420\" \/><\/a>\u201cEstamos muy contentos con todos los artistas. Juanes y Juan Luis especialmente han sido muy generosos con la parte altruista y nos han ense\u00f1ado a los artistas j\u00f3venes a seguir concientizando a la gente y a sus seguidores. Me parece fabuloso que conciencien a otros artistas y empujen a sus seguidores para que traten de ayudar\u201d.<\/p>\n<p><strong>Juanes.<\/strong><\/p>\n<p><a href=\"https:\/\/diarioelpopular.com\/wp-content\/uploads\/2012\/05\/web.033.jpg\"><img loading=\"lazy\" decoding=\"async\" class=\"aligncenter size-full wp-image-389530\" title=\"web.033\" src=\"https:\/\/diarioelpopular.com\/wp-content\/uploads\/2012\/05\/web.033.jpg\" alt=\"\" width=\"700\" height=\"420\" \/><\/a>\u00a0\u201cEl honor ha sido para Karen y para mi de que nos hayan extendido la invitaci\u00f3n, somos muy respetuosos y admiramos muy bien el trabajo del St. Jude. Tenemos tres hijos y uno entiende como es esa situaci\u00f3n, es admirable todo lo que hacen, adem\u00e1s, es el homenaje a Juan Luis Guerra\u00a0 que realmente se lo merece porque es una persona demasiado sensible, siempre preocupado por el pr\u00f3jimo y la verdad es que los dos nos entendemos en muchas cosas y esta es una de ellas\u201d.<\/p>\n<p><strong>Karen Mart\u00ednez.<\/strong><\/p>\n<p><a href=\"https:\/\/diarioelpopular.com\/wp-content\/uploads\/2012\/05\/web.04.jpg\"><img loading=\"lazy\" decoding=\"async\" class=\"aligncenter size-full wp-image-389531\" title=\"web.04\" src=\"https:\/\/diarioelpopular.com\/wp-content\/uploads\/2012\/05\/web.04.jpg\" alt=\"\" width=\"700\" height=\"420\" \/><\/a>\u201cLa verdad es que para mi y para Juan, tambi\u00e9n como familia, el tema de estar aqu\u00ed, de apoyar, de que somos padres y de que exista un hospital como este que mucha gente no lo sabe ni conoce, fue una linda sorpresa que nos hayan invitado, asi como a todos los que estamos presentes esta noche y poder contarles a todos lo que ellos han estado haciendo por 50 a\u00f1os. Es una labor muy linda y ellos necesitan de este apoyo ya que no s\u00f3lo lo hacen a nivel m\u00e9dico sino econ\u00f3mico, porque hay muchas familias que no tienen forma de pagar estos tratamientos\u201d.<\/p>\n<p><strong>Cristi\u00e1n De La Fuente.<\/strong><\/p>\n<p>\u201cPrimero, feliz de honrar a un ser humano como Juan Luis no solo porque es un talento musical sino por todo su trabajo, y segundo, por poder aportar con un granito de arena algo para los ni\u00f1os que son el futuro y no hay nada mas doloroso que ver a un ni\u00f1o en un hospital, sin las armas, sin la energ\u00eda, y sin los medios para luchar y poder sobrevivir a una enfermedad tan terrible como el c\u00e1ncer\u201d.<\/p>\n<p><strong>Fotos Frank:<\/strong><\/p>\n","protected":false},"excerpt":{"rendered":"<p>La d\u00e9cima gala anual del hospital St. Jude, se llevo a cabo este s\u00e1bado en el hotel JW Marriott Marquis de Miami, en donde muchos artistas y personalidades se sensibilizaron e hicieron presencia para ayudar a la noble causa.<\/p>\n","protected":false},"author":1,"featured_media":389527,"comment_status":"open","ping_status":"open","sticky":false,"template":"","format":"standard","meta":{"footnotes":""},"categories":[80,81],"tags":[],"class_list":["post-389525","post","type-post","status-publish","format-standard","has-post-thumbnail","hentry","category-cine-2","category-columnistas"],"_links":{"self":[{"href":"https:\/\/diarioelpopular.com\/index.php\/wp-json\/wp\/v2\/posts\/389525","targetHints":{"allow":["GET"]}}],"collection":[{"href":"https:\/\/diarioelpopular.com\/index.php\/wp-json\/wp\/v2\/posts"}],"about":[{"href":"https:\/\/diarioelpopular.com\/index.php\/wp-json\/wp\/v2\/types\/post"}],"author":[{"embeddable":true,"href":"https:\/\/diarioelpopular.com\/index.php\/wp-json\/wp\/v2\/users\/1"}],"replies":[{"embeddable":true,"href":"https:\/\/diarioelpopular.com\/index.php\/wp-json\/wp\/v2\/comments?post=389525"}],"version-history":[{"count":0,"href":"https:\/\/diarioelpopular.com\/index.php\/wp-json\/wp\/v2\/posts\/389525\/revisions"}],"wp:featuredmedia":[{"embeddable":true,"href":"https:\/\/diarioelpopular.com\/index.php\/wp-json\/"}],"wp:attachment":[{"href":"https:\/\/diarioelpopular.com\/index.php\/wp-json\/wp\/v2\/media?parent=389525"}],"wp:term":[{"taxonomy":"category","embeddable":true,"href":"https:\/\/diarioelpopular.com\/index.php\/wp-json\/wp\/v2\/categories?post=389525"},{"taxonomy":"post_tag","embeddable":true,"href":"https:\/\/diarioelpopular.com\/index.php\/wp-json\/wp\/v2\/tags?post=389525"}],"curies":[{"name":"wp","href":"https:\/\/api.w.org\/{rel}","templated":true}]}}