{"id":389556,"date":"2012-05-24T23:46:31","date_gmt":"2012-05-25T03:46:31","guid":{"rendered":"http:\/\/diarioelpopular.com\/?p=389556"},"modified":"2012-05-24T23:46:31","modified_gmt":"2012-05-25T03:46:31","slug":"cannes-abuchea-post-tenebras-lux-de-reygadas-que-se-siente-halagado","status":"publish","type":"post","link":"https:\/\/diarioelpopular.com\/index.php\/2012\/05\/24\/cannes-abuchea-post-tenebras-lux-de-reygadas-que-se-siente-halagado\/","title":{"rendered":"Cannes abuchea &#8220;Post tenebras lux&#8221;, de Reygadas, que se siente &#8220;halagado&#8221;"},"content":{"rendered":"<div id=\"attachment_389557\" style=\"width: 710px\" class=\"wp-caption aligncenter\"><a href=\"https:\/\/diarioelpopular.com\/wp-content\/uploads\/2012\/05\/web.cannes1.jpg\"><img loading=\"lazy\" decoding=\"async\" aria-describedby=\"caption-attachment-389557\" class=\"size-full wp-image-389557\" title=\"web.cannes\" src=\"https:\/\/diarioelpopular.com\/wp-content\/uploads\/2012\/05\/web.cannes1.jpg\" alt=\"\" width=\"700\" height=\"420\" \/><\/a><p id=\"caption-attachment-389557\" class=\"wp-caption-text\">CANNES (FRANCIA).- El actor mexicano Adolfo Jimenez Castro (2\u00baizda) posa junto a la actriz Nathalia Acevedo (2\u00badcha), el director mexicano Carlos Reygadas (dcha) y el productor mexicano Jaime Romandia (izda) durante la presentaci\u00f3n de su pel\u00edcula &quot;Post Tenebras Lux&quot; en el Festival de Cannes en Francia este jueves 24. La pel\u00edcula compite en la 65 edici\u00f3n del Festival de Cine de Cannes que se celebra hasta este 27 de mayo.<\/p><\/div>\n<p>Alicia Garc\u00eda de Francisco.<\/p>\n<p><strong><em>Cannes (Francia).-<\/em><\/strong> El mexicano Carlos Reygadas present\u00f3 este jueves en la competici\u00f3n oficial de Cannes &#8220;Post tenebras lux&#8221;, una pel\u00edcula que fue recibida con abucheos, algo que no s\u00f3lo no preocupa al realizador sino que en cierto modo le hace sentir &#8220;halagado&#8221;.<\/p>\n<p>&#8220;Me halaga que a mucha parte de la prensa no le guste. No es mi objetivo gustarle al mayor n\u00famero de gente posible&#8221;, afirm\u00f3 en rueda de prensa Reygadas, que consider\u00f3 que el que haya algunas personas que puedan emocionarse con la pel\u00edcula ya es suficiente para \u00e9l.<\/p>\n<p>No es que el director no quiera llegar al p\u00fablico -&#8220;es un placer compartirla con el mayor n\u00famero de gente posible&#8221;- si no que es consciente de que su cine no es f\u00e1cil. Y tampoco pretende que se entienda.<\/p>\n<p>A la petici\u00f3n de una periodista de que contara el argumento porque al salir de la proyecci\u00f3n no sab\u00eda qu\u00e9 es lo que hab\u00eda visto, el realizador de &#8220;Luz silenciosa&#8221; -por la que gan\u00f3 el Premio del Jurado de Cannes de 2007- afirm\u00f3 que es la impresi\u00f3n que cada uno saque lo que vale.<\/p>\n<p>Si se pudiera contar, entonces no habr\u00eda conseguido hacer la pel\u00edcula que buscaba, explic\u00f3 el director, que consider\u00f3 que &#8220;si algo se desarrolla no existe&#8221;.<\/p>\n<p>Una familia en el campo, la relaci\u00f3n de los dos hijos entre ellos a diversas edades, la vida sexual del matrimonio, el entorno de pobreza que rodea a las clases sociales m\u00e1s altas.<br \/>\nSon algunos de los elementos de una pel\u00edcula bella en su factura, que utiliza lentes que deforman los bordes de la imagen, que rueda con mucho respeto la exuberante naturaleza y en la que los animales tienen un gran protagonismo.<\/p>\n<p>Un filme en el que, como en todos sus trabajos anteriores, Reygadas ha tratado de ser libre: &#8220;Cuando hago una pel\u00edcula trato de compartir lo mejor que puedo parte de lo que me gusta, de lo que vivo, de lo que pienso, de lo que imagino. Afortunadamente no encuentro m\u00e1s l\u00edmites que los m\u00edos propios&#8221;.<\/p>\n<p>En cualquier caso, y pese a la controversia que suelen suscitar sus pel\u00edculas, Reygadas asegur\u00f3 que trata de &#8220;hacer cine normal y nada rompedor&#8221;. &#8220;Pero nunca lo logro, aparentemente&#8221;, agreg\u00f3.<\/p>\n<p>Una pel\u00edcula que tambi\u00e9n tiene que ver con la situaci\u00f3n actual del mundo y de M\u00e9xico en particular, especialmente con una imagen en la que a un hombre que se quita la cabeza.<br \/>\n&#8220;Pens\u00e9 que podr\u00eda ser como una imagen que los mexicanos pueden tenerla en sue\u00f1os. El pa\u00eds est\u00e1 sufriendo, tenemos el r\u00e9cord del mundo en descabezados&#8221;.<\/p>\n<p>Im\u00e1genes impactantes de una pel\u00edcula que al director le sali\u00f3 de forma inconsciente. &#8220;La film\u00e9 como la sent\u00ed. Encuadr\u00e9 sintiendo los objetos que ten\u00eda delante&#8221;, a\u00f1adi\u00f3.<\/p>\n<p>Y hasta utiliz\u00f3 la casa de su infancia y a sus propios hijos como personajes de la pel\u00edcula, que no actuaron sino que se comportaron como en su vida normal.<\/p>\n<p>Porque pese a lo que pueda parecer, Reygadas intenta hacer &#8220;pel\u00edculas muy realistas&#8221;, pero en las que se necesita la complicidad del p\u00fablico, por el que tiene mucho respeto y a quien considera &#8220;adulto e inteligente&#8221; para poder meterse en el universo de sus cintas.<br \/>\n&#8220;Post tenebras lux&#8221; no es un filme postmoderno. &#8220;Hay una l\u00f3gica que viene del instinto.Sent\u00ed la necesidad de transformar lo que ve\u00eda con mis propios ojos&#8221;, explic\u00f3 el realizador, que asegur\u00f3 ser muy nost\u00e1lgico de muchas cosas del pasado que ya han desaparecido y que permit\u00edan observar la realidad de una manera muy diferente.<\/p>\n<p>Algo que queda patente en una fotograf\u00eda que aparece en el filme que corresponde a una victoria de Severiano Ballesteros en 1977.<\/p>\n<p>El jugador espa\u00f1ol aparece levantando el brazo y con gesto de victoria rodeado de seguidores, que son retenidos por un grupo de polic\u00edas.<\/p>\n<p>Una imagen con la que Reygadas ha querido homenajear al golfista espa\u00f1ol -&#8220;era un gran hombre&#8221;- pero tambi\u00e9n recordar un tiempo en el que el deporte no estaba dominado por las marcas y la publicidad.<\/p>\n<p>&#8220;Una \u00e9poca que ya termin\u00f3. Hoy en d\u00eda no se puede ir a ninguna parte sin ver marcas. Soy nost\u00e1lgico y me gusta ese tiempo que ya termin\u00f3&#8221;, concluy\u00f3 el cineasta.<\/p>\n","protected":false},"excerpt":{"rendered":"<p>El mexicano Carlos Reygadas present\u00f3 este jueves en la competici\u00f3n oficial de Cannes &#8220;Post tenebras lux&#8221;, una pel\u00edcula que fue recibida con abucheos, algo que no s\u00f3lo no preocupa al realizador sino que en cierto modo le hace sentir &#8220;halagado&#8221;.<\/p>\n","protected":false},"author":1,"featured_media":389557,"comment_status":"open","ping_status":"open","sticky":false,"template":"","format":"standard","meta":{"footnotes":""},"categories":[80,23,24],"tags":[3030,2202,3419],"class_list":["post-389556","post","type-post","status-publish","format-standard","has-post-thumbnail","hentry","category-cine-2","category-latinoamerica","category-mundo","tag-cannes","tag-cine-3","tag-reygadas"],"_links":{"self":[{"href":"https:\/\/diarioelpopular.com\/index.php\/wp-json\/wp\/v2\/posts\/389556","targetHints":{"allow":["GET"]}}],"collection":[{"href":"https:\/\/diarioelpopular.com\/index.php\/wp-json\/wp\/v2\/posts"}],"about":[{"href":"https:\/\/diarioelpopular.com\/index.php\/wp-json\/wp\/v2\/types\/post"}],"author":[{"embeddable":true,"href":"https:\/\/diarioelpopular.com\/index.php\/wp-json\/wp\/v2\/users\/1"}],"replies":[{"embeddable":true,"href":"https:\/\/diarioelpopular.com\/index.php\/wp-json\/wp\/v2\/comments?post=389556"}],"version-history":[{"count":0,"href":"https:\/\/diarioelpopular.com\/index.php\/wp-json\/wp\/v2\/posts\/389556\/revisions"}],"wp:featuredmedia":[{"embeddable":true,"href":"https:\/\/diarioelpopular.com\/index.php\/wp-json\/"}],"wp:attachment":[{"href":"https:\/\/diarioelpopular.com\/index.php\/wp-json\/wp\/v2\/media?parent=389556"}],"wp:term":[{"taxonomy":"category","embeddable":true,"href":"https:\/\/diarioelpopular.com\/index.php\/wp-json\/wp\/v2\/categories?post=389556"},{"taxonomy":"post_tag","embeddable":true,"href":"https:\/\/diarioelpopular.com\/index.php\/wp-json\/wp\/v2\/tags?post=389556"}],"curies":[{"name":"wp","href":"https:\/\/api.w.org\/{rel}","templated":true}]}}