{"id":389559,"date":"2012-05-24T23:47:08","date_gmt":"2012-05-25T03:47:08","guid":{"rendered":"http:\/\/diarioelpopular.com\/?p=389559"},"modified":"2012-05-24T23:47:08","modified_gmt":"2012-05-25T03:47:08","slug":"el-mexicano-sergio-perez-y-el-venezolano-pastor-maldonado-se-lucen-en-monaco","status":"publish","type":"post","link":"https:\/\/diarioelpopular.com\/index.php\/2012\/05\/24\/el-mexicano-sergio-perez-y-el-venezolano-pastor-maldonado-se-lucen-en-monaco\/","title":{"rendered":"El mexicano Sergio P\u00e9rez y el venezolano Pastor Maldonado se lucen en M\u00f3naco"},"content":{"rendered":"<div id=\"attachment_389562\" style=\"width: 710px\" class=\"wp-caption aligncenter\"><a href=\"https:\/\/diarioelpopular.com\/wp-content\/uploads\/2012\/05\/web.f.11.jpg\"><img loading=\"lazy\" decoding=\"async\" aria-describedby=\"caption-attachment-389562\" class=\"size-full wp-image-389562\" title=\"web.f.1\" src=\"https:\/\/diarioelpopular.com\/wp-content\/uploads\/2012\/05\/web.f.11.jpg\" alt=\"\" width=\"700\" height=\"420\" \/><\/a><p id=\"caption-attachment-389562\" class=\"wp-caption-text\">MONTECARLO (M\u00d3NACO).- El piloto mexicano Sergio P\u00e9rez, de la escuder\u00eda Sauber, conduce su monoplaza durante la segunda jornada de entrenamientos libres del Gran Premio de M\u00f3naco, que se disputa este fin de semana en el circuito urbano de Montecarlo este jueves 24 de mayo.<\/p><\/div>\n<p>C\u00e9sar Toldr\u00e1<\/p>\n<p><strong><em>Montecarlo.-<\/em><\/strong> El mexicano Sergio P\u00e9rez (Sauber) y el venezolano Pastor Maldonado (Williams) han brillado en la primera jornada de entrenamientos libres del Gran Premio de M\u00f3naco con un destacado rendimiento sobre la pista urbana del Principado que les ha llevado a ocupar puestos de la parte alta de la tabla de tiempos.<\/p>\n<p>Ambos pilotos han dado lo mejor de s\u00ed en Montecarlo para mostrar su talento en la pista en la que m\u00e1s prima el piloto de todo el Mundial, en la que m\u00e1s se arriesga y en la que un m\u00ednimo fallo se paga caro, al llevar el coche al l\u00edmite y pasar rozando el muro para sacar el m\u00e1ximo rendimiento del coche.<\/p>\n<p>Sergio P\u00e9rez llegaba con el claro objetivo de borrar de su mente el violento accidente que sufri\u00f3 el pasado a\u00f1o en la clasificaci\u00f3n del s\u00e1bado y que le impidi\u00f3 participar en la carrera del domingo as\u00ed como en la siguiente, en Canad\u00e1, tras resentirse del golpe.<\/p>\n<p>As\u00ed, &#8216;Checo&#8217; P\u00e9rez se ha hecho con el tercer mejor registro matinal, s\u00f3lo superado por el Ferrari del espa\u00f1ol Fernando Alonso y el Lotus del franc\u00e9s Romain Grosjean y ha demostrado que el accidente del a\u00f1o pasado no ha dejado efectos psicol\u00f3gicos ni ha cambiad su mentalidad competitiva.<\/p>\n<p>Por la tarde, P\u00e9rez, al igual que el resto de pilotos, ha visto condicionado su trabajo por una ligera lluvia que ha impedido completar los planes de pruebas y cuando el agua ha aparecido ha sorprendido al mexicano en una decimoquinta plaza que ya no ha mejorado.<\/p>\n<p>M\u00e1s regular en el c\u00f3mputo global se ha mostrado Maldonado, con dos quintos puestos que ratifican, por una parte, su brillante victoria en Espa\u00f1a hace dos semanas y por otra su buen rendimiento cuando se encuentra sobre el trazado de M\u00f3naco.<\/p>\n<p>Si en su debut en esta pista en F\u00f3rmula Uno el a\u00f1o pasado finaliz\u00f3 por un golpe del brit\u00e1nico Jenson Button (McLaren) cuando estaba completando una buena carrera, en su curr\u00edculum figuran los triunfos conseguidos por el piloto de Maracay tanto en la GP2 como en la F\u00f3rmula Renault 3.5 en la pista monegasca.<\/p>\n<p>Maldonado ha logrado los tiempos en las dos sesiones con facilidad y ha demostrado que es su escenario ideal y ambas tandas ha mostrado un rendimiento muy superior a su compa\u00f1ero de equipo, el brasile\u00f1o Bruno Senna, que ha quedado a casi dos segundos de \u00e9l por la ma\u00f1ana y a algo menos de un segundo por la tarde.<\/p>\n<p>El m\u00e1s r\u00e1pido del d\u00eda ha sido el brit\u00e1nico Jenson Button (McLaren), \u00fanico al que le ha dado tempo de probar el compuesto superblando, el m\u00e1s r\u00e1pido para esta carrera, antes de que haya aparecido la lluvia, mientras que Alonso ha sido el m\u00e1s veloz en la matinal, cuando ha ratificado la mejor\u00eda de Ferrari.<\/p>\n<p>Especialmente r\u00e1pido ha sido el franc\u00e9s Romain Grosjean (Lotus), tras lograr el segundo puesto en la tabla de tiempos de las dos sesiones y el mejor tiempo de toda la jornada con los neum\u00e1ticos m\u00e1s duros para esta carrera (1:16.138) gracias a un trabajo muy consistente.<\/p>\n<p>La jornada ha estado marcada al final por la ligera lluvia que ha dado al traste con buena parte de los planes de trabajo de las escuder\u00edas y que les ha impedido comprobar a todos los equipos el comportamiento del monoplaza con el compuesto m\u00e1s blando.<\/p>\n<p>Con los neum\u00e1ticos intermedios por el piso mojado, la curva de Mirabeau ha sido un martirio para los pilotos, ya que muchos de ellos han perdido el control del coche all\u00ed, como han sido los casos de Bruno Senna (Williams), Maldonado, Sergio P\u00e9rez, Felipe Massa (Ferrari) o Heikki Kovalainen (Carteham), entre otros, aunque sin consecuencias de consideraci\u00f3n.<\/p>\n<p>La jornada deja muchas dudas con respecto al rendimiento del resto de favoritos al podio, ya que salvo el brit\u00e1nico Lewis Hamilton (McLaren), cuarto por la ma\u00f1ana, el resto ha tenido un d\u00eda poco clarificador.<\/p>\n<p>As\u00ed, el actual campe\u00f3n del Mundo, el alem\u00e1n Sebastian Vettel (Red Bull) ha sido noveno por la ma\u00f1ana y d\u00e9cimo por la tarde, mientras que su compa\u00f1ero, el australiano Mark Webber, ha sido decimotercero y s\u00e9ptimo, una situaci\u00f3n similar a la que han vivido los Mercedes de Nico Rosberg y Michael Schumacher, aunque todo ello condicionado por la lluvia que s\u00f3lo ha dejado hacer las pruebas previstas durante algo m\u00e1s de 20 minutos de la segunda sesi\u00f3n.<\/p>\n","protected":false},"excerpt":{"rendered":"<p>El mexicano Sergio P\u00e9rez (Sauber) y el venezolano Pastor Maldonado (Williams) han brillado en la primera jornada de entrenamientos libres del Gran Premio de M\u00f3naco con un destacado rendimiento sobre la pista urbana del Principado que les ha llevado a ocupar puestos de la parte alta de la tabla de tiempos.<\/p>\n","protected":false},"author":1,"featured_media":389562,"comment_status":"open","ping_status":"open","sticky":false,"template":"","format":"standard","meta":{"footnotes":""},"categories":[28],"tags":[2557,3420,3421,2558],"class_list":["post-389559","post","type-post","status-publish","format-standard","has-post-thumbnail","hentry","category-deportes","tag-formula","tag-gp","tag-monaco","tag-uno"],"_links":{"self":[{"href":"https:\/\/diarioelpopular.com\/index.php\/wp-json\/wp\/v2\/posts\/389559","targetHints":{"allow":["GET"]}}],"collection":[{"href":"https:\/\/diarioelpopular.com\/index.php\/wp-json\/wp\/v2\/posts"}],"about":[{"href":"https:\/\/diarioelpopular.com\/index.php\/wp-json\/wp\/v2\/types\/post"}],"author":[{"embeddable":true,"href":"https:\/\/diarioelpopular.com\/index.php\/wp-json\/wp\/v2\/users\/1"}],"replies":[{"embeddable":true,"href":"https:\/\/diarioelpopular.com\/index.php\/wp-json\/wp\/v2\/comments?post=389559"}],"version-history":[{"count":0,"href":"https:\/\/diarioelpopular.com\/index.php\/wp-json\/wp\/v2\/posts\/389559\/revisions"}],"wp:featuredmedia":[{"embeddable":true,"href":"https:\/\/diarioelpopular.com\/index.php\/wp-json\/"}],"wp:attachment":[{"href":"https:\/\/diarioelpopular.com\/index.php\/wp-json\/wp\/v2\/media?parent=389559"}],"wp:term":[{"taxonomy":"category","embeddable":true,"href":"https:\/\/diarioelpopular.com\/index.php\/wp-json\/wp\/v2\/categories?post=389559"},{"taxonomy":"post_tag","embeddable":true,"href":"https:\/\/diarioelpopular.com\/index.php\/wp-json\/wp\/v2\/tags?post=389559"}],"curies":[{"name":"wp","href":"https:\/\/api.w.org\/{rel}","templated":true}]}}