{"id":389564,"date":"2012-05-24T23:45:50","date_gmt":"2012-05-25T03:45:50","guid":{"rendered":"http:\/\/diarioelpopular.com\/?p=389564"},"modified":"2012-05-24T23:45:50","modified_gmt":"2012-05-25T03:45:50","slug":"los-dos-reyes-de-copas-buscan-el-titulo-que-recompense-la-temporada","status":"publish","type":"post","link":"https:\/\/diarioelpopular.com\/index.php\/2012\/05\/24\/los-dos-reyes-de-copas-buscan-el-titulo-que-recompense-la-temporada\/","title":{"rendered":"Los dos reyes de copas buscan el t\u00edtulo que recompense la temporada"},"content":{"rendered":"<div id=\"attachment_389565\" style=\"width: 710px\" class=\"wp-caption aligncenter\"><a href=\"https:\/\/diarioelpopular.com\/wp-content\/uploads\/2012\/05\/web.pulpo_.jpg\"><img loading=\"lazy\" decoding=\"async\" aria-describedby=\"caption-attachment-389565\" class=\"size-full wp-image-389565\" title=\"web.pulpo\" src=\"https:\/\/diarioelpopular.com\/wp-content\/uploads\/2012\/05\/web.pulpo_.jpg\" alt=\"\" width=\"700\" height=\"420\" \/><\/a><p id=\"caption-attachment-389565\" class=\"wp-caption-text\">BENALM\u00c1DENA (M\u00c1LAGA).- El pulpo Manolo, ha dado este jueves 24 de mayo en el acuario de Benalm\u00e1dena (M\u00e1laga), como ganador al Athletic de Bilbao en la Copa del Rey frente a la nutria Maya que ha &quot;pronosticado&quot; que ser\u00e1 el Barcelona quien se alce con el trofeo este viernes.<\/p><\/div>\n<p><strong><em>Madrid.-<\/em><\/strong> El Athletic y el Barcelona, los dos reyes de copas del f\u00fatbol espa\u00f1ol con 23 y 25 t\u00edtulos, respectivamente, buscar\u00e1n este viernes en la final de esta competici\u00f3n coronar una temporada en la que han sido protagonistas pero sin suficiente recompensa hasta ahora.<\/p>\n<p>La despedida de Pep Guardiola como entrenador del Barcelona y las ansias del Athletic por terminar con una sequ\u00eda de t\u00edtulos de casi tres d\u00e9cadas, son algunos de los muchos alicientes de este choque que tendr\u00e1 como escenario el estadio Vicente Calder\u00f3n de Madrid.<\/p>\n<p>El Athletic Club de Bilbao encara la final de la Copa del Rey con la intenci\u00f3n de olvidar el duro varapalo sufrido hace un par de semanas en Bucarest, donde perdi\u00f3 la segunda final europea de su historia, y ganar su primer t\u00edtulo desde 1984.<\/p>\n<p>El equipo bilba\u00edno parece que poco a poco ha conseguido superar la tremenda decepci\u00f3n que le supuso fracasar en el segundo intento de abrillantar su exitosa historia en el f\u00fatbol espa\u00f1ol con un torneo continental que le parec\u00eda vedado por la evoluci\u00f3n del f\u00fatbol y su singular filosof\u00eda de jugar con futbolistas de la tierra.<\/p>\n<p>Esencial en ese sentido ha sido la labor sicol\u00f3gica de su entrenador, Marcelo Bielsa, quien ha convencido a sus jugadores de, entre otras cosas, hacer &#8220;de la necesidad virtud&#8221; y comportarse como &#8220;soldados&#8221; dispuestos a &#8220;darlo todo&#8221; por la causa.<\/p>\n<p>Una causa que no es otra que la de aprovechar la excelente campa\u00f1a que ha completado el Athletic para responder con un \u00e9xito que figure en los anales del club al tremendo cari\u00f1o de una afici\u00f3n que se ha desplazado en masa para animarle.<\/p>\n<p>El triunfo ante el Barcelona permitir\u00eda al Athletic acabar con una segunda decepci\u00f3n consecutiva el inolvidable primer a\u00f1o bajo la batuta del no menos singular t\u00e9cnico argentino; volver\u00eda a hacerle sentirse de nuevo el &#8216;rey de copas&#8217; que ha sido durante d\u00e9cadas y le facilitar\u00eda enormemente el arranque de la pr\u00f3xima temporada, que deber\u00eda iniciar el 2 de agosto si pierde.<\/p>\n<p>Para conseguir tal objetivo, Bielsa tiene decidido que, a pesar de lo que pas\u00f3 en la capital rumana, donde su equipo no fue capaz de competir como quer\u00eda ante el Atl\u00e9tico de Madrid, volver\u00e1 a echar mano de su indiscutible equipo de gala, el formado por Iraizoz; Iraola, Javi Mart\u00ednez, Amorebieta, Aurtenetxe; Iturraspe, De Marcos, Herrera; Susaeta, Muniain y Llorente.<\/p>\n<p>Un &#8216;once&#8217; que tuvo en Bucarest el \u00fanico borr\u00f3n de entidad en un curso en el que ha llamado la atenci\u00f3n con un f\u00fatbol de combinaciones, din\u00e1mico y atrevido. Y ha logrados hitos como llegar a dos finales o eliminar al Manchester United en la Liga Europa tras un recital en Old Trafford y gan\u00e1ndole los dos partidos.<\/p>\n<p>M\u00e1s sencillo ha sido para el Athletic el camino en la Copa del Rey, donde \u00fanicamente ha tenido que eliminar a tres rivales de Segunda B y uno de Primera a\u00fan en construcci\u00f3n, el Mallorca de Joaqu\u00edn Caparr\u00f3s.<\/p>\n<p>No obstante, para alcanzar la final tuvo que deshacerse de un &#8216;matagigantes&#8217; Mirand\u00e9s que hab\u00eda dejado en la cuneta a Villarreal, Racing y Espanyol.<\/p>\n<p>Con el espectacular 6-2 de la vuelta en San Mam\u00e9s, el conjunto vasco inici\u00f3 un periodo festivo que cort\u00f3 la final de la Europa League y pretende recuperar con la que ser\u00eda su vig\u00e9simo cuarta Copa, seg\u00fan la federaci\u00f3n, y la n\u00famero 25 seg\u00fan la reivindicaci\u00f3n del Athletic, que incluye como suya la de 1902, ganada con el nombre de Vizcaya y cuyo trofeo tiene en sus vitrinas.<\/p>\n<p>La plantilla azulgrana se ha conjurado para brindarle a su t\u00e9cnico un \u00faltimo t\u00edtulo -ser\u00eda el cuarto de la temporada y el decimocuarto en cuatro a\u00f1os- y cerrar la exitosa &#8216;era Guardiola&#8217; de la misma forma que comenz\u00f3: ganando la Copa del Rey al Athletic Club.<\/p>\n<p>El 13 de mayo de 2009, con Mestalla como escenario, el conjunto azulgrana inici\u00f3 la etapa m\u00e1s gloriosa de su historia goleando al equipo que entonces dirig\u00eda Joaqu\u00edn Caparr\u00f3s (4-1), tras remontar el gol inicial de Toquero con tantos de Tour\u00e9 Yaya, Messi, Bojan y Xavi.<\/p>\n<p>Cuatro a\u00f1os despu\u00e9s, la mitad del once que Guardiola aline\u00f3 en su primera final como t\u00e9cnico no estar\u00e1 en el Vicente Calder\u00f3n: Tour\u00e9 Yaya, Bojan y Samuel Eto&#8217;o dejaron el club y Dani Alves y Puyol est\u00e1n lesionados.<\/p>\n<p>La de Alves y Puyol no son las \u00fanicas bajas que el Bar\u00e7a tiene en defensa, ya que a ambas se suman las de Abidal y Font\u00e0s, adem\u00e1s de la del delantero David Villa.<\/p>\n<p>Guardiola, por tanto, deber\u00e1 recomponer la zaga -t\u00f3nica habitual esta temporada- utilizando al joven del filial Mart\u00edn Montoya para ocupar la plaza de Alves en el lateral derecho.<\/p>\n<p>Adriano, quien atraviesa el mejor momento de la temporada, es fijo en el lateral izquierdo, mientras que Piqu\u00e9 y Mascherano -los \u00fanicos centrales sanos- formar\u00e1n en el eje.<\/p>\n<p>En el centro del campo, Sergio Busquets ser\u00e1 el escudero de Xavi e Iniesta, mientras que Pedro, Cuenca y Tello pugnan por acompa\u00f1ar a Messi y Alexis S\u00e1nchez en la punta de ataque. Aunque tampoco se descarta que Iniesta pueda adelantar su posici\u00f3n, lo que habilitar\u00eda la entrada de Thiago o Keita en la medular.<\/p>\n<p>Descabalgado de la final de la Liga de Campeones por el Chelsea, el Barcelona ha tenido casi dos semanas para preparar a conciencia este partido, algo poco habitual en el conjunto azulgrana, acostumbrado a batirse en duelo cada tres d\u00edas.<\/p>\n<p>Este margen de tiempo ha permitido a Guardiola recuperar a algunos jugadores que arrastraban problemas f\u00edsicos, como Pinto, portero titular en la Copa, Alexis o Thiago, e intensificar la carga de los entrenamientos, con descansos de dos d\u00edas por semana.<\/p>\n<p>El de Santpedor aun le queda la sesi\u00f3n de esta tarde para perfilar el once que sacar\u00e1 ante el Athletic -el \u00faltimo como entrenador del Barcelona- y anunciar el grupo de jugadores que viajaron a Madrid, donde contar\u00e1 con el apoyo de unos 14.000 seguidores azulgranas.<\/p>\n","protected":false},"excerpt":{"rendered":"<p>El Athletic y el Barcelona, los dos reyes de copas del f\u00fatbol espa\u00f1ol con 23 y 25 t\u00edtulos, respectivamente, buscar\u00e1n este viernes en la final de esta competici\u00f3n coronar una temporada en la que han sido protagonistas pero sin suficiente recompensa hasta ahora.<\/p>\n","protected":false},"author":1,"featured_media":389565,"comment_status":"open","ping_status":"open","sticky":false,"template":"","format":"standard","meta":{"footnotes":""},"categories":[28],"tags":[178,3422,2696,179,3003],"class_list":["post-389564","post","type-post","status-publish","format-standard","has-post-thumbnail","hentry","category-deportes","tag-barcelona","tag-cpa","tag-del","tag-futbol-2","tag-rey"],"_links":{"self":[{"href":"https:\/\/diarioelpopular.com\/index.php\/wp-json\/wp\/v2\/posts\/389564","targetHints":{"allow":["GET"]}}],"collection":[{"href":"https:\/\/diarioelpopular.com\/index.php\/wp-json\/wp\/v2\/posts"}],"about":[{"href":"https:\/\/diarioelpopular.com\/index.php\/wp-json\/wp\/v2\/types\/post"}],"author":[{"embeddable":true,"href":"https:\/\/diarioelpopular.com\/index.php\/wp-json\/wp\/v2\/users\/1"}],"replies":[{"embeddable":true,"href":"https:\/\/diarioelpopular.com\/index.php\/wp-json\/wp\/v2\/comments?post=389564"}],"version-history":[{"count":0,"href":"https:\/\/diarioelpopular.com\/index.php\/wp-json\/wp\/v2\/posts\/389564\/revisions"}],"wp:featuredmedia":[{"embeddable":true,"href":"https:\/\/diarioelpopular.com\/index.php\/wp-json\/"}],"wp:attachment":[{"href":"https:\/\/diarioelpopular.com\/index.php\/wp-json\/wp\/v2\/media?parent=389564"}],"wp:term":[{"taxonomy":"category","embeddable":true,"href":"https:\/\/diarioelpopular.com\/index.php\/wp-json\/wp\/v2\/categories?post=389564"},{"taxonomy":"post_tag","embeddable":true,"href":"https:\/\/diarioelpopular.com\/index.php\/wp-json\/wp\/v2\/tags?post=389564"}],"curies":[{"name":"wp","href":"https:\/\/api.w.org\/{rel}","templated":true}]}}