{"id":389951,"date":"2012-05-27T22:48:42","date_gmt":"2012-05-28T02:48:42","guid":{"rendered":"http:\/\/diarioelpopular.com\/?p=389951"},"modified":"2012-05-27T22:48:42","modified_gmt":"2012-05-28T02:48:42","slug":"hesjedal-vencedor-final-con-16-segundos-sobre-purito-rodriguez","status":"publish","type":"post","link":"https:\/\/diarioelpopular.com\/index.php\/2012\/05\/27\/hesjedal-vencedor-final-con-16-segundos-sobre-purito-rodriguez\/","title":{"rendered":"Hesjedal, vencedor final con 16 segundos sobre Purito Rodr\u00edguez"},"content":{"rendered":"<div id=\"attachment_389953\" style=\"width: 715px\" class=\"wp-caption aligncenter\"><a href=\"https:\/\/diarioelpopular.com\/wp-content\/uploads\/2012\/05\/WEB.GIROCAN1.jpg\"><img loading=\"lazy\" decoding=\"async\" aria-describedby=\"caption-attachment-389953\" class=\"size-full wp-image-389953\" title=\"WEB.GIRO,CAN\" src=\"https:\/\/diarioelpopular.com\/wp-content\/uploads\/2012\/05\/WEB.GIROCAN1.jpg\" alt=\"\" width=\"705\" height=\"420\" \/><\/a><p id=\"caption-attachment-389953\" class=\"wp-caption-text\">MIL\u00c1N (ITALIA).- El ciclista canadiense Ryder Hesjedal, besa el trofeo tras consagrarse campe\u00f3n del Giro de Italia con 16 de ventaja sobre el espa\u00f1ol Joaquim Rodr\u00edguez, este domingo, 27 de mayo de 2012, en Mil\u00e1n, Italia.<\/p><\/div>\n<p><strong><em>Redacci\u00f3n deportes.-<\/em><\/strong> El ciclista canadiense Ryder Hesjedal, se ha consagrado este domingo, junto a la majestuosa fachada del Duomo milan\u00e9s, campe\u00f3n del\u00a0Giro\u00a0de Italia con 16 de ventaja sobre el espa\u00f1ol Joaquim Rodr\u00edguez, que en la \u00faltima etapa, una contrarreloj de 28,2 kil\u00f3metros, no pudo defender los 31 segundos de ventaja con que part\u00eda.<\/p>\n<div id=\"attachment_389954\" style=\"width: 715px\" class=\"wp-caption aligncenter\"><a href=\"https:\/\/diarioelpopular.com\/wp-content\/uploads\/2012\/05\/WEBGIRO1.jpg\"><img loading=\"lazy\" decoding=\"async\" aria-describedby=\"caption-attachment-389954\" class=\"size-full wp-image-389954\" title=\"WEB,GIRO,1\" src=\"https:\/\/diarioelpopular.com\/wp-content\/uploads\/2012\/05\/WEBGIRO1.jpg\" alt=\"\" width=\"705\" height=\"420\" \/><\/a><p id=\"caption-attachment-389954\" class=\"wp-caption-text\">VAL DI SOLE (ITALIA).- El ciclista espa\u00f1ol Joaqu\u00edn Rodr\u00edguez &#039;Purito&#039;, del equipo Katusha, posa a su llegada a la meta con la maglia rosa tras continuar en primera posici\u00f3n en la clasificaci\u00f3n general del Giro de Italia.<\/p><\/div>\n<p>Purito hubo de conformarse con el segundo puesto en el podio con la cuarta menor diferencia de la historia de la ronda italiana, seguido del belga Thomas De Gendt, que se qued\u00f3 a 1:39 del ganador.<\/p>\n<p>Michele Scarponi termin\u00f3 cuarto, a 2:05, y por primera vez desde 1995, el ciclismo italiano no est\u00e1 presente en el caj\u00f3n de honor de la carrera rosa.<\/p>\n<p>La victoria en la \u00faltima etapa fue para el italiano Marco Pinotti (BMC), con un tiempo de 33:06, seguido del brit\u00e1nico Geraint Thomas (Sky), a 39 segundos, y del neozeland\u00e9s Jesse Sergeant (RadioShack), a 53. Hesjedal fue sexto, a 1:09 y Purito Rodr\u00edguez invirti\u00f3 47 segundos m\u00e1s que el canadiense.<\/p>\n<p>Hesjedal, que en 2010 acab\u00f3 sexto el Tour de Francia, se convierte, de esta forma, en el primer ciclista canadiense que gana una de las tres grandes vueltas (Tour,\u00a0Giro\u00a0y Vuelta).<\/p>\n<p>La organizaci\u00f3n decidi\u00f3, pocas horas antes de la salida, reducir en 1,8 kil\u00f3metros el recorrido de la contrarreloj &#8220;por razones de viabilidad&#8221;, de forma que se quedaba en 28,2, pero a\u00fan as\u00ed el gran favorito segu\u00eda siendo Ryder Hesjedal, un corredor notable contra el crono, que part\u00eda con s\u00f3lo 31 segundos de desventaja con Purito.<\/p>\n<p>Era un recorrido t\u00e9cnico por las calles de Mil\u00e1n, con largas rectas y varias curvas, sobre todo en el \u00faltimo kil\u00f3metro. Purito reconoci\u00f3, la v\u00edspera, que necesitaba &#8220;un milagro&#8221; para ganar el\u00a0Giro, y por si fuera poco, horas antes de tomar la salida sufri\u00f3 una ca\u00edda mientras se entrenaba, aunque s\u00f3lo sufri\u00f3 peque\u00f1os rasgu\u00f1os.<\/p>\n<p>El italiano Marco Pinotti (BMC) marc\u00f3 el primer tiempo de referencia: 33:06, a una media de 51,117 kil\u00f3metros por hora. Faltaban todos los favoritos, pero su registro le daba ya opciones de victoria. Nadie pudo batir su registro.<\/p>\n<p>A las 16.40 tom\u00f3 la salida Joaquim Rodr\u00edguez, dos minutos despu\u00e9s que Hesjedal. El canadiense, obligado a reducir, al menos, un segundo por kil\u00f3metro el margen de Purito, se mostr\u00f3 agresivo desde la rampa de salida, rozando al p\u00fablico en las curvas.<\/p>\n<p>En el primer control (km.11,7), Hesjedal, con un parcial de 13:55, le hab\u00eda comido ya 29 segundos a Purito (14:24), y unos metros despu\u00e9s el canadiense ya era l\u00edder virtual: el GPS marcaba ya 33 segundos a su favor.<\/p>\n<p>Tan r\u00e1pida reducci\u00f3n y posterior anulaci\u00f3n de las diferencias priv\u00f3 de emoci\u00f3n a la lucha por el t\u00edtulo entre los dos primeros en la segunda mitad de la etapa.<\/p>\n<p>En el segundo punto intermedio (km.22,3), la ventaja de Hesjedal sobre Purito hab\u00eda crecido hasta los 44 segundos, y de ah\u00ed hasta la meta el canadiense, sin abandonar su agresividad, la aument\u00f3 en tres m\u00e1s.<\/p>\n<p>El belga Thomas de Gendt, que necesitaba restar 28 segundos a Michele Scarponi para arrebatarle el tercer puesto en el podio final, logr\u00f3 su objetivo al batir al italiano por 53.<\/p>\n<p>Hesjedal aprovech\u00f3 la victoria del Garmin Barracuda en la contrarreloj por equipos, que le situ\u00f3 cuarto en la general, para presentar su candidatura al triunfo final.<\/p>\n<p>El 12 de mayo se convirti\u00f3 en el primer canadiense que vest\u00eda la maglia rosa de l\u00edder, y a partir de ah\u00ed sostuvo un pulso particular con Purito Rodr\u00edguez, que en la antepen\u00faltima etapa cedi\u00f3 12 segundos y gan\u00f3 14 al d\u00eda siguiente para afrontar la crono definitiva con una renta de 31, que ha resultado insuficiente.<\/p>\n<div id=\"attachment_389955\" style=\"width: 715px\" class=\"wp-caption aligncenter\"><a href=\"https:\/\/diarioelpopular.com\/wp-content\/uploads\/2012\/05\/WEBCOL.jpg\"><img loading=\"lazy\" decoding=\"async\" aria-describedby=\"caption-attachment-389955\" class=\"size-full wp-image-389955\" title=\"WEB,COL\" src=\"https:\/\/diarioelpopular.com\/wp-content\/uploads\/2012\/05\/WEBCOL.jpg\" alt=\"\" width=\"705\" height=\"420\" \/><\/a><p id=\"caption-attachment-389955\" class=\"wp-caption-text\">MIL\u00c1N (ITALIA).- El ciclista colombiano Rigoberto Uran (Sky) celebra en el podio tras proclamarse mejor joven de la competici\u00f3n al t\u00e9rmino de la \u00faltima etapa del Giro de Italia, este domingo, 27 de mayo de 2012, en Mil\u00e1n, Italia.<\/p><\/div>\n","protected":false},"excerpt":{"rendered":"<p>El ciclista canadiense Ryder Hesjedal, se ha consagrado este domingo, junto a la majestuosa fachada del Duomo milan\u00e9s, campe\u00f3n del Giro de Italia con 16 de ventaja sobre el espa\u00f1ol Joaquim Rodr\u00edguez<\/p>\n","protected":false},"author":1,"featured_media":389953,"comment_status":"open","ping_status":"open","sticky":false,"template":"","format":"standard","meta":{"footnotes":""},"categories":[21,28],"tags":[1215,3292,3442,3443],"class_list":["post-389951","post","type-post","status-publish","format-standard","has-post-thumbnail","hentry","category-canada","category-deportes","tag-ciclismo","tag-giro","tag-hesjedal","tag-ryder"],"_links":{"self":[{"href":"https:\/\/diarioelpopular.com\/index.php\/wp-json\/wp\/v2\/posts\/389951","targetHints":{"allow":["GET"]}}],"collection":[{"href":"https:\/\/diarioelpopular.com\/index.php\/wp-json\/wp\/v2\/posts"}],"about":[{"href":"https:\/\/diarioelpopular.com\/index.php\/wp-json\/wp\/v2\/types\/post"}],"author":[{"embeddable":true,"href":"https:\/\/diarioelpopular.com\/index.php\/wp-json\/wp\/v2\/users\/1"}],"replies":[{"embeddable":true,"href":"https:\/\/diarioelpopular.com\/index.php\/wp-json\/wp\/v2\/comments?post=389951"}],"version-history":[{"count":0,"href":"https:\/\/diarioelpopular.com\/index.php\/wp-json\/wp\/v2\/posts\/389951\/revisions"}],"wp:featuredmedia":[{"embeddable":true,"href":"https:\/\/diarioelpopular.com\/index.php\/wp-json\/"}],"wp:attachment":[{"href":"https:\/\/diarioelpopular.com\/index.php\/wp-json\/wp\/v2\/media?parent=389951"}],"wp:term":[{"taxonomy":"category","embeddable":true,"href":"https:\/\/diarioelpopular.com\/index.php\/wp-json\/wp\/v2\/categories?post=389951"},{"taxonomy":"post_tag","embeddable":true,"href":"https:\/\/diarioelpopular.com\/index.php\/wp-json\/wp\/v2\/tags?post=389951"}],"curies":[{"name":"wp","href":"https:\/\/api.w.org\/{rel}","templated":true}]}}