{"id":390120,"date":"2012-05-28T23:45:09","date_gmt":"2012-05-29T03:45:09","guid":{"rendered":"http:\/\/diarioelpopular.com\/?p=390120"},"modified":"2012-05-28T23:45:09","modified_gmt":"2012-05-29T03:45:09","slug":"el-da-vinci-mas-intimo-al-descubierto-en-la-biblioteca-nacional-de-espana","status":"publish","type":"post","link":"https:\/\/diarioelpopular.com\/index.php\/2012\/05\/28\/el-da-vinci-mas-intimo-al-descubierto-en-la-biblioteca-nacional-de-espana\/","title":{"rendered":"El Da Vinci m\u00e1s \u00edntimo, al descubierto en la Biblioteca Nacional de Espa\u00f1a"},"content":{"rendered":"<div id=\"attachment_390121\" style=\"width: 710px\" class=\"wp-caption aligncenter\"><a href=\"https:\/\/diarioelpopular.com\/wp-content\/uploads\/2012\/05\/web.da-vinci.jpg\"><img loading=\"lazy\" decoding=\"async\" aria-describedby=\"caption-attachment-390121\" class=\"size-full wp-image-390121\" title=\"web.da-vinci\" src=\"https:\/\/diarioelpopular.com\/wp-content\/uploads\/2012\/05\/web.da-vinci.jpg\" alt=\"\" width=\"700\" height=\"420\" \/><\/a><p id=\"caption-attachment-390121\" class=\"wp-caption-text\">MADRID.- Imagen de uno de los c\u00f3dices incluidos en la muestra &quot;El imaginario de Leonardo. C\u00f3dices Madrid de la Biblioteca Nacional de Espa\u00f1a&quot;, inaugurada hoy en la capital espa\u00f1ola y en la que pueden contemplarse los escritos de Leonardo Da Vincique conserva esta instituci\u00f3n.<\/p><\/div>\n<p><strong><em>Madrid.-<\/em><\/strong> La desesperaci\u00f3n amorosa, detalles de su vestuario, anotaciones cient\u00edficas o dibujos de ingenios mec\u00e1nicos forman la &#8220;amalgama&#8221; de pensamientos que brotaban de un maduro Leonardo da Vinci y que la Biblioteca Nacional de Espa\u00f1a desvela en la primera exposici\u00f3n monogr\u00e1fica sobre sus C\u00f3dices I y II.<\/p>\n<p>&#8220;El imaginario de Leonardo. C\u00f3dices Madrid de la Biblioteca Nacional de Espa\u00f1a&#8221;, abierta en la Sala Hip\u00f3stila de la centenaria instituci\u00f3n hasta el pr\u00f3ximo 29 de julio, deshoja estos dos libros de notas, que representan el 10 por ciento de la obra del genio renacentista que se conserva en todo el mundo, dado que entre el 60 o el 70 por ciento se ha perdido.<\/p>\n<p>Son las dos \u00fanicas piezas de Leonardo que se conservan en Espa\u00f1a (unas seiscientas p\u00e1ginas) y para hacerse una idea de su valor, basta con recordar que en 1994 Bill Gates pag\u00f3 m\u00e1s de 30 millones de d\u00f3lares por un libro de notas de 36 p\u00e1ginas sobre ingenier\u00eda hidr\u00e1ulica, y, por tanto, con menor amplitud de contenido que los conservados en la BNE.<\/p>\n<p>Redactados en torno a 1500 con su escritura inversa (era zurdo), los c\u00f3dices son los \u00fanicos que conserva Espa\u00f1a de la colecci\u00f3n de manuscritos que lleg\u00f3 a Madrid a principios del XVII, incluidos los dibujos anat\u00f3micos ahora propiedad de la corona inglesa.<\/p>\n<p>La exposici\u00f3n, comisariada por Elisa Ruiz y dividida en varios m\u00f3dulos, tiene un doble objetivo: revelar los secretos de la personalidad de Leonardo m\u00e1s all\u00e1 de su faceta de pintor, y mostrar c\u00f3mo se han restaurado y estudiado exhaustivamente los c\u00f3dices entre 2010 y 2011.<\/p>\n<p>Estos trabajos han consistido en retirar la encuadernaci\u00f3n del siglo XVIII que oprim\u00eda el pergamino, y devolver al sistema original de la \u00e9poca, &#8220;elegante y pr\u00e1ctico&#8221;, que se cerraba con una presilla y un bot\u00f3n de madera, adem\u00e1s de escrutar su contenido y digitalizarlo.<\/p>\n<p>El C\u00f3dice I es un tratado de mec\u00e1nica y est\u00e1tica, que se puede contemplar ya encuadernado tras los trabajos de conservaci\u00f3n, mientras que el II, que es un estudio de fortificaci\u00f3n, est\u00e1tica y geometr\u00eda, a\u00fan no est\u00e1 ensamblado, lo que permite la exposici\u00f3n de los folios de pergamino que lo forman.<\/p>\n<p>Las obras ya se hab\u00edan expuesto en anterior ocasiones, pero nunca como un objeto de investigaci\u00f3n transversal en torno al pensamiento de un hombre maduro, autodidacta, adelantado a su tiempo y con un perfeccionismo obsesivo, explic\u00f3 la comisaria de la muestra, quien rechaza la mitificaci\u00f3n de Leonardo en torno a la &#8220;Gioconda&#8221; y diversas leyendas, como sus aficiones culinarias.<\/p>\n<p>&#8220;En la noche de San Andr\u00e9s (30 de noviembre), se me acaba la vela, se me acaba el papel, se me acaba la tinta y se me acaba el tiempo, pero acabo de descubrir la cuadratura del c\u00edrculo&#8221;, relata el genio renacentista en el C\u00f3dice II, un momento de luz en un hombre que no era feliz, seg\u00fan Elisa Ruiz.<\/p>\n<p>&#8220;Hijo natural de un notario, que no pudo ir a la universidad y homosexual (lo que en su \u00e9poca le cre\u00f3 much\u00edsimos conflictos), sufr\u00eda el s\u00edndrome de la obra inacabada&#8221;, tal como se puede observar en uno de los folios expuestos, donde tacha en varias ocasiones su definici\u00f3n de lo que hoy conocemos como ley de la gravedad, explica la experta.<\/p>\n<p>La exposici\u00f3n, en la que podemos ver su autorretrato como un le\u00f3n que arde, se complementa con otras obras que conserva la centenaria instituci\u00f3n cultural, como bell\u00edsimos grabados y otros libros y tratados del momento, como &#8220;El carro de la fama&#8221;.<\/p>\n","protected":false},"excerpt":{"rendered":"<p>La desesperaci\u00f3n amorosa, detalles de su vestuario, anotaciones cient\u00edficas o dibujos de ingenios mec\u00e1nicos forman la &#8220;amalgama&#8221; de pensamientos que brotaban de un maduro Leonardo da Vinci y que la Biblioteca Nacional de Espa\u00f1a desvela en la primera exposici\u00f3n monogr\u00e1fica sobre sus C\u00f3dices I y II.<\/p>\n","protected":false},"author":1,"featured_media":390121,"comment_status":"open","ping_status":"open","sticky":false,"template":"","format":"standard","meta":{"footnotes":""},"categories":[24],"tags":[3471,3472,2442,444,829,3473],"class_list":["post-390120","post","type-post","status-publish","format-standard","has-post-thumbnail","hentry","category-mundo","tag-biblioteca","tag-da","tag-de","tag-espana","tag-nacional","tag-vinci"],"_links":{"self":[{"href":"https:\/\/diarioelpopular.com\/index.php\/wp-json\/wp\/v2\/posts\/390120","targetHints":{"allow":["GET"]}}],"collection":[{"href":"https:\/\/diarioelpopular.com\/index.php\/wp-json\/wp\/v2\/posts"}],"about":[{"href":"https:\/\/diarioelpopular.com\/index.php\/wp-json\/wp\/v2\/types\/post"}],"author":[{"embeddable":true,"href":"https:\/\/diarioelpopular.com\/index.php\/wp-json\/wp\/v2\/users\/1"}],"replies":[{"embeddable":true,"href":"https:\/\/diarioelpopular.com\/index.php\/wp-json\/wp\/v2\/comments?post=390120"}],"version-history":[{"count":0,"href":"https:\/\/diarioelpopular.com\/index.php\/wp-json\/wp\/v2\/posts\/390120\/revisions"}],"wp:featuredmedia":[{"embeddable":true,"href":"https:\/\/diarioelpopular.com\/index.php\/wp-json\/"}],"wp:attachment":[{"href":"https:\/\/diarioelpopular.com\/index.php\/wp-json\/wp\/v2\/media?parent=390120"}],"wp:term":[{"taxonomy":"category","embeddable":true,"href":"https:\/\/diarioelpopular.com\/index.php\/wp-json\/wp\/v2\/categories?post=390120"},{"taxonomy":"post_tag","embeddable":true,"href":"https:\/\/diarioelpopular.com\/index.php\/wp-json\/wp\/v2\/tags?post=390120"}],"curies":[{"name":"wp","href":"https:\/\/api.w.org\/{rel}","templated":true}]}}