{"id":390126,"date":"2012-05-28T23:44:15","date_gmt":"2012-05-29T03:44:15","guid":{"rendered":"http:\/\/diarioelpopular.com\/?p=390126"},"modified":"2012-05-28T23:44:15","modified_gmt":"2012-05-29T03:44:15","slug":"comienza-la-cuenta-atras-para-liberacion-en-colombia-del-periodista-frances","status":"publish","type":"post","link":"https:\/\/diarioelpopular.com\/index.php\/2012\/05\/28\/comienza-la-cuenta-atras-para-liberacion-en-colombia-del-periodista-frances\/","title":{"rendered":"Comienza la cuenta atr\u00e1s para liberaci\u00f3n en Colombia del periodista franc\u00e9s"},"content":{"rendered":"<div id=\"attachment_390127\" style=\"width: 710px\" class=\"wp-caption aligncenter\"><a href=\"https:\/\/diarioelpopular.com\/wp-content\/uploads\/2012\/05\/web.langois.jpg\"><img loading=\"lazy\" decoding=\"async\" aria-describedby=\"caption-attachment-390127\" class=\"size-full wp-image-390127\" title=\"web.langois\" src=\"https:\/\/diarioelpopular.com\/wp-content\/uploads\/2012\/05\/web.langois.jpg\" alt=\"\" width=\"700\" height=\"420\" \/><\/a><p id=\"caption-attachment-390127\" class=\"wp-caption-text\">BOGOT\u00c1 (COLOMBIA).- Captura de video tomada de las im\u00e1genes difundidas este lunes 28 de mayo, por el canal internacional Telesur, con sede en Caracas, en las que se ve al periodista franc\u00e9s Romeo Langlois, en una prueba de vida despu\u00e9s de ser secuestrado hace un mes por las Fuerzas Armadas Revolucionarias de Colombia (FARC). El grupo guerrillero anunci\u00f3 a trav\u00e9s de un comunicado que el pr\u00f3ximo mi\u00e9rcoles liberar\u00e1 a Langlois.<\/p><\/div>\n<p>Esther Rebollo<\/p>\n<p><strong><em>Bogot\u00e1.-<\/em><\/strong> Justo cuando este lunes se cumpli\u00f3 un mes del secuestro del franc\u00e9s Rom\u00e9o Langlois y Telesur difunde un video en el que se le ve sonriente y conversando sobre su trabajo como periodista en Colombia, comienza la cuenta atr\u00e1s para su liberaci\u00f3n el pr\u00f3ximo mi\u00e9rcoles, tal y como se han comprometido las FARC.<\/p>\n<p>&#8220;Est\u00e1 todo listo&#8221;, confirm\u00f3 el delegado del Comit\u00e9 Internacional de la Cruz Roja (CICR) en Colombia, Jordi Raich, quien encabezar\u00e1 la misi\u00f3n que lo recoger\u00e1 en un lugar desconocido del selv\u00e1tico sur de Colombia.<\/p>\n<p>La misi\u00f3n estar\u00e1 adem\u00e1s integrada por la exsenadora colombiana Piedad C\u00f3rdoba y un emisario del presidente Fran\u00e7ois Hollande, cuya identidad se desconoce pero que, seg\u00fan el embajador de Francia en Colombia, Pierre-Jean Vandoorne, aterrizar\u00e1 en Bogot\u00e1 en las pr\u00f3ximas horas para sumarse al operativo humanitario que se desarrollar\u00e1 en el departamento de Caquet\u00e1.<\/p>\n<p>las Fuerzas Armadas Revolucionarias de Colombia (FARC) informaron que el mi\u00e9rcoles entregar\u00e1n al periodista a esta misi\u00f3n humanitaria, que ya ha elaborado un protocolo de seguridad, junto al Ministerio de Defensa de Colombia.<\/p>\n<p>Dicho protocolo, seg\u00fan Raich, contempla obligaciones para todas las partes, ya que el Ministerio de Defensa debe suspender las acciones militares en la zona donde va a ser liberado, mientras que la guerrilla tiene que cumplir &#8220;fechas y plazos para la entrega&#8221;.<\/p>\n<p>Por parte del CICR y el resto de integrantes de la misi\u00f3n &#8220;est\u00e1 todo listo&#8221;, indic\u00f3 el delegado de este organismo, un espa\u00f1ol que ya lider\u00f3 en abril otra misi\u00f3n similar, cuando las FARC pusieron en libertad a los \u00faltimos diez polic\u00edas y militares que ten\u00edan en poder, todos ellos con m\u00e1s de doce a\u00f1os de cautiverio.<\/p>\n<p>&#8220;Ahora lo que esperamos es que haya una confirmaci\u00f3n de conformidad por parte de las FARC y esperamos que s\u00ed se cumplan los plazos&#8221;, adelant\u00f3 Raich.<\/p>\n<p>Seg\u00fan el protocolo, el operativo humanitario se llevar\u00e1 a cabo con medios log\u00edsticos del CICR, con carros y\/o lanchas identificados con el logotipo de la Cruz Roja.<\/p>\n<p>Y para que se sea posible la liberaci\u00f3n se suspender\u00e1n las acciones militares desde las 18.00 hora local (23.00 GMT) del d\u00eda 29 hasta las 06.00 hora local (11.00 GMT) del 31 de mayo, pero antes las FARC deben entregar las coordenadas, agrega el documento.<\/p>\n<p>&#8220;La primera obligaci\u00f3n de las FARC es que ma\u00f1ana (martes), antes de la una de la tarde (18.00 GMT), debemos conocer el municipio o \u00e1rea general donde se tienen que suspender las operaciones militares&#8221;, insisti\u00f3 Raich.<\/p>\n<p>En ese sentido, el ministro colombiano de Defensa, Juan Carlos Pinz\u00f3n, garantiz\u00f3 que se respetar\u00e1 el protocolo. &#8220;Hemos venido coordinando de una manera muy efectiva tanto con el Gobierno de Francia como con el CICR para contribuir que se facilite la r\u00e1pida liberaci\u00f3n&#8221;, asever\u00f3.<\/p>\n<p>El delegado de la Cruz Roja Internacional tambi\u00e9n expres\u00f3 su satisfacci\u00f3n por el estado que present\u00f3 el periodista en el video difundido por el canal internacional Telesur, con sede en Caracas.<\/p>\n<p>&#8220;Nos alegra verlo, no hab\u00edamos temido en ning\u00fan momento por su vida, pero est\u00e1 bien ver que presenta un buen estado de salud&#8221;, indic\u00f3 Raich.<\/p>\n<p>En el video, Langlois aparece conversando sobre su trabajo como reportero en Colombia, aparentemente reci\u00e9n duchado y sonriente, y despu\u00e9s se observa c\u00f3mo le someten a cuidados m\u00e9dicos en un brazo herido.<\/p>\n<p>El periodista responde a preguntas como si conoc\u00eda que cuando fue hecho cautivo se encontraba en &#8220;zona roja&#8221;, a lo que respondi\u00f3: &#8220;Uno sabe a qu\u00e9 se expone cuando hace este trabajo, yo he hecho muchos trabajos con la guerrilla tambi\u00e9n&#8221;.<\/p>\n<p>Tambi\u00e9n indic\u00f3 que hab\u00eda entrevistado al fallecido exn\u00famero dos de las FARC, Luis Edgar Devia, alias &#8220;Ra\u00fal Reyes&#8221;, &#8220;dos o tres veces&#8221; y a &#8220;miembros importantes&#8221; de esa guerrilla.<\/p>\n<p>&#8220;Nunca me ha querido mucho el Gobierno (colombiano) porque siempre he ido de los dos lados (&#8230;) con la opini\u00f3n de todos&#8221;, afirma en otro momento de la filmaci\u00f3n.<\/p>\n<p>Langlois fue capturado el 28 de abril cuando acompa\u00f1aba a militares y polic\u00edas en una operaci\u00f3n antidrogas en Caquet\u00e1 y fueron sorprendidos por una ofensiva guerrillera, por lo que las FARC lo consideraron un &#8220;prisionero de guerra&#8221;.<\/p>\n","protected":false},"excerpt":{"rendered":"<p>Esther Rebollo Bogot\u00e1.- Justo cuando este lunes se cumpli\u00f3 un mes del secuestro del franc\u00e9s Rom\u00e9o Langlois y Telesur difunde un video en el que&hellip;<\/p>\n","protected":false},"author":1,"featured_media":390127,"comment_status":"open","ping_status":"open","sticky":false,"template":"","format":"standard","meta":{"footnotes":""},"categories":[23,24],"tags":[486,580,3444,3445,3446],"class_list":["post-390126","post","type-post","status-publish","format-standard","has-post-thumbnail","hentry","category-latinoamerica","category-mundo","tag-colombia","tag-farc","tag-langlois","tag-liberacion","tag-secuestrado"],"_links":{"self":[{"href":"https:\/\/diarioelpopular.com\/index.php\/wp-json\/wp\/v2\/posts\/390126","targetHints":{"allow":["GET"]}}],"collection":[{"href":"https:\/\/diarioelpopular.com\/index.php\/wp-json\/wp\/v2\/posts"}],"about":[{"href":"https:\/\/diarioelpopular.com\/index.php\/wp-json\/wp\/v2\/types\/post"}],"author":[{"embeddable":true,"href":"https:\/\/diarioelpopular.com\/index.php\/wp-json\/wp\/v2\/users\/1"}],"replies":[{"embeddable":true,"href":"https:\/\/diarioelpopular.com\/index.php\/wp-json\/wp\/v2\/comments?post=390126"}],"version-history":[{"count":0,"href":"https:\/\/diarioelpopular.com\/index.php\/wp-json\/wp\/v2\/posts\/390126\/revisions"}],"wp:featuredmedia":[{"embeddable":true,"href":"https:\/\/diarioelpopular.com\/index.php\/wp-json\/"}],"wp:attachment":[{"href":"https:\/\/diarioelpopular.com\/index.php\/wp-json\/wp\/v2\/media?parent=390126"}],"wp:term":[{"taxonomy":"category","embeddable":true,"href":"https:\/\/diarioelpopular.com\/index.php\/wp-json\/wp\/v2\/categories?post=390126"},{"taxonomy":"post_tag","embeddable":true,"href":"https:\/\/diarioelpopular.com\/index.php\/wp-json\/wp\/v2\/tags?post=390126"}],"curies":[{"name":"wp","href":"https:\/\/api.w.org\/{rel}","templated":true}]}}