{"id":390129,"date":"2012-05-28T23:43:46","date_gmt":"2012-05-29T03:43:46","guid":{"rendered":"http:\/\/diarioelpopular.com\/?p=390129"},"modified":"2012-05-28T23:43:46","modified_gmt":"2012-05-29T03:43:46","slug":"nalbandian-ano-tras-ano-te-va-costando-mas","status":"publish","type":"post","link":"https:\/\/diarioelpopular.com\/index.php\/2012\/05\/28\/nalbandian-ano-tras-ano-te-va-costando-mas\/","title":{"rendered":"Nalbandian: &#8220;A\u00f1o tras a\u00f1o, te va costando m\u00e1s&#8221;"},"content":{"rendered":"<div id=\"attachment_390130\" style=\"width: 710px\" class=\"wp-caption aligncenter\"><a href=\"https:\/\/diarioelpopular.com\/wp-content\/uploads\/2012\/05\/web.nalb_.jpg\"><img loading=\"lazy\" decoding=\"async\" aria-describedby=\"caption-attachment-390130\" class=\"size-full wp-image-390130\" title=\"web.nalb\" src=\"https:\/\/diarioelpopular.com\/wp-content\/uploads\/2012\/05\/web.nalb_.jpg\" alt=\"\" width=\"700\" height=\"420\" \/><\/a><p id=\"caption-attachment-390130\" class=\"wp-caption-text\">PAR\u00cdS (FRANCIA).- El tenista argentino David Nalbandian devuelve una bola al rumano Adrian Ungur, durante el partido de primera ronda del torneo de Roland Garros que se disputa en Par\u00eds, Francia, ayer 28 de mayo.<\/p><\/div>\n<p><strong><em>Par\u00eds.-<\/em><\/strong> El argentino David Nalbandian, eliminado este lunes por primera vez en carrera en su estreno en Roland Garros, reconoci\u00f3 que no est\u00e1 logrando buenos resultados este a\u00f1o pero conf\u00eda en volver a recuperar la constancia de cara a la segunda parte de la temporada.<\/p>\n<p>&#8220;A\u00f1o tras a\u00f1o, te va costando m\u00e1s&#8221;, reconoci\u00f3 el de C\u00f3rdoba, que ocupa el 40\u00ba puesto del r\u00e1nking de la ATP y quien record\u00f3 que en los \u00faltimos a\u00f1os ha tenido que someterse a tres operaciones, lo que le ha alejado de su mejor nivel, cuando en 2006 lleg\u00f3 a ser n\u00famero 3 del mundo.<\/p>\n<p>Nalbandian, que cay\u00f3 derrotado frente al rumano Adrian Ungur por 6-3, 5-7, 6-4 y 7-5, asegur\u00f3 que no se viene sintiendo &#8220;del todo bien en los \u00faltimos tiempos y que tiene &#8220;altibajos&#8221; de un partido a otro, e incluso dentro de cada encuentro.<\/p>\n<p>El jugador, de 30 a\u00f1os, compet\u00eda tambi\u00e9n en Par\u00eds la clasificaci\u00f3n para los Juegos Ol\u00edmpicos de Londres, ya que se disputa la cuarta y \u00faltima plaza argentina con Juan Ignacio Chela (43), una vez clasificados Juan Mart\u00edn del Potro (9), Juan M\u00f3naco (15) y Carlos Berlocq (37).<\/p>\n<p>No obstante, asegur\u00f3 que no se ha fijado en qu\u00e9 opciones tiene u a vez eliminado en Par\u00eds, pero reconoci\u00f3 que ser\u00e1 m\u00e1s dif\u00edcil porque depende de resultados de otros.<br \/>\nSu siguientes citas ser\u00e1n en Inglaterra, primero en el torneo de Queen&#8217;s y despu\u00e9s en Wimbledon.<\/p>\n<p>Otra de las citas importantes de la temporada son las semifinales de Copa Davis que Argentina disputar\u00e1 el pr\u00f3ximo mes de septiembre en Buenos Aires contra Rep\u00fablica Checa, aunque para eso &#8220;queda una eternidad&#8221;, dijo Nalnbandian.<\/p>\n","protected":false},"excerpt":{"rendered":"<p>El argentino David Nalbandian, eliminado este lunes por primera vez en carrera en su estreno en Roland Garros, reconoci\u00f3 que no est\u00e1 logrando buenos resultados este a\u00f1o pero conf\u00eda en volver a recuperar la constancia de cara a la segunda parte de la temporada.<\/p>\n","protected":false},"author":1,"featured_media":390130,"comment_status":"open","ping_status":"open","sticky":false,"template":"","format":"standard","meta":{"footnotes":""},"categories":[28],"tags":[3447,3448,3449,176],"class_list":["post-390129","post","type-post","status-publish","format-standard","has-post-thumbnail","hentry","category-deportes","tag-garros","tag-nalbandian","tag-roland","tag-tenis"],"_links":{"self":[{"href":"https:\/\/diarioelpopular.com\/index.php\/wp-json\/wp\/v2\/posts\/390129","targetHints":{"allow":["GET"]}}],"collection":[{"href":"https:\/\/diarioelpopular.com\/index.php\/wp-json\/wp\/v2\/posts"}],"about":[{"href":"https:\/\/diarioelpopular.com\/index.php\/wp-json\/wp\/v2\/types\/post"}],"author":[{"embeddable":true,"href":"https:\/\/diarioelpopular.com\/index.php\/wp-json\/wp\/v2\/users\/1"}],"replies":[{"embeddable":true,"href":"https:\/\/diarioelpopular.com\/index.php\/wp-json\/wp\/v2\/comments?post=390129"}],"version-history":[{"count":0,"href":"https:\/\/diarioelpopular.com\/index.php\/wp-json\/wp\/v2\/posts\/390129\/revisions"}],"wp:featuredmedia":[{"embeddable":true,"href":"https:\/\/diarioelpopular.com\/index.php\/wp-json\/"}],"wp:attachment":[{"href":"https:\/\/diarioelpopular.com\/index.php\/wp-json\/wp\/v2\/media?parent=390129"}],"wp:term":[{"taxonomy":"category","embeddable":true,"href":"https:\/\/diarioelpopular.com\/index.php\/wp-json\/wp\/v2\/categories?post=390129"},{"taxonomy":"post_tag","embeddable":true,"href":"https:\/\/diarioelpopular.com\/index.php\/wp-json\/wp\/v2\/tags?post=390129"}],"curies":[{"name":"wp","href":"https:\/\/api.w.org\/{rel}","templated":true}]}}