{"id":390368,"date":"2012-05-29T23:27:07","date_gmt":"2012-05-30T03:27:07","guid":{"rendered":"http:\/\/diarioelpopular.com\/?p=390368"},"modified":"2012-05-29T23:27:07","modified_gmt":"2012-05-30T03:27:07","slug":"al-menos-15-muertos-en-serie-de-terremotos-que-sacudieron-el-norte-de-italia","status":"publish","type":"post","link":"https:\/\/diarioelpopular.com\/index.php\/2012\/05\/29\/al-menos-15-muertos-en-serie-de-terremotos-que-sacudieron-el-norte-de-italia\/","title":{"rendered":"Al menos 15 muertos en serie de terremotos que sacudieron el norte de Italia"},"content":{"rendered":"<div id=\"attachment_390369\" style=\"width: 710px\" class=\"wp-caption aligncenter\"><a href=\"https:\/\/diarioelpopular.com\/wp-content\/uploads\/2012\/05\/WEB.ITAL_.jpg\"><img loading=\"lazy\" decoding=\"async\" aria-describedby=\"caption-attachment-390369\" class=\"size-full wp-image-390369\" title=\"WEB.ITAL\" src=\"https:\/\/diarioelpopular.com\/wp-content\/uploads\/2012\/05\/WEB.ITAL_.jpg\" alt=\"\" width=\"700\" height=\"420\" \/><\/a><p id=\"caption-attachment-390369\" class=\"wp-caption-text\">CAVEZZO (ITALIA).- Un edificio derrumbado en Cavezzo tras el terremoto de magnitud 5,8 grados en la escala Richter que sacudi\u00f3 este martes 29 de mayo, la regi\u00f3n de Emilia Romagna (norte de Italia). Al menos trece personas han muerto y otras varias se encuentran desaparecidas tras el derrumbe de varios edificios y naves industriales, seg\u00fan informaron fuentes de Protecci\u00f3n Civil.<\/p><\/div>\n<p><strong><em>Roma.-<\/em><\/strong> Al menos quince personas murieron y 200 resultaron heridas en Italia, mientras siete se encuentran desaparecidas y otras 8.000 han sido evacuadas a causa de la serie de terremotos que sacudieron este martes de nuevo la regi\u00f3n de Emilia Romagna, en el noreste del pa\u00eds.<\/p>\n<p>Los sismos tuvieron lugar en la provincia de M\u00f3dena, la misma zona en la que ya se produjo el terremoto del pasado 20 de mayo, que caus\u00f3 siete muertos y provoc\u00f3 cerca de 6.000 evacuados.<\/p>\n<p>El primer terremoto se registr\u00f3 a las 09.00 hora local (07.00 gmt) y pudo sentirse en todo el norte y centro de Italia.<\/p>\n<p>Tras este primer sismo, la tierra sigui\u00f3 temblando en el norte del pa\u00eds, con numerosas r\u00e9plicas durante toda la jornada, entre ellas una de 5,3 grados alrededor de las 13.00 hora local (11.00 gmt) manteniendo en vilo a la poblaci\u00f3n, mientras los equipos de rescate buscan entre los escombros a los desaparecidos.<\/p>\n<p>Las autoridades, por su parte, han dispuesto nuevos espacios para alojar a los cerca de 14.000 evacuados -entre los sismos de este martes y del pasado 20 de mayo- habilitando estructuras hoteleras adem\u00e1s de campamentos.<\/p>\n<p>Entre los muertos figuran un marroqu\u00ed y un indio, que perdieron la vida en la localidad de San Felice sul Panaro tras el derrumbe de la nave industrial de la empresa de construcci\u00f3n en la que trabajaban y un t\u00e9cnico italiano, que hab\u00eda acudido a la f\u00e1brica, precisamente para comprobar su estabilidad.<\/p>\n<p>Otras dos personas fallecieron a causa de derrumbes en otra f\u00e1brica, que hoy retom\u00f3 su actividad despu\u00e9s haber sido declarada segura tras el terremoto del 20 de mayo, en el municipio de Mirandola, mientras un anciano muri\u00f3 al ser golpeado por una cornisa en Concordia; otra v\u00edctima mortal se produjo en Finale Emilia, tambi\u00e9n al desplomarse su casa.<\/p>\n<p>Por otro lado, el p\u00e1rroco de Rovereto di Novi, falleci\u00f3 despu\u00e9s de que le cayera encima una viga, que se desprendi\u00f3 durante una de las r\u00e9plicas registradas a lo largo de la jornada, mientras intentaba poner a salvo una peque\u00f1a estatua de la Virgen situada en el interior del templo.<\/p>\n<p>Por precauci\u00f3n, las oficinas p\u00fablicas y colegios en las zonas cercanas al epicentro de los movimientos tel\u00faricos fueron evacuadas as\u00ed como las f\u00e1bricas, entre ellas las de Ferrari, Lamborghini y Ducati, situadas cerca de M\u00f3dena y Bolonia.<\/p>\n<p>Los se\u00edsmos provocaron adem\u00e1s numerosos da\u00f1os materiales con derrumbes en importantes edificios hist\u00f3ricos como el castillo delle Roche de Finale Emilia, que ya se hab\u00eda visto afectado por el terremoto de hace nueve d\u00edas, o la c\u00fapula del campanario de la bas\u00edlica Palatina de Santa B\u00e1rbara, en el palacio ducal de M\u00f3dena.<\/p>\n<p>Cuando todav\u00eda se desconoce la envergadura total de los da\u00f1os ya han surgido las primeras cr\u00edticas por la decisi\u00f3n de las autoridades de autorizar el acceso a escuelas, viviendas y empresas, tras el terremoto del pasado 20 de mayo.<\/p>\n<p>La secretaria del sindicato de base CGIL, Susanna Camusso, hizo hincapi\u00e9 en que varias v\u00edctimas del terremoto de hoy son trabajadores que se encontraban en las f\u00e1bricas lo que, seg\u00fan dijo, &#8220;hace pensar en que no se aseguraron las estructuras de forma correcta antes de permitir que las personas volvieran al trabajo&#8221;.<\/p>\n<p>Preocupan tambi\u00e9n las consecuencias econ\u00f3micas de los destrozos provocados por los sismos, con la asociaci\u00f3n de agricultores Coldiretti, que cifr\u00f3 los da\u00f1os en el sector agr\u00edcola de Emilia Romagna en 500 millones de euros, mientras que el presidente de la patronal Confindustria, Giorgio Squinzi, habl\u00f3 de &#8220;da\u00f1os ingentes&#8221; en una de las regiones m\u00e1s industrializadas de Italia.<\/p>\n<p>El primer ministro italiano, el tecn\u00f3crata Mario Monti, compareci\u00f3 ante los periodistas tras el temblor registrado a primeras horas de la ma\u00f1ana para garantizar que &#8220;se har\u00e1 todo lo posible y lo antes posible&#8221; para llevar ayuda a los ciudadanos, y se mostr\u00f3 convencido de que &#8220;se superar\u00e1 este momento&#8221;.<\/p>\n<p>Tambi\u00e9n comparecieron ante el Parlamento para explicar las consecuencias del desastre y dar datos sobre el n\u00famero de v\u00edctimas, el titular para las Relaciones con el Parlamento, Piero Giarda, y el subsecretario del Gobierno Antonio Catrical\u00e0, quien anunci\u00f3 que el Ejecutivo abordar\u00e1 ma\u00f1ana en un Consejo de Ministros medidas urgentes para hacer frente a la situaci\u00f3n.<\/p>\n<p>Catrical\u00e0 explic\u00f3, adem\u00e1s, que el Ejecutivo tiene previsto declarar el pr\u00f3ximo 4 de junio jornada de luto nacional.<\/p>\n<p>Asimismo, se\u00f1al\u00f3 que los expertos barajan la hip\u00f3tesis de que el temblor de 5,8 grados registrado hoy no sea una r\u00e9plica de asentamiento del terremoto del 20 de mayo, sino un nuevo se\u00edsmo y precis\u00f3 que todav\u00eda no disponen de los elementos necesarios para poder determinar si ambos fueron originados en la misma falla.<\/p>\n","protected":false},"excerpt":{"rendered":"<p>Al menos quince personas murieron y 200 resultaron heridas en Italia, mientras siete se encuentran desaparecidas y otras 8.000 han sido evacuadas a causa de la serie de terremotos que sacudieron este martes de nuevo la regi\u00f3n de Emilia Romagna, en el noreste del pa\u00eds.<\/p>\n","protected":false},"author":1,"featured_media":390369,"comment_status":"open","ping_status":"open","sticky":false,"template":"","format":"standard","meta":{"footnotes":""},"categories":[24],"tags":[824,680],"class_list":["post-390368","post","type-post","status-publish","format-standard","has-post-thumbnail","hentry","category-mundo","tag-italia","tag-terremoto"],"_links":{"self":[{"href":"https:\/\/diarioelpopular.com\/index.php\/wp-json\/wp\/v2\/posts\/390368","targetHints":{"allow":["GET"]}}],"collection":[{"href":"https:\/\/diarioelpopular.com\/index.php\/wp-json\/wp\/v2\/posts"}],"about":[{"href":"https:\/\/diarioelpopular.com\/index.php\/wp-json\/wp\/v2\/types\/post"}],"author":[{"embeddable":true,"href":"https:\/\/diarioelpopular.com\/index.php\/wp-json\/wp\/v2\/users\/1"}],"replies":[{"embeddable":true,"href":"https:\/\/diarioelpopular.com\/index.php\/wp-json\/wp\/v2\/comments?post=390368"}],"version-history":[{"count":0,"href":"https:\/\/diarioelpopular.com\/index.php\/wp-json\/wp\/v2\/posts\/390368\/revisions"}],"wp:featuredmedia":[{"embeddable":true,"href":"https:\/\/diarioelpopular.com\/index.php\/wp-json\/"}],"wp:attachment":[{"href":"https:\/\/diarioelpopular.com\/index.php\/wp-json\/wp\/v2\/media?parent=390368"}],"wp:term":[{"taxonomy":"category","embeddable":true,"href":"https:\/\/diarioelpopular.com\/index.php\/wp-json\/wp\/v2\/categories?post=390368"},{"taxonomy":"post_tag","embeddable":true,"href":"https:\/\/diarioelpopular.com\/index.php\/wp-json\/wp\/v2\/tags?post=390368"}],"curies":[{"name":"wp","href":"https:\/\/api.w.org\/{rel}","templated":true}]}}