{"id":390772,"date":"2012-06-01T00:03:53","date_gmt":"2012-06-01T04:03:53","guid":{"rendered":"http:\/\/diarioelpopular.com\/?p=390772"},"modified":"2012-06-01T00:03:53","modified_gmt":"2012-06-01T04:03:53","slug":"premios-fronteras-del-conocimiento","status":"publish","type":"post","link":"https:\/\/diarioelpopular.com\/index.php\/2012\/06\/01\/premios-fronteras-del-conocimiento\/","title":{"rendered":"PREMIOS FRONTERAS DEL CONOCIMIENTO"},"content":{"rendered":"<div>\n<p><strong>GALARDONADOS 2011<\/strong><\/p>\n<\/div>\n<div>\n<div id=\"attachment_390773\" style=\"width: 710px\" class=\"wp-caption aligncenter\"><a href=\"https:\/\/diarioelpopular.com\/wp-content\/uploads\/2012\/05\/web.reconocimiento.jpg\"><img loading=\"lazy\" decoding=\"async\" aria-describedby=\"caption-attachment-390773\" class=\"size-full wp-image-390773\" title=\"web.reconocimiento\" src=\"https:\/\/diarioelpopular.com\/wp-content\/uploads\/2012\/05\/web.reconocimiento.jpg\" alt=\"\" width=\"700\" height=\"420\" \/><\/a><p id=\"caption-attachment-390773\" class=\"wp-caption-text\">MICHEL MAYOR Y DIDIER QUELOZ<\/p><\/div>\n<p>Esta contribuci\u00f3n les permiti\u00f3 \u201cel descubrimiento, en 1995, de un planeta gigante que orbita alrededor de otra estrella, hallazgo que ha dado lugar a una revoluci\u00f3n en la astronom\u00eda. En la actualidad se conocen ya m\u00e1s de quinientos exoplanetas e incluso se han realizado las primeras mediciones de algunas de sus atm\u00f3sferas\u201d, prosigue el jurado.<\/p>\n<\/div>\n<p>Hoy pocos dudan de que el descubrimiento de Mayor y Queloz ha ampliado las fronteras del conocimiento. Cuando empezaron a buscar planetas en torno a estrellas de tipo solar muy pocos astrof\u00edsicos cre\u00edan que fuera posible detectar un objeto peque\u00f1o y oscuro situado muy cerca de otro \u2013la estrella- enorme y brillante. Los premiados idearon y desarrollaron una t\u00e9cnica llamada de velocidad radial, basada en el efecto Doppler, para detectarlos indirectamente. Consiste en medir en la luz de la estrella la huella de los cambios causados en su movimiento por la atracci\u00f3n gravitatoria entre planeta y estrella.<\/p>\n<p>Gracias a este m\u00e9todo se han descubiertos la mayor\u00eda de los planetas extrasolares hoy catalogados. Adem\u00e1s, Mayor y Queloz han participado directamente en la construcci\u00f3n del HARPS, el instrumento m\u00e1s exitoso en la aplicaci\u00f3n de esta t\u00e9cnica \u2013\u201cla m\u00e1quina l\u00edder mundial para el descubrimiento de planetas\u201c, se\u00f1ala el acta. Los galardonados se han implicado tambi\u00e9n en el desarrollo de otras t\u00e9cnicas, como el m\u00e9todo del tr\u00e1nsito, que detecta el planeta por el lev\u00edsimo oscurecimiento que su paso provoca en la luz de la estrella y que ha conducido a la primera detecci\u00f3n de un planeta extrasolar rocoso.<\/p>\n<p>\u201cEstoy enormemente agradecido y honrado\u201d, ha dicho Mayor, que al conocer la noticia se encontraba en el famoso radiotelescopio gigante de Arecibo, en Puerto Rico, participando en un Workshop. Queloz, su doctorando cuando detectaron por primera vez la se\u00f1al de un planeta orbitando en torno a la estrella <em>51 Pegasi<\/em>, volv\u00eda a Ginebra desde Par\u00eds cuando recibi\u00f3 la llamada del jurado. \u201cMe siento muy orgulloso, lo interpreto como un reconocimiento al trabajo que Michel y yo llevamos haciendo desde hace casi veinte a\u00f1os, y que ha cambiado enormemente la astrof\u00edsica\u201d, ha declarado.<\/p>\n<p><strong> Un descubrimiento \u2018demasiado\u2019 r\u00e1pido<\/strong><\/p>\n<p>Ambos recuerdan como una \u00e9poca muy intensa la del anuncio de su hallazgo. Queloz lo explica as\u00ed: \u201cEntonces muy pocos se dedicaban a buscar planetas, el nuestro era un proyecto muy peculiar; hab\u00edamos construido un instrumento extremadamente preciso, y cre\u00edamos que pasar\u00edan a\u00f1os antes de tener una se\u00f1al. \u00a1Pero la se\u00f1al lleg\u00f3 muy pronto! Sin embargo era muy extra\u00f1a, no encajaba con ning\u00fan planeta de los que conoc\u00edamos en el Sistema Solar. Al principio pens\u00e9 que me hab\u00eda equivocado. Pero Michel tiene una mente abierta a lo inesperado, eso tuvo una gran importancia\u201d.<\/p>\n<p>A\u00fan as\u00ed, Mayor decidi\u00f3 que esperar\u00edan a que la estrella fuera observable de nuevo, un a\u00f1o m\u00e1s tarde, seg\u00fan \u00e9l mismo cuenta: \u201cEn julio de 1995 repetimos las observaciones y ah\u00ed estaba la se\u00f1al, nada hab\u00eda cambiado, ten\u00edamos un planeta\u201d, afirma.<\/p>\n<p>Sus dudas iniciales proven\u00edan sobre todo del tipo de planeta detectado: de masa similar a la de J\u00fapiter pero, al contrario que \u00e9ste y que los dem\u00e1s planetas gigantes gaseosos del Sistema Solar, muy pr\u00f3ximo a la estrella. <em>51 Pegasi b<\/em> \u2013as\u00ed se lo bautiz\u00f3\u2013 tarda s\u00f3lo cuatro d\u00edas en dar una vuelta completa alrededor de su estrella. La inmensa mayor\u00eda de los planetas detectados desde entonces son de este tipo, pero en ese momento \u201cfue una gran sorpresa, no sab\u00edamos qu\u00e9 era\u201d, recuerda Mayor.<\/p>\n<p>Una vez confirmadas las medidas enviaron su trabajo a la revista <em>Nature<\/em>. Dos de los tres astrof\u00edsicos que lo revisaron recomendaron su publicaci\u00f3n. El art\u00edculo deb\u00eda salir el 23 de noviembre de 1995, pero en octubre Mayor y Queloz comunicaron el resultado en un congreso especializado en Florencia: la noticia salt\u00f3 a los medios, y desde entonces los planetas extrasolares no han abandonado los titulares. \u201cLa atenci\u00f3n de los medios fue del todo inesperada para nosotros\u201d, dijo Mayor. \u201cS\u00f3lo entonces nos dimos cuenta de la importancia que tiene este trabajo para el p\u00fablico\u201d.<\/p>\n<p>Para Mayor, \u201cel principal reto ahora es tratar de entender la f\u00edsica de la formaci\u00f3n de estos planetas\u201d. Pero, m\u00e1s a largo plazo, \u201clo que realmente queremos, el aut\u00e9ntico gran desaf\u00edo, es entender si la vida es un fen\u00f3meno com\u00fan en el universo. No s\u00e9 cu\u00e1ndo podremos detectar si un planeta alberga vida, porque exige medidas muy dif\u00edciles que seguramente s\u00f3lo se podr\u00e1n hacer desde el espacio, pero sabemos que la vida deja una impronta en la atm\u00f3sfera de los planetas. Estoy seguro de que las agencias espaciales considerar\u00e1n este objetivo una prioridad\u201d.<\/p>\n<p><strong>Michel Mayor<\/strong> naci\u00f3 en Lausanne (Suiza) en 1942. Licenciado en F\u00edsica por la universidad de su ciudad natal, se especializ\u00f3 en Astrof\u00edsica en la Universidad de Ginebra en 1966. Nunca m\u00e1s abandonar\u00eda esta instituci\u00f3n, donde se doctor\u00f3 en 1971 y luego ser\u00eda investigador, profesor, catedr\u00e1tico y catedr\u00e1tico em\u00e9rito, cargo que ocupa en la actualidad. Entre 1998 y 2004 fue director del Observatorio de Ginebra. La impronta de Michel Mayor se cifra en m\u00e1s de 700 publicaciones cient\u00edficas, reflejo de una actividad investigadora que le ha valido siete doctorados honoris causa y una veintena de distinciones, entre las que figuran la\u00a0 Medalla Albert Einstein (2004), Caballero de la Legi\u00f3n de Honor francesa (2004) o el Premio Shaw de Astronom\u00eda (2005).<\/p>\n<p>Tambi\u00e9n de nacionalidad suiza, <strong>Didier Queloz<\/strong> (1966) ha forjado su carrera en la Universidad de Ginebra. F\u00edsico de formaci\u00f3n, se doctor\u00f3 en Astrof\u00edsica con Michel Mayor en 1995: su trabajo como doctorando fue precisamente el que le conducir\u00eda al hallazgo del primer exoplaneta. Entre 1997 y 1999 fue <em>Distinguished visiting scientist<\/em> en el Jet Propulsion Lab (California, EE UU) y en 2000 volvi\u00f3 la Universidad de Ginebra, donde es catedr\u00e1tico desde 2008.<\/p>\n<p><strong> Jurado internacional<\/strong><\/p>\n<p>El jurado de esta categor\u00eda est\u00e1 presidido por Theodor H\u00e4nsch, premio Nobel de F\u00edsica 2005, catedr\u00e1tico de F\u00edsica en la Universidad Ludwig Maximilian de M\u00fanich y director del Departamento de Espectroscop\u00eda L\u00e1ser en el Instituto Max Planck de \u00d3ptica Cu\u00e1ntica (Garching, Alemania), y cuenta como secretario con Avelino Corma, profesor de investigaci\u00f3n en el Instituto de Tecnolog\u00eda Qu\u00edmica (CSIC\u2013Universitat de Val\u00e8ncia). Tambi\u00e9n formaron parte del jurado Douglas Abraham, catedr\u00e1tico de F\u00edsica Estad\u00edstica en el Rudolf Peierls Centre for Theoretical Physics de la Universidad de Oxford (Reino Unido); Ignacio Cirac, director de la Divisi\u00f3n Te\u00f3rica del Instituto Max Planck de \u00d3ptica Cu\u00e1ntica (Garching, Alemania) y premio Fundaci\u00f3n BBVA Fronteras del Conocimiento en su primera edici\u00f3n; Hongkun Park, catedr\u00e1tico de Qu\u00edmica y Biolog\u00eda Qu\u00edmica y de F\u00edsica en la Universidad de Harvard (EE UU); Martin Quack, profesor de F\u00edsica-Qu\u00edmica en la Escuela Polit\u00e9cnica Federal (ETH) de Z\u00farich (Suiza), y Sandip Tiwari, C\u00e1tedra Charles N. Mellowes de Ingenier\u00eda en la Universidad de Cornell (EE UU).<\/p>\n<div>\n<p><strong>Alexander Varshavsky<\/strong><\/p>\n<\/div>\n<p><strong>El Premio Fundaci\u00f3n BBVA Fronteras del Conocimiento en la categor\u00eda de Biomedicina ha sido concedido en su cuarta edici\u00f3n al bioqu\u00edmico estadounidense de origen ruso Alexander Varshavsky por descubrir los mecanismos implicados en la degradaci\u00f3n de prote\u00ednas, as\u00ed como su importancia fundamental en los sistemas biol\u00f3gicos.<\/strong><\/p>\n<p>Varshavsky, que en la actualidad trabaja en el Instituto Tecnol\u00f3gico de California (Caltech), demostr\u00f3 que un tipo de prote\u00ednas llamadas ubiquitinas funcionan como etiquetas uni\u00e9ndose a las prote\u00ednas que deben ser destruidas. \u201cEste sistema es esencial en las funciones celulares habituales, desde el control de la transcripci\u00f3n gen\u00e9tica, la s\u00edntesis de prote\u00ednas y la reparaci\u00f3n del ADN; a la divisi\u00f3n celular y la respuesta al estr\u00e9s\u201d, se\u00f1ala el acta del jurado.<\/p>\n<p>Las investigaciones de Varshavsky (Mosc\u00fa, 1946) han abierto todo un nuevo campo en la Biomedicina, ya que hay una amplia variedad de enfermedades en que este mecanismo de degradaci\u00f3n de las prote\u00ednas es defectuoso.<\/p>\n<p><strong> Implicaciones en la comprensi\u00f3n del c\u00e1ncer y de\u00a0las enfermedades inmunol\u00f3gicas y neurodegerenativas<\/strong><\/p>\n<p>El trabajo de Varshavsky tiene implicaciones en la comprensi\u00f3n del c\u00e1ncer y de las enfermedades del sistema inmune y neurodegenerativas, \u201cincluyendo la enfermedad de Parkinson\u201d, cita el acta. \u201cEs probable que los f\u00e1rmacos que act\u00faan sobre el sistema de degradaci\u00f3n de prote\u00ednas regulado por las ubiquitinas tengan una repercusi\u00f3n amplia en la medicina\u201d.<\/p>\n<p>Mientras unas prote\u00ednas se mantienen estables durante d\u00edas, otras duran apenas unas horas. El proceso de degradaci\u00f3n de las prote\u00ednas, por tanto, es esencial para la vida de la c\u00e9lula, y ha sido el trabajo de Alexander Varshavsky el que ha permitido entender c\u00f3mo se produce.<\/p>\n<p>En la d\u00e9cada de los 80, el premiado descubri\u00f3 que las ubiquitinas se acoplan a las prote\u00ednas que deben ser destruidas mediante un tipo de enzimas \u2013las llamadas ubiquitin-ligasas\u2013 una familia numerosa de mol\u00e9culas con gran especificidad, lo que hace posible que el mecanismo sea selectivo para diferentes prote\u00ednas.<\/p>\n<p>Varshavsky ha explicado, tras conocer la concesi\u00f3n del premio, la trascendencia de su trabajo: \u201cMe siento un privilegiado por haber contribuido al nacimiento de este campo, y por haber participado en su desarrollo posterior. El \u00e1rea creci\u00f3 r\u00e1pidamente en los noventa, hasta convertirse en un campo amplio y variado\u201d, se\u00f1ala Varshavsky.<\/p>\n<p>\u201cUno de los aspectos m\u00e1s sorprendentes de las ubiquitinas es que se resisten a envejecer como \u00e1rea de investigaci\u00f3n. Tras tres d\u00e9cadas en continua expansi\u00f3n siguen emergiendo nuevas preguntas, nuevos problemas y nuevos descubrimientos fundamentales\u201d. De hecho una de las contribuciones m\u00e1s recientes del premiado fue la publicaci\u00f3n en 2010 de un art\u00edculo en el que describ\u00eda un nuevo mecanismo involucrado en la\u00a0 degradaci\u00f3n de las prote\u00ednas, la acetilaci\u00f3n del extremo N-terminal de las prote\u00ednas.<\/p>\n<p>La b\u00fasqueda de terapias y nuevos f\u00e1rmacos basados en las ubiquitinas es hoy una de las \u00e1reas con m\u00e1s actividad en el campo de la biomedicina. \u201cHay una ingente investigaci\u00f3n m\u00e9dica en marcha, tanto en compa\u00f1\u00edas farmac\u00e9uticas como en universidades, para dise\u00f1ar peque\u00f1as mol\u00e9culas que bien inhiban o amplifiquen muchos aspectos funcionales de las ubiquitinas\u201d, dice Varshavsky.\u00a0 Es decir, la\u00a0 investigaci\u00f3n traslacional a partir del trabajo de Varshavsky trata bien de activar o desactivar el mecanismo de degradaci\u00f3n en funci\u00f3n de la enfermedad que pretende tratarse.<\/p>\n<p>La candidatura de Alexander Varshavsky ha sido presentada por el Premio Nobel de Qu\u00edmica 2006 Roger Kornberg, de la Facultad de Medicina de Stanford (EE UU); Ulrich Hartl, del Instituto Max Planck de Bioqu\u00edmica (Alemania); y Elliot Meyerowitz, del Instituto Tecnol\u00f3gico de California (EE UU).<\/p>\n<p><strong> Una temprana pasi\u00f3n por la ciencia<\/strong><\/p>\n<p>Alexander Varshavsky naci\u00f3 en 1946 en Mosc\u00fa. Hijo de un f\u00edsico-qu\u00edmico y de una m\u00e9dico, creci\u00f3 en un entorno dedicado a la ciencia. \u201cMi inter\u00e9s inicial por la ciencia, que despu\u00e9s se convertir\u00eda en una pasi\u00f3n, fue resultado de la uni\u00f3n de lo innato y lo adquirido\u201d, ha declarado.<\/p>\n<p>En la adolescencia,\u00a0 y a trav\u00e9s de reuniones en su casa, comienza a relacionarse con el ambiente cient\u00edfico de Mosc\u00fa. Gracias a sus excelentes notas, consigue entrar en la prestigiosa Universidad Estatal de Mosc\u00fa en 1964. Quiere estudiar Biolog\u00eda, pero tambi\u00e9n F\u00edsica, Matem\u00e1ticas y Qu\u00edmica. Supera con sobresaliente los cinco ex\u00e1menes de entrada. Finalmente se licencia en Qu\u00edmica.<\/p>\n<p>En enero de 1968 publica en la revista rusa \u201cBiolog\u00eda Molecular\u201d un art\u00edculo te\u00f3rico en el que inclu\u00eda ecuaciones diferenciales que describ\u00edan el comportamiento de los circuitos en los que los represores se regulaban a s\u00ed mismos. En la literatura cient\u00edfica en ingl\u00e9s, no se abord\u00f3 esta cuesti\u00f3n hasta 1971.<\/p>\n<p>De 1970 a 1977, Varshavsky entra a formar parte del Instituto de Biolog\u00eda Molecular moscovita. En 1973 obtiene el doctorado en Bioqu\u00edmica y se dedica fundamentalmente a la estructura y organizaci\u00f3n de los cromosomas, entonces un misterio. Alguno de sus hallazgos se publican en la URSS, pero tambi\u00e9n en Occidente. Recibe invitaciones\u00a0 para dar conferencias en el extranjero, todas denegadas, con la \u00fanica excepci\u00f3n de dos pa\u00edses comunistas: Bulgaria y la Rep\u00fablica Democr\u00e1tica de Alemania.\u00a0 Sin embargo, la invitaci\u00f3n, en 1976, del bi\u00f3logo estructural Aaron Klug para una conferencia en Londres cambia su destino. Con la venia del director del IMB, Vladimir Engelhardt, vuela en febrero de 1977 de Mosc\u00fa a Londres, pero regresa para no dejar en evidencia a su mentor. Por haber vuelto, se relajan los impedimentos para que vuelva a salir fuera del pa\u00eds, y lo consigue a finales de ese a\u00f1o, v\u00eda Finlandia, donde es invitado a un congreso. Escapa en un ferry desde Helsinki a Estocolmo y de all\u00ed a Fr\u00e1ncfort, desde donde contact\u00f3 con David Baltimore\u00a0del Massachussets Institute of Tecnology (MIT), que en 1975 hab\u00eda recibido el Premio Nobel de Medicina y le ayud\u00f3 a conseguir un visado para Estados Unidos.<\/p>\n<p>Ese mismo a\u00f1o hab\u00eda conseguido que un trabajo suyo\u00a0 realizado todav\u00eda en la Uni\u00f3n Sovi\u00e9tica fuera aceptado para su publicaci\u00f3n en la revista <em>Cell<\/em>, lo que supon\u00eda toda una rareza en la \u00e9poca. (Bakayev, V. V., Bakayeva, T. G. and Varshavsky, A. (1977) &#8220;Nucleosomes and subnucleosomes: heterogeneity and composition&#8221;. <em>Cell<\/em> 11, 619-630).<\/p>\n<p>En Estados Unidos tras dar un seminario en el Departamento de Biolog\u00eda, recibe una oferta del MIT, donde pasar\u00e1 de ser profesor auxiliar (1977-1980) a profesor adjunto (1980-1986) y finalmente catedr\u00e1tico de Biolog\u00eda. En 1992 es nombrado titular de la c\u00e1tedra Howard &amp; Gwen Laurie Smits de Biolog\u00eda Celular en el Departamento de Biolog\u00eda del Instituto Tecnol\u00f3gico de California.<\/p>\n<p><strong>Jurado internacional<\/strong><\/p>\n<p>El jurado de esta categor\u00eda est\u00e1 presidido por Werner Arber, premio Nobel de Medicina y catedr\u00e1tico em\u00e9rito de Microbiolog\u00eda Molecular en el Biozentrum de la Universidad de Basilea (Suiza), y cuenta como secretario con Robin Lovell-Badge, director de la Divisi\u00f3n de Biolog\u00eda de las C\u00e9lulas Madre y Gen\u00e9tica del Desarrollo del National Institute for Medical Research (Reino Unido).<\/p>\n<p>Tambi\u00e9n forman parte del jurado Adriano Aguzzi, director del Departamento de Patolog\u00eda y del Instituto de Neuropatolog\u00eda del Hospital Universitario de Z\u00farich (Suiza); Dario Alessi, director adjunto de la Unidad de Fosforilaci\u00f3n de Prote\u00ednas de la Universidad de Dundee; Francisco S\u00e1nchez Madrid, director del Departamento de Inmunolog\u00eda del Hospital Universitario La Princesa de Madrid (Espa\u00f1a); Ursula Ravens, directora del Departamento de Farmacolog\u00eda y Toxicolog\u00eda de la Universidad Tecnol\u00f3gica de Dresden (Alemania); Angelika Schnieke, titular de la C\u00e1tedra de Biotecnolog\u00eda Animal en el Departamento de Ciencias Animales de la Technische Universit\u00e4t Manchen (Alemania); y Bruce Whitelaw, director de la Divisi\u00f3n de Biolog\u00eda del Desarrollo del Instituto Roslin de Edimburgo (Reino Unido).<\/p>\n<p><strong>Daniel H. Janzen<\/strong><\/p>\n<p><strong>El Premio Fundaci\u00f3n BBVA Fronteras del Conocimiento en la categor\u00eda de Ecolog\u00eda y Biolog\u00eda de la Conservaci\u00f3n ha sido concedido al ec\u00f3logo y naturalista estadounidense Daniel H. Janzen \u201cpor su trabajo pionero en la ecolog\u00eda tropical y la conservaci\u00f3n de los ecosistemas tropicales\u201d.<\/strong><\/p>\n<p>El trabajo de Janzen (Milwaukee, 1939) ha permitido pasar de un conocimiento meramente descriptivo de los ecosistemas tropicales a la comprensi\u00f3n de su funcionamiento. \u201cDaniel Janzen es el prototipo del ec\u00f3logo cabal, que a\u00fana pericia y experiencia en historia natural con rigor cient\u00edfico y pensamiento innovador\u201d, se\u00f1ala el acta.<\/p>\n<p>\u201cHa aplicado sus conocimientos a la conservaci\u00f3n de la biodiversidad, y ha dado forma a la disciplina de la ecolog\u00eda tropical tal y como la conocemos hoy en d\u00eda\u201d, afirma el jurado. Sus aportaciones han sido cruciales para comprender las interacciones ecol\u00f3gicas entre animales y plantas, al investigar desde c\u00f3mo las semillas y las hojas evolucionan conjuntamente con los animales que las consumen, hasta el papel de los herb\u00edvoros como reguladores de la diversidad de ecosistemas tropicales.<\/p>\n<p>La labor de Janzen tambi\u00e9n ha sido crucial para la conservaci\u00f3n. Catedr\u00e1tico de Biolog\u00eda de la Conservaci\u00f3n en la Universidad de Pensilvania (EE UU), Janzen ha pasado gran parte de los \u00faltimos 40 a\u00f1os en Costa Rica, donde ha impulsado la creaci\u00f3n del \u00c1rea de Conservaci\u00f3n Guanacaste, una de las reservas de selva tropical m\u00e1s exitosas del planeta. Su visi\u00f3n a la hora de implicar muy directamente a poblaci\u00f3n local de Guanacaste en la gesti\u00f3n de la reserva ha inaugurado el concepto de \u201cdesarrollo basado en la biodiversidad\u201d: la poblaci\u00f3n local ha adquirido una formaci\u00f3n exquisita sobre su entorno y ha convertido la propia selva en su fuente de bienestar.<\/p>\n<p>Una de sus ideas m\u00e1s celebradas, como destaca el jurado, es la de formar a la poblaci\u00f3n local como \u2018paratax\u00f3nomos\u2019; Janzen ense\u00f1a a los habitantes de estas zonas a reconocer una gran cantidad de especies y participar en estudios de catalogaci\u00f3n de la biodiversidad a gran escala que utilizan la t\u00e9cnica del c\u00f3digo de barras gen\u00e9tico. Ello ha permitido desarrollar iniciativas como el Instituto Nacional de la Biodiversidad en Costa Rica, para catalogar y preservar las m\u00e1s de 500.000 especies animales y vegetales de ese pa\u00eds y servir como modelo a acciones similares en otros pa\u00edses.<\/p>\n<p>Como explica el acta, Janzen \u201ces pionero en la ciencia de la restauraci\u00f3n ecol\u00f3gica; (\u2026) ha liderado la restauraci\u00f3n y conservaci\u00f3n de miles de hect\u00e1reas de paisaje antes degradado (\u2026) y contin\u00faa liderando un programa de investigaci\u00f3n innovador en la conservaci\u00f3n de biodiversidad tropical mediante su integraci\u00f3n con las culturas locales\u201d.<\/p>\n<p>\u201cEste galard\u00f3n nos permite a m\u00ed y a mi esposa [la ec\u00f3loga Winnie Hallwachs] sentir que la comunidad cient\u00edfica, y quienes usan la biodiversidad sin da\u00f1arla, aprecian lo que tratamos de hacer desde hace 25 a\u00f1os\u201d, ha comentado Janzen tras recibir la noticia del fallo. \u201cDedicaremos el premio a financiar m\u00faltiples proyectos de investigaci\u00f3n en taxonom\u00eda, ecolog\u00eda y desarrollo basado en la biodiversidad de otros miembros de nuestro equipo que no han logrado fondos; estos proyectos son parte integral de nuestros esfuerzos para conservar las regiones tropicales\u201d.<\/p>\n<p>El galardonado ha alertado sobre la situaci\u00f3n de los ecosistemas tropicales, que est\u00e1n hoy \u201cmuy amenazados\u201d y se enfrentan a un \u201cproceso de destrucci\u00f3n acelerado\u201d. \u201cLos tr\u00f3picos contienen gran parte de los libros biol\u00f3gicos del planeta que nos quedan por leer, y tambi\u00e9n una enorme porci\u00f3n del carbono que hemos inyectado en la atm\u00f3sfera y que ha dado lugar al catastr\u00f3fico cambio clim\u00e1tico que nosotros mismos hemos provocado\u201d.<\/p>\n<p><strong>El mayor proyecto de restauraci\u00f3n forestal del mundo<\/strong><\/p>\n<p>El \u00c1rea de Conservaci\u00f3n Guanacaste (ACG) es una extensa zona de selva protegida en Costa Rica, que el propio Janzen contribuy\u00f3 a convertir en reserva protegida hace 25 a\u00f1os. Como explica el acta, \u201ccomenzando con 10.000 hect\u00e1reas de terreno degradado, esta \u00e1rea se ampli\u00f3 hasta alcanzar 130.000 hect\u00e1reas de un sistema forestal restaurado y funcional\u201d. El ACG es Patrimonio de la Humanidad por la UNESCO y el modelo de trabajo de referencia de todo el sistema de parques nacionales costarricense.<\/p>\n<p>Est\u00e1 reconocida internacionalmente como uno de los mejores ejemplos tropicales de &#8220;conservaci\u00f3n a trav\u00e9s del desarrollo de la biodiversidad&#8221;, y es, adem\u00e1s, el mayor proyecto de restauraci\u00f3n forestal del mundo. \u201cEl ACG es un modelo de c\u00f3mo conservar un gran sistema tropical complejo y ha resultado inspirador para la biolog\u00eda tropical y para iniciativas de conservaci\u00f3n en todo el mundo\u201d.<br \/>\n<strong>De las orugas y sus par\u00e1sitos al \u2018c\u00f3digo de barras\u2019 de la vida<\/strong><\/p>\n<p>En la primera etapa de su carrera, entre los a\u00f1os sesenta y ochenta, Janzen se convirti\u00f3 en una figura clave en el dise\u00f1o y la ejecuci\u00f3n de experimentos de campo en ecolog\u00eda tropical sobre todo en Costa Rica, pero tambi\u00e9n en \u00c1frica, Asia y Australia. \u201cMi investigaci\u00f3n persigue una comprensi\u00f3n total de las redes tr\u00f3ficas de una enorme regi\u00f3n tropical conservada\u201d, explica. \u201cEsto implica identificar y documentar al menos 30.000 especies de plantas, orugas y par\u00e1sitos en un \u00e1rea tan grande como la comunidad de Madrid, y hacerlo con la poblaci\u00f3n local costarricense\u201d.<\/p>\n<p>Janzen ha investigado sobre todo las numerosas especies de orugas de mariposas, las plantas que consumen y los par\u00e1sitos que se alimentan de ellas, en lo que constituye uno de los trabajos m\u00e1s exhaustivos jam\u00e1s llevados a cabo en esta \u00e1rea. \u201cDescubrir qu\u00e9 planta come cada oruga, y qu\u00e9 par\u00e1sito come cada oruga, y por qu\u00e9, c\u00f3mo y cu\u00e1ndo, es aprender a leer la biodiversidad\u201d.<\/p>\n<p>Y leer la biodiversidad, dice Janzen, es un requisito indispensable para aprender a conservarla. \u201cHoy en d\u00eda la humanidad trata la biodiversidad como un analfabeto trata la literatura: ve en ella madera para combustible, papel higi\u00e9nico y cajas de cart\u00f3n. Yo me dedico a las orugas, a las plantas y a los par\u00e1sitos porque me despiertan curiosidad y porque me han ense\u00f1ado a leer\u201d.<\/p>\n<p>Adem\u00e1s, Janzen es uno de los pioneros, y principales promotores, del uso de las t\u00e9cnicas gen\u00e9ticas de \u00faltima generaci\u00f3n basadas en secuenciaci\u00f3n de ADN para clasificaci\u00f3n de especies. En concreto, es uno de los promotores del proyecto internacional \u2018c\u00f3digo de barras de la vida\u2019 \u2013<em>International Barcode of Life<\/em>\u2013, que aspira a identificar en los pr\u00f3ximos a\u00f1os el 5% de las especies del planeta mediante marcadores gen\u00e9ticos. Janzen trabaja ahora en los \u2018c\u00f3digos de barras\u2019 de todos los lepid\u00f3pteros de Guanacaste. Son t\u00e9cnicas que permitir\u00e1n r\u00e1pidos diagn\u00f3sticos del status de conservaci\u00f3n de faunas muy diversas, al posibilitar la r\u00e1pida catalogaci\u00f3n de especies.<\/p>\n<p><strong><br \/>\nJurado internacional<\/strong><\/p>\n<p>El jurado de esta categor\u00eda est\u00e1 presidido por Daniel Pauly, catedr\u00e1tico de Recursos Pesqueros en la Universidad de British Columbia (Canad\u00e1), y cuenta como secretario con Gary Meffe, <em>Consulting editor<\/em> de <em>Conservation Biology<\/em> y profesor adjunto en el Departamento de Ecolog\u00eda y Conservaci\u00f3n de Especies Animales en la Universidad de Florida (EE UU). Tambi\u00e9n forman parte del jurado Wilhelm Boland, director del Instituto Max Planck de Ecolog\u00eda Qu\u00edmica (Alemania); Joanna Burger, <em>Distinguished Professor<\/em> de Biolog\u00eda de la Universidad Rutgers (EE UU); Pedro Jordano, profesor de investigaci\u00f3n de la Estaci\u00f3n Biol\u00f3gica de Do\u00f1ana (CSIC, Espa\u00f1a) y coordinador del Plan Nacional de I+D sobre Biodiversidad; y Andrew Sugden, Editor adjunto y Director Editorial Internacional en Cambridge (Reino Unido) de la central europea de AAAS Science (Reino Unido).<\/p>\n<div>\n<p><strong>Carver Mead<\/strong><\/p>\n<\/div>\n<p><strong>El Premio Fundaci\u00f3n BBVA Fronteras del Conocimiento en la categor\u00eda de Tecnolog\u00edas de la Informaci\u00f3n y la Comunicaci\u00f3n se ha concedido en su cuarta edici\u00f3n al ingeniero electr\u00f3nico estadounidense Carver Mead, por ser \u201cel pensador y el pionero m\u00e1s influyente\u201d de la tecnolog\u00eda del silicio, y hacer posible \u201cla construcci\u00f3n de los microchips con miles de millones de transistores que rigen el funcionamiento de los dispositivos electr\u00f3nicos \u2013ordenadores port\u00e1tiles, tabletas, m\u00f3viles, reproductores de DVD, entre otros muchos- hoy omnipresentes en nuestra vida diaria\u201d, se\u00f1ala el acta del jurado.<\/strong><\/p>\n<p>Carver Mead (California, 1934), catedr\u00e1tico em\u00e9rito Gordon y Betty Moore de Ingenier\u00eda y Ciencias Aplicadas en el Instituto Tecnol\u00f3gico de California (Caltech), fue el primero en predecir, a principios de los a\u00f1os setenta, que los chips integrar\u00edan millones de transistores, y que con ello la industria crecer\u00eda de forma exponencial.<\/p>\n<p>Fue un pron\u00f3stico basado en una comprensi\u00f3n profunda de la f\u00edsica de los semiconductores, que \u00e9l mismo ha contribuido a hacer realidad: Mead es el creador de los dispositivos VLSI (siglas en ingl\u00e9s de Sistemas Integrados a Muy Gran Escala), constituidos por miles de millones de componentes.<\/p>\n<p>\u201cSus contribuciones han sido fundamentales y de una enorme amplitud y significado\u201d, dice el acta. \u201cSus aportaciones han impulsado la industria de semiconductores, y han hecho posible la creaci\u00f3n de la gran variedad de dispositivos inform\u00e1ticos que permean nuestra vida cotidiana\u201d.<\/p>\n<p><strong><br \/>\n\u201cLa gente no cre\u00eda que fuera posible\u201d<\/strong><\/p>\n<p>\u201cEn aquella \u00e9poca (inicio de los 70) la gente no cre\u00eda que los chips pudieran hacerse muy peque\u00f1os\u201d, ha explicado Mead tras conocer el fallo. \u201cFue un reto en varias etapas. Lo primero fue demostrar que f\u00edsicamente era posible, y saber c\u00f3mo de peque\u00f1os pod\u00edan llegar a ser. Luego hab\u00eda que ver c\u00f3mo conseguirlo. Fuimos paso a paso\u201d.<\/p>\n<p>El trabajo de Mead permiti\u00f3 entender porqu\u00e9 se da la que \u00e9l mismo bautiz\u00f3 como ley de Moore, que indica que la potencia de los procesadores (chips) se duplica m\u00e1s o menos cada a\u00f1o y medio.<\/p>\n<p>Seg\u00fan el acta, \u201cCarver Mead no s\u00f3lo acu\u00f1\u00f3 el t\u00e9rmino ley de Moore, sino que, a trav\u00e9s de su investigaci\u00f3n de leyes f\u00edsicas fundamentales, tambi\u00e9n desarroll\u00f3 los fundamentos cient\u00edficos de esta observaci\u00f3n emp\u00edrica, y se bas\u00f3 en ellos para predecir los l\u00edmites en la miniaturizaci\u00f3n de los chips\u201d.<\/p>\n<p>Demostrando en la teor\u00eda y en la pr\u00e1ctica que estos l\u00edmites estaban todav\u00eda lejos de alcanzarse, Mead se dedic\u00f3 a estimular el desarrollo exponencial del \u00e1rea. Su trabajo fue adem\u00e1s clave a la hora de sistematizar el dise\u00f1o de los nuevos y potentes chips, y lograr as\u00ed que incluso quienes desconoc\u00edan los principios f\u00edsicos pudieran dedicarse a esta tarea. Mead tradujo estos principios \u201ca reglas b\u00e1sicas que pod\u00eda aplicar mucha m\u00e1s gente, aun sin conocimientos especializados en f\u00edsica,\u00a0 para dise\u00f1ar chips mucho m\u00e1s complejos. Ya no era necesario que en cada empresa hubiera un f\u00edsico te\u00f3rico, bastaba un ingeniero electr\u00f3nico que siguiera las pautas de Mead\u201d, explica el arquitecto de hardware Ronald Ho, miembro del jurado.<\/p>\n<p>Otro de los desarrollos de Mead ha sido el de los transistores HEMT, los amplificadores est\u00e1ndar m\u00e1s usados en los tel\u00e9fonos m\u00f3viles, el radar y las comunicaciones sat\u00e9lite de microondas.<\/p>\n<p><strong>Personaje clave en Silicon Valley<\/strong><\/p>\n<p>Mead\u00a0 ha sido uno de los principales protagonistas del desarrollo de Silicon Valley, una etapa que recuerda como \u201cmuy emocionante\u201d. \u201cSab\u00edamos ya entonces que los chips tendr\u00edan un amplio rango de aplicaciones, pero ha habido desarrollos que nadie hubiera podido predecir\u201d, afirma el galardonado.<\/p>\n<p>Mead tambi\u00e9n ha hecho aportaciones en el \u00e1mbito empresarial con importantes repercusiones en los procesos de innovaci\u00f3n. En concreto, introdujo los m\u00e9todos que permitieron separar el dise\u00f1o de los chips de su manufactura; de esta forma \u201clas compa\u00f1\u00edas han podido concentrarse en la investigaci\u00f3n y el desarrollo, sin tener que construir y mantener f\u00e1bricas de chips\u201d, indica el acta. Sin este modelo simplemente \u201cno hubiera sido posible\u201d el desarrollo de la industria de las tecnolog\u00edas de la informaci\u00f3n.<\/p>\n<p>El propio Mead ha creado una veintena de empresas y ha patentado m\u00e1s de ochenta inventos, entre los que figuran los sensores que hoy emplean las c\u00e1maras digitales; sistemas que han permitido el desarrollo de dispositivos t\u00e1ctiles \u2013como el touch pad que en los port\u00e1tiles sustituye el rat\u00f3n-; o sistemas de procesamiento de se\u00f1ales en aud\u00edfonos.<\/p>\n<p>Estos \u00faltimos desarrollos son producto del gran giro dado por Mead en su carrera. Una vez consolidadas sus aportaciones al dise\u00f1o y la fabricaci\u00f3n de microchips, Mead se ha dedicado al estudio de los sistemas biol\u00f3gicos, con un innovador abordaje conceptual: para entender el funcionamiento del ojo o el o\u00eddo, dice Mead, es muy \u00fatil reproducirlos artificialmente.<\/p>\n<p>\u201cSu aportaci\u00f3n ha consistido en comprender los sistemas neuronales biol\u00f3gicos por medio de su recreaci\u00f3n en silicio, lo que ha impulsado el campo del dise\u00f1o de circuitos neurom\u00f3rficos anal\u00f3gicos\u201d, explica el acta. \u201cTomando como base este planteamiento, Mead construy\u00f3 la primera retina y la primera c\u00f3clea de silicio, lo que deriv\u00f3 en algunos de sus \u00e9xitos empresariales\u201d.<\/p>\n<p><strong><br \/>\nUn descubridor precoz de la electr\u00f3nica y la trigonometr\u00eda<\/strong><\/p>\n<p>Carver Mead naci\u00f3 en Bakersfield, California, el 1 de mayo de 1934. En Big Creek, en las monta\u00f1as de Sierra Nevada (California), asisti\u00f3 a la escuela rural con otros veinte compa\u00f1eros y uno o dos profesores, seg\u00fan el a\u00f1o. Recuerda bien c\u00f3mo su profesor de sexto de primaria le descubri\u00f3 el mundo de las matem\u00e1ticas y la ciencia. &#8220;Me dio un libro de trigonometr\u00eda elemental y descubr\u00ed c\u00f3mo averiguar la altura de un \u00e1rbol sin subirme a \u00e9l&#8221;. Su padre le aficion\u00f3 a la electr\u00f3nica tray\u00e9ndole bater\u00edas desechadas, interruptores y otros materiales de la central el\u00e9ctrica en la que trabajaba.<\/p>\n<p>En 1956 se gradu\u00f3 en Ingenier\u00eda Electr\u00f3nica en el Instituto Tecnol\u00f3gico de California (Caltech), instituci\u00f3n a la que dedicar\u00eda su vida acad\u00e9mica. Tras realizar el m\u00e1ster (1957), obtuvo el doctorado en 1960. All\u00ed empez\u00f3 a ense\u00f1ar en 1958 y desarroll\u00f3 su carrera docente hasta convertirse en Gordon and Betty Moore Professor of Engineering and Applied Science. Es autor de m\u00e1s de 200 art\u00edculos cient\u00edficos y de m\u00e1s de 80 patentes. Ha recibido la National Medal of Technology (la mayor distinci\u00f3n en innovaci\u00f3n tecnol\u00f3gica que concede el Gobierno de Estados Unidos), el Lemelsol-MIT Prize, la IEEE John Von Neumann Medal y otra veintena de distinciones.<\/p>\n<p><strong><br \/>\nJurado internacional<\/strong><\/p>\n<p>El jurado de esta categor\u00eda est\u00e1 presidido por Andrea Goldsmith, catedr\u00e1tica de Ingenier\u00eda Electr\u00f3nica de la Universidad de Stanford (EE UU) y cuenta como secretario con Ram\u00f3n L\u00f3pez de M\u00e1ntaras, director del Instituto de Investigaci\u00f3n en Inteligencia Artificial del Consejo Superior de Investigaciones Cient\u00edficas (CSIC). Ha formado tambi\u00e9n parte del jurado Ron Ho, arquitecto de hardware de los Laboratorios Oracle (EE UU); Oussama Khatib, catedr\u00e1tico de Inform\u00e1tica en el Laboratorio de Inteligencia Artificial de la Universidad de Stanford (EE UU), y Nico de Rooij, director del Instituto de Microingenier\u00eda de la Escuela Polit\u00e9cnica Federal de Lausanne (EPFL), en Suiza.<\/p>\n<p><strong>Angus Deaton<\/strong><\/p>\n<p><strong>El Premio Fundaci\u00f3n BBVA Fronteras del Conocimiento en la categor\u00eda de Econom\u00eda, Finanzas y Gesti\u00f3n de Empresas se ha concedido en su cuarta edici\u00f3n al economista brit\u00e1nico Angus Deaton, catedr\u00e1tico de la Universidad de Princeton (EE UU), por su fundamental contribuci\u00f3n a la teor\u00eda del consumo y del ahorro y a la medici\u00f3n del bienestar econ\u00f3mico. Deaton ha desarrollado adem\u00e1s la metodolog\u00eda de referencia para medir los niveles de pobreza.<\/strong><\/p>\n<p>El\u00a0jurado ha a\u00f1adido que \u201csu investigaci\u00f3n aplica m\u00e9todos rigurosos a los problemas importantes del mundo real. A lo largo de su carrera, su trabajo se ha caracterizado por sus esfuerzos para comprender la evidencia emp\u00edrica apoy\u00e1ndose en estructuras te\u00f3ricas claramente articuladas y en la identificaci\u00f3n de los comportamientos\u00a0 subyacentes a los datos\u201d.<\/p>\n<p>Deaton (Edimburgo, 1945) pas\u00f3 de aplicar la microeconometr\u00eda para analizar la\u00a0 demanda de los consumidores a incorporar el consumo como indicador clave en la medici\u00f3n del bienestar y la pobreza.\u00a0 \u201cNos ha ayudado a entender mejor la relaci\u00f3n entre consumo y renta, pero tambi\u00e9n ha evidenciado que hay elementos en esa relaci\u00f3n que no funcionan y que\u00a0 hay que revisar\u201d.<\/p>\n<p>As\u00ed, frente al enfoque tradicional que considera la renta per c\u00e1pita como medida de desarrollo, Deaton propone usar el consumo per c\u00e1pita dentro de un esquema que gira en torno al eje salud-riqueza-bienestar y que, a juicio del jurado, \u201cha abierto nuevos caminos en la econom\u00eda del desarrollo\u201d.<\/p>\n<p><strong><br \/>\nEncuestas a domicilio para medir la pobreza<\/strong><\/p>\n<p>Otro de los rasgos distintivos de su trabajo es el uso de encuestas detalladas en lugar de los datos agregados de las Cuentas Nacionales. \u201cSe ha centrado, en particular, en los est\u00e1ndares de vida de los pobres en los pa\u00edses en v\u00edas de desarrollo. Ha sido pionero en las encuestas a las familias, realizadas casa por casa en estos pa\u00edses como instrumento para medir mejor la pobreza y lograr una comprensi\u00f3n m\u00e1s adecuada de los factores que la determinan\u201d.<\/p>\n<p>En palabras del jurado, \u201cse dio cuenta de que el crecimiento del PIB, el consumo o los datos sobre ventas de coches no serv\u00edan para tener una visi\u00f3n real del bienestar de la poblaci\u00f3n y que, sobre todo cuando de los hogares m\u00e1s pobres se trataba, eran necesarios datos m\u00e1s detallados sobre el consumo, la ingesta de calor\u00edas, el gasto en medicamentos o la frecuentaci\u00f3n de los sistemas sanitarios\u201c. Para obtenerlos es necesario recurrir a grandes encuestas a las familias con cuestionarios espec\u00edficos que ofrecen m\u00e1s informaci\u00f3n sobre el comportamiento de los individuos en aspectos que son claves para el bienestar.<\/p>\n<p>La especificidad y el detalle de estos cuestionarios permiten segmentar a la poblaci\u00f3n y analizar\u00a0 el impacto de las medidas pol\u00edticas adoptadas en funci\u00f3n de los distintos aspectos del comportamiento econ\u00f3mico contemplados en las encuestas.<\/p>\n<p>Un elemento fundamental para medir el n\u00famero de pobres es determinar una l\u00ednea de pobreza, que depende del nivel de precios de los bienes disponibles para su consumo. Su trabajo sobre \u00edndices de precios para calcular l\u00edneas de pobreza ha sido tambi\u00e9n muy influyente, cuestionando los c\u00e1lculos oficiales de algunos pa\u00edses y organismos internacionales.\u00a0 Por ejemplo, la aplicaci\u00f3n de sus m\u00e9todos en la investigaci\u00f3n sobre la pobreza en la India, ha concluido que no toda la poblaci\u00f3n se est\u00e1 beneficiando del crecimiento econ\u00f3mico de la potencia emergente, lo que ha suscitado un intenso debate social y pol\u00edtico.<\/p>\n<p><strong>Percepci\u00f3n del bienestar<\/strong><\/p>\n<p>En la etapa m\u00e1s reciente se ha interesado por factores subjetivos que influyen\u00a0 en la percepci\u00f3n del bienestar, siendo firmante, junto al premio Nobel Daniel Kahneman, de un art\u00edculo publicado en <em>Proceedings of the National Academies of Sciences<\/em> en septiembre de 2010 sobre la relaci\u00f3n entre ingresos y sensaci\u00f3n de bienestar emocional. Analizaron las encuestas realizadas a 450.000 estadounidenses durante 2008 y 2009 para indagar la relaci\u00f3n entre dinero y felicidad. Entre sus conclusiones, se\u00f1alaban que a partir de los 75.000 d\u00f3lares anuales, tener m\u00e1s renta no aumentaba la felicidad.<\/p>\n<p>Actualmente, su atenci\u00f3n se centra en el an\u00e1lisis de las consecuencias de la crisis: \u201cEstoy intentando medir el impacto de la crisis en diferentes pa\u00edses de Europa, Latinoam\u00e9rica y otros, para decidir cu\u00e1les ser\u00e1n los siguientes pasos necesarios, pero, en mi opini\u00f3n, todos debemos ser conscientes del momento que estamos atravesando y aceptar los cambios en las condiciones de vida a los que muchas familias desgraciadamente tendr\u00e1n que hacer frente en muchos pa\u00edses del mundo. Lo m\u00e1s importante es adaptarse y asumir que necesitamos una gran cantidad de restricciones econ\u00f3micas y ajustes\u201d.<\/p>\n<p><strong><br \/>\nBiograf\u00eda<\/strong><\/p>\n<p>Angus Stewart Deaton naci\u00f3 en Edimburgo (Reino Unido) el 19 de octubre de 1945, apenas mes y medio despu\u00e9s del fin de la Segunda Guerra Mundial.\u00a0 Se doctor\u00f3 en la Universidad de Cambridge en 1974 y fue catedr\u00e1tico de Econometr\u00eda en la Universidad de Bristol entre 1976 y 1983. En 1979 se incorpor\u00f3 a la Universidad de Princeton como Visiting Professor, instituci\u00f3n que en la que es catedr\u00e1tico y no ha abandonado desde entonces, aunque conserva la nacionalidad brit\u00e1nica.<\/p>\n<p>Es miembro del Consejo Asesor del Economista Jefe del Banco Mundial y cient\u00edfico investigador senior en la Gallup Organization. Sus aportaciones sobre metodolog\u00eda en las encuestas en hogares le han llevado a participar en organismos tan diversos como el Comit\u00e9 de Estad\u00edsticas Nacionales de la Academia Nacional de Ciencias (EE UU), el Panel sobre Concepto, Medida y otras Aspectos en el Desarrollo de \u00cdndices de Coste de la Vida (National Research Council, EE UU) o el Centro de Investigaci\u00f3n en Ciencias Sociales del Consejo Cient\u00edfico Nacional de China.<\/p>\n<p>Autor de m\u00e1s de 160 publicaciones, es miembro de la British Academy, de la Academia Americana de las Artes y las Ciencias, y de la Econometric Society; de hecho, cuando en 1978 esta sociedad cre\u00f3 la Medalla Frisch, Angus Deaton fue el primer galardonado, precisamente por un an\u00e1lisis de la demanda de los consumidores en el Reino Unido en los 70 primeros a\u00f1os del siglo XX.<\/p>\n<p>Presidente de la Asociaci\u00f3n Americana de Econom\u00eda en 2009 y doctor honoris causa por la Universidad de Roma, el University College London y la Universidad de St. Andrews (Reino Unido), ha sido, sucesivamente director asociado, codirector y director de la revista <em>Econometrica<\/em> (editada por la Econometric Society y referencia mundial en Econom\u00eda).<\/p>\n<p>Adem\u00e1s de la c\u00e1tedra de la que es titular, ha impulsado otras iniciativas clave en la Universidad de Princeton: el Centro para la Salud y el Bienestar, la Oficina de Investigaci\u00f3n sobre Poblaci\u00f3n, y el Programa de Investigaci\u00f3n sobre Estudios del Desarrollo.\u00a0Forma parte del National Bureau of Economical Research, instituci\u00f3n que re\u00fane a 1.100 catedr\u00e1ticos de Econom\u00eda y Empresa de Estados Unidos y que realiza informes sobre nuevos m\u00e9todos estad\u00edsticos en Econom\u00eda, estimaciones cuantitativas del comportamiento econ\u00f3mico, evaluaci\u00f3n de las pol\u00edticas econ\u00f3micas p\u00fablicas y proyecci\u00f3n de resultados de propuestas alternativas.<\/p>\n<p><strong><br \/>\nJurado internacional<\/strong><\/p>\n<p>El jurado est\u00e1 presidido por Guillermo Calvo, titular de la c\u00e1tedra de Econom\u00eda y de Relaciones Internacionales de la Universidad de Columbia (EE UU), y cuenta como secretario con Peyton Young, titular de la c\u00e1tedra James Meade de Econom\u00eda de la Universidad de Oxford (Reino Unido). Tambi\u00e9n forman parte del mismo Fran\u00e7ois Bourguignon, director de Estudios de la \u00c9cole des Hautes \u00c9tudes en Sciences Sociales-EHESS (Francia); Antonio Ciccone, titular de la c\u00e1tedra ICREA de Econom\u00eda en la Universidad Pompeu Fabra (Espa\u00f1a); Jos\u00e9 Manuel Gonz\u00e1lez-P\u00e1ramo, miembro del Comit\u00e9 Ejecutivo del Banco Central Europeo (Alemania); Andreu Mass-Collell, titular de la c\u00e1tedra de Econom\u00eda de la Universidad Pompeu Fabra (Espa\u00f1a) y Fabrizio Zilibotti, titular de la c\u00e1tedra de Macroeconom\u00eda y Pol\u00edtica Econ\u00f3mica de la Universidad de Z\u00farich (Su\u00edza).<\/p>\n<p><strong>Salvatore Sciarrino<\/strong><\/p>\n<p><strong>El Premio Fundaci\u00f3n BBVA Fronteras del Conocimiento en la categor\u00eda de M\u00fasica Contempor\u00e1nea se ha concedido al compositor italiano Salvatore Sciarrino (Palermo, 1947) por renovar las posibilidades de la m\u00fasica vocal e instrumental y por la singularidad de sus materiales sonoros.<\/strong><\/p>\n<p>El fallo del jurado ha valorado que Sciarrino \u201cha desarrollado una sintaxis nueva y \u00fanica\u201d y que \u201cen el coraz\u00f3n de sus creaciones encuentra un modo de combinar s\u00edntesis extrema con riqueza de detalles. Destaca por su uso de la microtonalidad y su reelaboraci\u00f3n consciente de ideas y materiales de culturas y \u00e9pocas pasadas\u201d.<\/p>\n<p>Buena prueba de ello son sus \u201celaboraciones\u201d, como las denomina Sciarrino, de obras de autores del pasado como La <em>terribile e spaventosa storia del Principe di Venosa e della bella Maria<\/em> sobre m\u00fasica de Gesualdo, la reelaboraci\u00f3n para flauta sola de la <em>Tocata y fuga en Re menor<\/em> de Bach para \u00f3rgano, o de obras de Scarlatti, Mozart, Mendelssohn o Ravel, pero tambi\u00e9n de contempor\u00e1neos como los Beatles. En estas elaboraciones Sciarrino filtra y reconstruye obras creadas en base a c\u00e1nones de siglos pasados y las transforma, en ocasiones hasta llevarlas a un surrealismo sonoro con un significado est\u00e9tico radicalmente distinto de las fuentes.<\/p>\n<p>J\u00fcrg Stenzl, profesor de la Universidad de Salzburgo y presidente del jurado, ha subrayado que Sciarrino no se caracteriza tanto por crear nuevos sonidos como por desarrollar una sintaxis que los cohesiona. Y ha a\u00f1adido que su obra se distingue \u201cm\u00e1s por enriquecer la m\u00fasica contempor\u00e1nea con detalles que por los sonidos grandilocuentes. Su impacto est\u00e1 teniendo efecto en la m\u00fasica que se hace ahora mismo, pero tambi\u00e9n en la que vendr\u00e1 en este siglo\u201d.<\/p>\n<p>Al conocer el fallo, el ganador ha comentado que \u201cconoc\u00eda los Premios Fundaci\u00f3n BBVA Fronteras del Conocimiento y siempre me ha llamado la atenci\u00f3n positivamente el hecho de que integraran a la m\u00fasica contempor\u00e1nea en una familia con otras categor\u00edas dedicadas a distintas ramas de la ciencia\u201d.<\/p>\n<p>El compositor considera que \u201cla distancia entre la m\u00fasica cl\u00e1sica, tradicional y contempor\u00e1nea, no es tanta. Personalmente, pienso que es fundamental conocer los or\u00edgenes de nuestra identidad, que encontramos en la tradici\u00f3n\u201d.<\/p>\n<p><strong><br \/>\nConexi\u00f3n entre m\u00fasica y literatura<\/strong><\/p>\n<p>Su estilo compositivo se basa en una t\u00e9cnica\u00a0refinada y en una poes\u00eda sonora que le hacen destacar como un autor original con una personalidad distintiva. \u201cEn mi obra existe una conexi\u00f3n entre la m\u00fasica y la literatura dado que para m\u00ed son el mismo lenguaje. La literatura es el aire que respiramos los artistas. Yo mismo escribo teatro y textos que me sirven de inspiraci\u00f3n para componer\u201d.<\/p>\n<p>El lenguaje utilizado en sus obras pone al l\u00edmite el virtuosismo instrumental, mediante una serie de t\u00e9cnicas instrumentales no convencionales y en las que narra el contexto de la obra que interpreta en cada momento. Sciarrino ha sido etiquetado por David Metzer, profesor de Musicolog\u00eda en la Universidad de Yale, como &#8220;un cal\u00edgrafo magistral del silencio\u201d y \u00e9l mismo ha escrito que \u201cel sonido tiene una relaci\u00f3n \u00edntima con el silencio, y la conciencia de tal conexi\u00f3n es algo nuevo\u201d. Sciarrino ha explorado en sus obras diferentes formas de modelar la relaci\u00f3n entre silencio y expresi\u00f3n, con personajes apasionados que fracturan el silencio con gritos y estallidos, no tanto abrazando el silencio como reaccionando frente a \u00e9l.<\/p>\n<p><strong><br \/>\nAutodidacta y precoz<\/strong><\/p>\n<p>Nacido en Palermo (Italia) en 1947, Salvatore Sciarrino se sinti\u00f3 atra\u00eddo en su juventud por las artes visuales, pero muy pronto comenz\u00f3 a experimentar con la m\u00fasica: a los doce a\u00f1os compuso su primera obra y a los quince estren\u00f3 su primer concierto. Aunque recibi\u00f3 clases de Antonio Titone y Turi Belfiore y en 1969 se mud\u00f3 a Roma para participar en el curso de m\u00fasica electr\u00f3nica que Franco Evangelisti impart\u00eda en la Academia de Santa Cecilia, la formaci\u00f3n de Sciarrino es b\u00e1sicamente autodidacta.<\/p>\n<p>Entre 1974 y 1996 ejerci\u00f3 la ense\u00f1anza en los conservatorios de Mil\u00e1n, Florencia y Perugia, e imparti\u00f3 numerosas clases magistrales y cursos internacionales. A partir de 1982 decidi\u00f3 concentrarse en el trabajo creativo y se instal\u00f3 en Citt\u00e0 di Castello, en la regi\u00f3n de Umbr\u00eda, donde dedica la mayor parte del tiempo a la composici\u00f3n, aunque ha seguido dirigiendo cursos de especializaci\u00f3n y m\u00e1ster donde se han formado compositores como Francesco Filidei, Lucia Roncheti, Fabrizio de Rossi Rei y Maurizio Pisati.<\/p>\n<p>Su prol\u00edfica trayectoria se ha traducido en m\u00e1s de 180 composiciones recogidas en 70 discos. Su cat\u00e1logo es excepcionalmente amplio y variado, incluyendo desde piezas a solo hasta grandes obras sinf\u00f3nicas y m\u00fasica teatral.<\/p>\n<p>Ha compuesto para la Orquesta Sinf\u00f3nica de Londres, el Teatro de la \u00d3pera de Frankfurt, el Teatro La Fenice de Venecia o el Tokyo Suntory Hall, as\u00ed como para los principales festivales de m\u00fasica contempor\u00e1nea: Salzburgo, Nueva York, Viena, el Berliner Festspiele Musik, el Festival d\u2019Automne (Par\u00eds) y Ultima (Oslo), entre otros muchos.<\/p>\n<p>Entre 1978 y 1980 fue director del Teatro Comunale di Bologna. Es, adem\u00e1s, acad\u00e9mico de Santa Cecilia (Roma) y miembro de la Academia de Bellas Artes de Bavaria y la Academia de las Artes de Berl\u00edn.<\/p>\n<p><strong><br \/>\nJurado internacional<\/strong><\/p>\n<p>El jurado del premio est\u00e1 presidido por J\u00fcrg Stenzl, profesor de la Universidad de Salzburgo (Austria). Forman tambi\u00e9n parte Siegfried Mauser, presidente de la Universidad de M\u00fasica y Artes Esc\u00e9nicas de M\u00fanich (Alemania),\u00a0los compositores franceses Gilbert Amy y Hugues Dufourt -el primero de ellos es director de orquesta, y el segundo director de investigaci\u00f3n en el Centro Nacional de Investigaci\u00f3n Cient\u00edfica-, el compositor espa\u00f1ol Cristobal Halffter, ganador del mismo premio en la edici\u00f3n de hace dos a\u00f1os, as\u00ed como los austriacos Ranko Markovic, director art\u00edstico de la Universidad-Conservatorio de Viena, Rudolf Frisius, compositor y profesor de Musicolog\u00eda en la Universidad de Karlsruhe, y Dieter Torkewitz, compositor y profesor de teor\u00eda musical en la Universidad de M\u00fasica y Artes Interpretativas de la misma ciudad.<\/p>\n<p>.<strong>Isaac Held<\/strong><\/p>\n<p><strong>El Premio Fundaci\u00f3n BBVA Fronteras del Conocimiento en la categor\u00eda de Cambio Clim\u00e1tico se ha concedido al f\u00edsico estadounidense de origen alem\u00e1n Isaac Held por sus contribuciones, pioneras y fundamentales, a nuestra comprensi\u00f3n de la estructura de los sistemas de circulaci\u00f3n atmosf\u00e9rica y del papel del vapor de agua \u2013el gas de efecto invernadero m\u00e1s importante\u2013 en el cambio clim\u00e1tico.<\/strong><\/p>\n<p>El presidente del jurado, Bjorn Stevens, ha destacado que, mientras que la t\u00f3nica general de la investigaci\u00f3n en cambio clim\u00e1tico se ha centrado en el aumento de las temperaturas, Isaac Held (Ulm, Alemania, 1948) ha abierto nuevas v\u00edas de trabajo, al incorporar el papel esencial del agua a trav\u00e9s del estudio tanto de su movimiento en la atm\u00f3sfera, como de la influencia del vapor de agua en el efecto invernadero.<\/p>\n<p>El trabajo\u00a0de Held, investigador del Laboratorio de Din\u00e1mica de Fluidos Geof\u00edsicos de la Administraci\u00f3n Nacional del Oc\u00e9ano y de la Atm\u00f3sfera (NOAA) estadounidense,\u00a0ha contribuido a desvelar gran parte de los procesos que determinan la existencia de las diferentes zonas clim\u00e1ticas del planeta, y a predecir los cambios que experimentar\u00e1n como consecuencia del cambio clim\u00e1tico. En especial, su trabajo explica por qu\u00e9 las zonas tropicales ser\u00e1n m\u00e1s h\u00famedas y las subtropicales m\u00e1s secas, una tendencia que ya se observa con los datos disponibles.<\/p>\n<p>\u201cLa cantidad de agua en la atm\u00f3sfera es lo que hace que unas zonas sean m\u00e1s h\u00famedas que otras. En mis trabajos he buscado analizar c\u00f3mo se mueve el agua en la atm\u00f3sfera, y c\u00f3mo el cambio clim\u00e1tico altera estos patrones\u201d, ha explicado Held tras conocer el fallo.<\/p>\n<p>Con el incremento de las temperaturas aumenta tambi\u00e9n la cantidad de vapor de agua en la atm\u00f3sfera, y este gas, a su vez,\u00a0multiplica el calentamiento. Se produce as\u00ed un efecto de retroalimentaci\u00f3n que es necesario entender para predecir el clima futuro.<\/p>\n<p>Una de las regiones m\u00e1s estudiadas por Held es la mediterr\u00e1nea, en la que, seg\u00fan sus previsiones, la temperatura podr\u00eda aumentar unos 3\u00ba C en un siglo, si no disminuyen las emisiones de CO2. Ello conllevar\u00eda una importante reducci\u00f3n en las lluvias (entre un\u00a015 y un 30%). \u201cEstamos bastante seguros de que, con cada grado de aumento, las precipitaciones disminuir\u00e1n entre un\u00a05 y un 10%\u201d, afirma Held.<\/p>\n<p><strong><br \/>\nUna carrera marcada por el\u00a0efecto invernadero<\/strong><\/p>\n<p>Isaac Held naci\u00f3 en el campo de refugiados alem\u00e1n de Ulm. Con cuatro a\u00f1os emigr\u00f3 a Estados Unidos con su hermano, su madre -superviviente del campo de Auschwitz- y su padre, que morir\u00eda en 1956.<\/p>\n<p>Como estudiante su primera elecci\u00f3n fue la f\u00edsica te\u00f3rica, pero era la \u00e9poca de las protestas contra la guerra de Vietnam, un per\u00edodo que Held ha descrito como \u201ccomplicado para concentrarse en los estudios\u201d. La lectura del informe de 1972 <em>Man\u2019s Impact on the Climate<\/em>, uno de los primeros an\u00e1lisis cient\u00edficos de los efectos del aumento de gases de efecto invernadero en la atm\u00f3sfera, le influy\u00f3 profundamente, cambiando la orientaci\u00f3n de su carrera. Held vi\u00f3 ya entonces el problema del clima como \u201cun reto realmente importante para la sociedad\u201d.<\/p>\n<p>Tras licenciarse en F\u00edsica en la Universidad del Estado de Nueva York en Stony Brook, en 1976 se doctor\u00f3 en Ciencias de la Atm\u00f3sfera y el Oc\u00e9ano en la Universidad de Princeton. En 1978 se incorpor\u00f3 al Laboratorio de Din\u00e1mica de Fluidos Geof\u00edsicos del NOAA, centro en el que sigue trabajando en la actualidad, al tiempo que ense\u00f1a en la Universidad de Princeton.<\/p>\n<p>Uno de sus primeros logros, en los a\u00f1os ochenta, fue la explicaci\u00f3n del funcionamiento de las llamadas C\u00e9lulas de Hadley, el fen\u00f3meno atmosf\u00e9rico que rige el clima en los cinturones tropicales y subtropicales del planeta. Held ha seguido posteriormente investigando c\u00f3mo los cambios en la circulaci\u00f3n del aire en estas regiones debido al cambio clim\u00e1tico inciden en la formaci\u00f3n de tormentas y huracanes.<\/p>\n<p>Held se ha convertido adem\u00e1s en una referencia a la hora de analizar el grado de certeza en las predicciones sobre el clima futuro, gracias a sus m\u00e9todos para poner a prueba los modelos. Sus logros \u201chan tenido una importancia fundamental en la evaluaci\u00f3n de la solidez y las limitaciones de los complejos modelos que se emplean en la predicci\u00f3n del cambio clim\u00e1tico\u201d, se\u00f1ala el acta.<\/p>\n<p>A lo largo de sus m\u00e1s de tres d\u00e9cadas de investigaci\u00f3n ha publicado 130 trabajos sobre din\u00e1mica de la atm\u00f3sfera y cambio clim\u00e1tico, ampliamente reconocidos y citados. Ha contribuido de forma sustancial al IV Informe del IPCC (Panel Intergubernamental sobre el Cambio Clim\u00e1tico), y ha formado parte del Grupo de Expertos de la Organizaci\u00f3n Meteorol\u00f3gica Mundial sobre Huracanes y Clima.<\/p>\n<p><strong><br \/>\nJurado internacional<\/strong><\/p>\n<p>El jurado de esta categor\u00eda ha contado como presidente con Bjorn Stevens, director del Instituto de Meteorolog\u00eda Max Planck (Alemania); y como secretario con Miquel Canals, catedr\u00e1tico de Geolog\u00eda Marina en la Facultad de Geolog\u00eda de la Universidad de Barcelona. Han formado tambi\u00e9n parte del jurado Sergio Alonso, catedr\u00e1tico del Grupo de Meteorolog\u00eda del Departamento de F\u00edsica de la Universidad de las Islas Baleares; Sandrine Bony-Lena, investigadora principal del Laboratorio de Meteorolog\u00eda Din\u00e1mica del Centro Nacional de Investigaci\u00f3n Cient\u00edfica franc\u00e9s (CNRS) y la Universidad Pierre et Marie Curie (Francia); Kirsten Halsn\u00e6s, directora del Programa del Clima de la Universidad T\u00e9cnica de Dinamarca; y Edward Rubin, catedr\u00e1tico del Departamento de Ingenier\u00eda y Pol\u00edticas P\u00fablicas de la Universidad Carnegie Mellon (EE UU).<\/p>\n<p><strong>Ciro de Quadros<\/strong><\/p>\n<p><strong>El Premio Fundaci\u00f3n BBVA Fronteras del Conocimiento en la categor\u00eda de Cooperaci\u00f3n al Desarrollo se ha concedido al epidemi\u00f3logo brasile\u00f1o Ciro de Quadros (Rio Pardo, 1940) por liderar la eliminaci\u00f3n de la polio y el sarampi\u00f3n de Am\u00e9rica y por ser uno de los cient\u00edficos m\u00e1s importantes en la erradicaci\u00f3n de la viruela en todo el mundo. \u201cEstos \u00e9xitos, en especial la erradicaci\u00f3n de uno de los enemigos m\u00e1s mort\u00edferos de la humanidad, constituyen uno de los principales logros de la medicina\u201d, seg\u00fan el acta del jurado.<\/strong><\/p>\n<p>El presidente del jurado, Pedro Alonso, ha destacado que \u201cno es el premio a una carrera, sino a una contribuci\u00f3n que, desde la generaci\u00f3n del conocimiento, ha tenido un impacto enorme. De Quadros es un h\u00e9roe de la salud global, uno de los verdaderamente grandes. No solo ha investigado, sino que ha liderado e inspirado -aportando conocimiento- la lucha contra las enfermedades infecciosas con \u00e9xitos comparables al descubrimiento de la penicilina\u201d.<\/p>\n<p>De Quadros se form\u00f3 y comenz\u00f3 su trayectoria en su Brasil natal, y desde all\u00ed se convirti\u00f3 en referente, lo que le llev\u00f3 a trabajar en \u00c1frica para la Organizaci\u00f3n Mundial de la Salud en la erradicaci\u00f3n de la\u00a0 viruela,\u00a0 m\u00e1s tarde en la Organizaci\u00f3n Panamericana de la Salud, donde fue responsable de la eliminaci\u00f3n de la polio y el sarampi\u00f3n en Am\u00e9rica y, desde 2003, como vicepresidente ejecutivo en el Sabine Vaccine Institute, con sede en Washington.<\/p>\n<p><strong><br \/>\nLa erradicaci\u00f3n de la viruela ha marcado su carrera<\/strong><\/p>\n<p>La experiencia en la erradicaci\u00f3n de la viruela ha marcado su trayectoria: \u201cLo que se siente al contribuir a erradicar una enfermedad que ha causado millones de muertes es indescriptible. Se tiene la sensaci\u00f3n del deber cumplido y anima a seguir trabajando para mejorar la salud global. Esa sensaci\u00f3n me ha dado energ\u00eda para seguir y, con 72 a\u00f1os, aqu\u00ed estoy, en activo, como si tuviera 40\u201d.<\/p>\n<p>A trav\u00e9s de su trabajo con las agencias de Naciones Unidas, los gobiernos y el mundo acad\u00e9mico, \u201cel doctor De Quadros ha cambiado el paradigma de la coordinaci\u00f3n\u00a0 de la salud p\u00fablica para el desarrollo en los pa\u00edses\u201d, ha a\u00f1adido el acta del jurado.<br \/>\nEse cambio de paradigma se basa en\u00a0 responsabilizar a los gobiernos de las campa\u00f1as de vacunaci\u00f3n, convenci\u00e9ndoles de que resulta m\u00e1s rentable vacunar porque el beneficio en t\u00e9rminos econ\u00f3micos y de bienestar es mucho mayor que el coste. De Quadros pone un ejemplo: \u201cVarios estudios demuestran que los ni\u00f1os vacunados tienen un rendimiento escolar mucho mayor que los no vacunados y, en conjunto, la contribuci\u00f3n de la poblaci\u00f3n vacunada a la riqueza del pa\u00eds es mayor\u201d.<\/p>\n<p>Adem\u00e1s, De Quadros ha promovido la puesta en marcha de un nuevo modelo de aprovisionamiento que opera mediante centrales de compras formadas por varios pa\u00edses para lograr vacunas a mejor precio.<\/p>\n<p>\u201cSus programas han demostrado que la introducci\u00f3n de las vacunas puede hacerse de una manera econ\u00f3micamente sostenible y capaz de promover la participaci\u00f3n y el control de los pa\u00edses beneficiarios, en especial en los de rentas medias y bajas. Esto ha facilitado la realizaci\u00f3n de un esfuerzo sin precedentes contra enfermedades evitables mediante vacunaci\u00f3n, como la rubeola, la tos ferina, el rotavirus, el neumococo y el virus del papiloma humano, en especial en zonas con alta morbilidad, y en comunidades desfavorecidas de Asia, \u00c1frica y Am\u00e9rica\u201d, se\u00f1ala el acta.<\/p>\n<p>En cuanto al futuro, De Quadros es contundente: \u201cEl siglo XXI ser\u00e1 conocido como el siglo de las vacunas. A las muchas que ya tenemos hay que sumar las que se est\u00e1n investigando como, por ejemplo, contra el c\u00e1ncer de est\u00f3mago o de h\u00edgado. Hay enfermedades que consideramos cr\u00f3nicas o degenerativas y que empezamos a descubrir que se deben a agentes infecciosos contra los que se pueden desarrollar vacunas\u201d.<\/p>\n<p>El jurado ha subrayado tambi\u00e9n que De Quadros\u00a0 sigue activo en investigaci\u00f3n y educaci\u00f3n y que \u201cgracias a su trabajo el mundo est\u00e1 m\u00e1s cerca de lograr el objetivo de desarrollo del milenio que persigue reducir en dos tercios las tasas de mortalidad de los ni\u00f1os menores de cinco a\u00f1os para 2015\u201d.<br \/>\n<strong>Jurado internacional<\/strong><\/p>\n<p>El jurado de esta categor\u00eda ha estado presidido por Pedro Alonso, director de Investigaci\u00f3n en el Instituto de Salud Global de Barcelona (Espa\u00f1a), y ha contado como secretario con Norman Loayza, Lead Economist en el Development Research Group del Banco Mundial (EE UU). Tambi\u00e9n han formado parte del mismo Maricela Daniel, representante en Espa\u00f1a del Alto Comisionado de las Naciones Unidas para los Refugiados (ACNUR); Vicente Larraga, director del Centro de Investigaciones Biol\u00f3gicas del CSIC (Espa\u00f1a); Jos\u00e9 Garc\u00eda Montalvo, catedr\u00e1tico de Econom\u00eda en la Universidad Pompeu Fabra de Barcelona (Espa\u00f1a) y Francisco P\u00e9rez, catedr\u00e1tico de An\u00e1lisis Econ\u00f3mico de la Universidad de Valencia y director de Investigaci\u00f3n del Instituto Valenciano de Investigaciones Econ\u00f3micas -IVIE (Espa\u00f1a).<br \/>\n<strong>Biograf\u00eda<\/strong><\/p>\n<p>Ciro de Quadros naci\u00f3 en Brasil, donde estudi\u00f3 Medicina (1966) y realiz\u00f3 un m\u00e1ster en Salud P\u00fablica (1968). Antes de acabar sus estudios comenz\u00f3 a trabajar en salud p\u00fablica en la Amazon\u00eda brasile\u00f1a. All\u00ed se propuso conseguir un 100% de\u00a0 tasa de vacunaci\u00f3n entre la poblaci\u00f3n, una meta muy ambiciosa si se considera que a finales de los a\u00f1os 60 en muchos lugares de Brasil esta tasa apenas llegaba al 10%.<\/p>\n<p>En noviembre de 1970 se incorpor\u00f3 a la Organizaci\u00f3n Mundial de la Salud (OMS) como epidemi\u00f3logo jefe del Programa de Erradicaci\u00f3n de la Viruela en \u00c1frica, con sede en Ad\u00eds Abeba (Etiop\u00eda). El \u00faltimo caso de viruela end\u00e9mica en el mundo fue diagnosticado en Somalia el 26 de octubre de 1977.<\/p>\n<p>Apenas siete meses antes, y tras dejar a la viruela virtualmente derrotada en Etiop\u00eda, De Quadros hab\u00eda vuelto a su continente natal para unirse a la Organizaci\u00f3n Panamericana de la Salud (OPS) como asesor en Inmunizaci\u00f3n y jefe del Programa Extendido de Inmunizaci\u00f3n para las Am\u00e9ricas.<\/p>\n<p>Al llegar a la OPS, De Quadros comenz\u00f3 a trabajar en planes de vacunaci\u00f3n sistem\u00e1tica contra la poliomielitis y, especialmente a partir de 1981, se impuso la meta de erradicar la enfermedad de Am\u00e9rica, algo que muchos de sus colegas consideraban inviable. Comenz\u00f3 por Brasil, donde consigui\u00f3 implantar un programa de dos jornadas nacionales de vacunaci\u00f3n que se realizaban en fin de semana. Cada fin de semana, alrededor de 20 millones de ni\u00f1os menores de cinco a\u00f1os recib\u00edan una dosis de la vacuna antipoliomiel\u00edtica oral. Los casos de poliomielitis disminuyeron dr\u00e1sticamente; pasaron de un promedio de entre 100 y 200 casos por mes a menos de 20. En 1989, la enfermedad qued\u00f3 eliminada de Brasil.<\/p>\n<p>El \u00e9xito de la experiencia brasile\u00f1a fue esencial para que el director de la OPS, Carlyle Guerra de Macedo, anunciara p\u00fablicamente en 1985 el objetivo de erradicar la polio en el continente. Tanto la Asociaci\u00f3n Rotaria Internacional como UNICEF, el Banco Interamericano de Desarrollo y la Agencia Estadounidense para el Desarrollo Internacional se comprometieron a donar fondos que hicieran posible la adquisici\u00f3n de las vacunas necesarias.<\/p>\n<p>En El Salvador y Per\u00fa, los trabajadores de las campa\u00f1as de vacunaci\u00f3n tem\u00edan por sus vidas debido a los conflictos que viv\u00edan sus pa\u00edses. De Quadros hizo un llamamiento a UNICEF, la Cruz Roja y la Iglesia Cat\u00f3lica para que intervinieran. Tambi\u00e9n se dirigi\u00f3 a las partes en conflicto. Negociando con el Gobierno y la guerrilla en El Salvador logr\u00f3 un acuerdo para establecer los <em>d\u00edas de tranquilidad<\/em>. &#8220;Cada a\u00f1o organizamos tres <em>d\u00edas de tranquilidad<\/em> y vacunamos a casi todos los ni\u00f1os de El Salvador&#8221;, dice De Quadros.<\/p>\n<p>En Per\u00fa, las negociaciones con el movimiento guerrillero Sendero Luminoso fracasaron. Sin amilanarse, De Quadros y sus profesionales organizaron una serie de campa\u00f1as para ayudar a limitar la transmisi\u00f3n del virus de la poliomielitis a apenas unas cuantas zonas. Tambi\u00e9n comprometieron a los medios de comunicaci\u00f3n y se hicieron ruedas de prensa para llamar la atenci\u00f3n de todos \u2014incluida la guerrilla\u2014 sobre la necesidad de cooperar con los esfuerzos de vacunaci\u00f3n. En 1991, Per\u00fa notific\u00f3 el \u00faltimo caso de poliovirus salvaje y, en 1994, una comisi\u00f3n internacional declar\u00f3 oficialmente que la enfermedad hab\u00eda quedado erradicada de la Regi\u00f3n de las Am\u00e9ricas.<\/p>\n<p>En 1994 fue nombrado director del Programa Especial de Inmunizaci\u00f3n y Vacunas de la OPS y, entre 1999 y 2002, dirigi\u00f3 la Divisi\u00f3n de Vacunas e Inmunizaci\u00f3n de este mismo organismo.<\/p>\n<p>Tras el \u00e9xito en viruela y poliomielitis, concentr\u00f3 sus esfuerzos en la erradicaci\u00f3n del sarampi\u00f3n. En noviembre de 2002 la regi\u00f3n anunciaba que hab\u00eda logrado interrumpir la transmisi\u00f3n de la \u00faltima cepa end\u00e9mica del virus del sarampi\u00f3n.<\/p>\n<p>De Quadros es catedr\u00e1tico asociado adjunto en el Departamento de Salud Internacional de la Facultad de Higiene y Salud P\u00fablica de la Universidad Johns Hopkins y catedr\u00e1tico adjunto en el Departamento de Medicina Tropical de la Facultad de Medicina de la Universidad George Washington. Ha sido catedr\u00e1tico asociado en la Facultad de Medicina de la Universidad Case Western Reserve.<\/p>\n<p>Autor de m\u00e1s de 80 publicaciones en revistas internacionales y de cuatro libros,\u00a0 y doctor honoris causa por la Universidad Federal de Ciencias M\u00e9dicas, en Porto Alegre (R\u00edo Grande del Sur, Brasil), ha recibido galardones, como el World Health Day Award de la Asociaci\u00f3n Americana de Salud P\u00fablica en 1987, y o el Public Health Hero otorgado por el Gobierno de M\u00e9xico (2002).<\/p>\n","protected":false},"excerpt":{"rendered":"<p> El Premio Fundaci\u00f3n BBVA Fronteras del Conocimiento en la categor\u00eda de Ciencias B\u00e1sicas se ha concedido a los astrof\u00edsicos suizos Michel Mayor y Didier Queloz, \u201cpor su desarrollo pionero de nuevos instrumentos astron\u00f3micos y t\u00e9cnicas experimentales que condujeron a la observaci\u00f3n de planetas fuera del Sistema Solar\u201c, dice el acta del jurado.<\/p>\n","protected":false},"author":1,"featured_media":390773,"comment_status":"open","ping_status":"open","sticky":false,"template":"","format":"standard","meta":{"footnotes":""},"categories":[24],"tags":[3521,2774,3168],"class_list":["post-390772","post","type-post","status-publish","format-standard","has-post-thumbnail","hentry","category-mundo","tag-del-conocimiento","tag-fronteras","tag-premios"],"_links":{"self":[{"href":"https:\/\/diarioelpopular.com\/index.php\/wp-json\/wp\/v2\/posts\/390772","targetHints":{"allow":["GET"]}}],"collection":[{"href":"https:\/\/diarioelpopular.com\/index.php\/wp-json\/wp\/v2\/posts"}],"about":[{"href":"https:\/\/diarioelpopular.com\/index.php\/wp-json\/wp\/v2\/types\/post"}],"author":[{"embeddable":true,"href":"https:\/\/diarioelpopular.com\/index.php\/wp-json\/wp\/v2\/users\/1"}],"replies":[{"embeddable":true,"href":"https:\/\/diarioelpopular.com\/index.php\/wp-json\/wp\/v2\/comments?post=390772"}],"version-history":[{"count":0,"href":"https:\/\/diarioelpopular.com\/index.php\/wp-json\/wp\/v2\/posts\/390772\/revisions"}],"wp:featuredmedia":[{"embeddable":true,"href":"https:\/\/diarioelpopular.com\/index.php\/wp-json\/"}],"wp:attachment":[{"href":"https:\/\/diarioelpopular.com\/index.php\/wp-json\/wp\/v2\/media?parent=390772"}],"wp:term":[{"taxonomy":"category","embeddable":true,"href":"https:\/\/diarioelpopular.com\/index.php\/wp-json\/wp\/v2\/categories?post=390772"},{"taxonomy":"post_tag","embeddable":true,"href":"https:\/\/diarioelpopular.com\/index.php\/wp-json\/wp\/v2\/tags?post=390772"}],"curies":[{"name":"wp","href":"https:\/\/api.w.org\/{rel}","templated":true}]}}