{"id":392696,"date":"2012-06-05T22:09:31","date_gmt":"2012-06-06T02:09:31","guid":{"rendered":"http:\/\/diarioelpopular.com\/?p=392696"},"modified":"2012-06-05T22:09:31","modified_gmt":"2012-06-06T02:09:31","slug":"r-dominicana-celebra-el-centenario-de-maria-montez-la-reina-del-tecnicolor","status":"publish","type":"post","link":"https:\/\/diarioelpopular.com\/index.php\/2012\/06\/05\/r-dominicana-celebra-el-centenario-de-maria-montez-la-reina-del-tecnicolor\/","title":{"rendered":"R.Dominicana celebra el centenario de Mar\u00eda Montez, la &#8220;Reina del Tecnicolor&#8221;"},"content":{"rendered":"<div id=\"attachment_392697\" style=\"width: 710px\" class=\"wp-caption aligncenter\"><a href=\"https:\/\/diarioelpopular.com\/wp-content\/uploads\/2012\/06\/web.montez.jpg\"><img loading=\"lazy\" decoding=\"async\" aria-describedby=\"caption-attachment-392697\" class=\"size-full wp-image-392697\" title=\"web.montez\" src=\"https:\/\/diarioelpopular.com\/wp-content\/uploads\/2012\/06\/web.montez.jpg\" alt=\"\" width=\"700\" height=\"420\" \/><\/a><p id=\"caption-attachment-392697\" class=\"wp-caption-text\">SANTO DOMINGO (R. DOMINICANA).- Fotograf\u00eda del 1 de mayo de 2012 de visitantes observando varias de las obras que componen una exposici\u00f3n en homenaje a Mar\u00edaMontez en Santo Domingo. El pa\u00eds celebra con un amplio cat\u00e1logo de actividades culturales el centenario del nacimiento de Montez, la criolla que dej\u00f3 una marca imborrable en Hollywood como la &quot;Reina del Tecnicolor&quot;. Nacida el 6 de junio de 1912 en la provincia de Barahona (suroeste), la actriz, cuyo verdadero nombre era Mar\u00eda \u00c1frica Gracia Vidal, se forj\u00f3 una carrera en la meca del cine, adonde lleg\u00f3 sin haber estudiado y, mucho menos, sin haber actuado en su vida.<\/p><\/div>\n<p>Marta Flori\u00e1n<\/p>\n<p><strong><em>Santo Domingo.-<\/em><\/strong> La Rep\u00fablica Dominicana celebra con un amplio cat\u00e1logo de actividades culturales el centenario del nacimiento de Mar\u00eda Montez, la criolla que dej\u00f3 una marca imborrable en Hollywood como la &#8220;Reina del Tecnicolor&#8221;.<\/p>\n<p>Nacida el 6 de junio de 1912 en la provincia de Barahona (suroeste), la actriz, cuyo verdadero nombre era Mar\u00eda \u00c1frica Gracia Vidal, se forj\u00f3 una carrera en la meca del cine, adonde lleg\u00f3 sin haber estudiado y, mucho menos, sin haber actuado en su vida.<br \/>\nSin embargo, su belleza unida a su actitud y su ingenio pusieron a Hollywood literalmente a sus pies.<\/p>\n<p>As\u00ed lo explic\u00f3 su bi\u00f3grafa Margarita Vicens, integrante de una comisi\u00f3n designada por el Gobierno para organizar las actividades conmemorativas del centenario de la actriz, hija de un diplom\u00e1tico espa\u00f1ol y una dominicana, y casada en 1943 con el actor franc\u00e9s Jean-Pierre Aumont, con quien tuvo a su hija Tina, quien tambi\u00e9n se dej\u00f3 seducir por el s\u00e9ptimo arte.<\/p>\n<p>Montez, seg\u00fan describe la escritora, quien no la conoci\u00f3, &#8220;era poseedora de una ex\u00f3tica belleza, entre cuyos atributos se encontraba una tonalidad de piel ligeramente dorada que armonizaba muy bien con el tecnicolor&#8221;.<\/p>\n<p>&#8220;La tenacidad y la fe en s\u00ed misma fueron cualidades que marcaron la vida de Mar\u00eda Montez y, asimismo, la llevaron a superar todos los obst\u00e1culos que la separaban de los sue\u00f1os que concibi\u00f3 desde la m\u00e1s tierna infancia, constituyendo esto \u00faltimo su m\u00e1s apreciado legado&#8221;, agreg\u00f3 Vicens, tambi\u00e9n oriunda de Barahona.<\/p>\n<p>La actriz act\u00fao en una serie de pel\u00edculas filmadas en tecnicolor y de corte aventurero como &#8220;Las mil y una noches&#8221; (1942), &#8220;La salvaje blanca&#8221; (1943), &#8220;La reina de cobra&#8221; (1944) y &#8220;Sud\u00e1n&#8221; (1945), entre otras.<\/p>\n<p>La filmograf\u00eda de Mar\u00eda Montez, la primera estrella dominicana en pisar tierras hollywoodenses, est\u00e1 compuesta por veintis\u00e9is pel\u00edculas -veintiuna estadounidenses y cinco europeas-, y en su trayectoria figura tambi\u00e9n la obra de teatro &#8220;L&#8217;Ille Heuresse&#8221; (La Isla Feliz), presentada con \u00e9xito en Par\u00eds, donde la muerte le sorprendi\u00f3 el 7 de septiembre de 1951, con 39 a\u00f1os reci\u00e9n cumplidos, al parecer, de un ataque al coraz\u00f3n mientras se ba\u00f1aba.<\/p>\n<p>El homenaje preparado con motivo de su centenario va desde muestras de cine y exhibiciones fotogr\u00e1ficas hasta conferencias y conciertos, y la inauguraci\u00f3n de una plaza con su nombre en su natal Barahona, a 200 kil\u00f3metros al suroeste de Santo Domingo.<\/p>\n<p>El calendario incluye, adem\u00e1s, la celebraci\u00f3n del 1 al 9 de junio del montaje teatral &#8220;Mar\u00eda Montez, la Reina del Tecnicolor&#8221;, con la actriz dominicana residente en EE.UU., Dalia Davi, que se presentar\u00e1 en el Teatro Nacional de Santo Domingo y en el Gran Teatro del Cibao, en la norte\u00f1a provincia de Santiago.<\/p>\n<p>Tambi\u00e9n un grupo de dise\u00f1adores locales y extranjeros rendir\u00e1n tributo a la actriz el d\u00eda de su natalicio con una exposici\u00f3n de moda en la Galer\u00eda Nacional del Palacio de Bellas Artes en la capital del pa\u00eds caribe\u00f1o.<\/p>\n<p>Bajo el t\u00edtulo &#8220;Ayer y Hoy Mar\u00eda Montez&#8221;, los creadores buscan enlazar los conceptos de moda, cine y arte para homenajear a la tambi\u00e9n bautizada como &#8220;Sirena del Atl\u00e1ntico&#8221;.<\/p>\n<p>Este evento forma parte del &#8220;Caribbean Fashion Week-RD 2012&#8221;, cuya directora general, Tita Hasb\u00fan, dijo en la presentaci\u00f3n del evento que &#8220;no solo rinde tributo a la m\u00e1s grande diva criolla e icono del s\u00e9ptimo arte de Hollywood&#8221;, sino que pretende revalorizar a Montez, quien &#8220;con su determinaci\u00f3n y visi\u00f3n persigui\u00f3 sus sue\u00f1os y logr\u00f3 triunfar&#8221;.<\/p>\n<p>Adem\u00e1s, el Instituto Postal del pa\u00eds ha emitido un sello conmemorativo en honor a la actriz, quien conquist\u00f3 &#8220;el m\u00e1s exigente y competitivo escenario de su \u00e9poca&#8221;, seg\u00fan dijo el director de esa entidad, Modesto Guzm\u00e1n, durante el acto de presentaci\u00f3n.<\/p>\n<p>Todas estas actividades permitir\u00e1n en parte rescatar del olvido la figura de la tambi\u00e9n conocida como &#8220;El cicl\u00f3n caribe\u00f1o&#8221;, ya que muchos de sus compatriotas apenas han escuchado su nombre.<\/p>\n<p>Todo esto a pesar que m\u00faltiples calles en el pa\u00eds llevan su nombre, as\u00ed como el aeropuerto de su ciudad natal.<\/p>\n<p>Mar\u00eda Montez ha sido objeto de m\u00faltiples reconocimientos, algunos de ellos a t\u00edtulo p\u00f3stumo, tanto en el pa\u00eds como en el extranjero.<\/p>\n<p>El \u00faltimo de estos reconocimientos, hasta el momento, se le otorg\u00f3 en 2010, en ocasi\u00f3n del 59 aniversario de su fallecimiento, cuando el Senado dominicano aprob\u00f3 una resoluci\u00f3n para homenajear a Montez, a la que calific\u00f3 como &#8220;La m\u00e1s excelsa actriz cinematogr\u00e1fica de la Rep\u00fablica Dominicana de todos los tiempos&#8221;.<\/p>\n","protected":false},"excerpt":{"rendered":"<p>La Rep\u00fablica Dominicana celebra con un amplio cat\u00e1logo de actividades culturales el centenario del nacimiento de Mar\u00eda Montez, la criolla que dej\u00f3 una marca imborrable en Hollywood como la &#8220;Reina del Tecnicolor&#8221;.<\/p>\n","protected":false},"author":1,"featured_media":392697,"comment_status":"open","ping_status":"open","sticky":false,"template":"","format":"standard","meta":{"footnotes":""},"categories":[80,23],"tags":[629,3589,3133],"class_list":["post-392696","post","type-post","status-publish","format-standard","has-post-thumbnail","hentry","category-cine-2","category-latinoamerica","tag-aniversario","tag-maria","tag-montez"],"_links":{"self":[{"href":"https:\/\/diarioelpopular.com\/index.php\/wp-json\/wp\/v2\/posts\/392696","targetHints":{"allow":["GET"]}}],"collection":[{"href":"https:\/\/diarioelpopular.com\/index.php\/wp-json\/wp\/v2\/posts"}],"about":[{"href":"https:\/\/diarioelpopular.com\/index.php\/wp-json\/wp\/v2\/types\/post"}],"author":[{"embeddable":true,"href":"https:\/\/diarioelpopular.com\/index.php\/wp-json\/wp\/v2\/users\/1"}],"replies":[{"embeddable":true,"href":"https:\/\/diarioelpopular.com\/index.php\/wp-json\/wp\/v2\/comments?post=392696"}],"version-history":[{"count":0,"href":"https:\/\/diarioelpopular.com\/index.php\/wp-json\/wp\/v2\/posts\/392696\/revisions"}],"wp:featuredmedia":[{"embeddable":true,"href":"https:\/\/diarioelpopular.com\/index.php\/wp-json\/"}],"wp:attachment":[{"href":"https:\/\/diarioelpopular.com\/index.php\/wp-json\/wp\/v2\/media?parent=392696"}],"wp:term":[{"taxonomy":"category","embeddable":true,"href":"https:\/\/diarioelpopular.com\/index.php\/wp-json\/wp\/v2\/categories?post=392696"},{"taxonomy":"post_tag","embeddable":true,"href":"https:\/\/diarioelpopular.com\/index.php\/wp-json\/wp\/v2\/tags?post=392696"}],"curies":[{"name":"wp","href":"https:\/\/api.w.org\/{rel}","templated":true}]}}