{"id":393148,"date":"2012-06-07T23:41:16","date_gmt":"2012-06-08T03:41:16","guid":{"rendered":"http:\/\/diarioelpopular.com\/?p=393148"},"modified":"2012-06-07T23:41:16","modified_gmt":"2012-06-08T03:41:16","slug":"juan-luis-guerra-llega-a-los-55-anos-en-la-cuspide-de-la-popularidad","status":"publish","type":"post","link":"https:\/\/diarioelpopular.com\/index.php\/2012\/06\/07\/juan-luis-guerra-llega-a-los-55-anos-en-la-cuspide-de-la-popularidad\/","title":{"rendered":"Juan Luis Guerra llega a los 55 a\u00f1os en la c\u00faspide de la popularidad"},"content":{"rendered":"<div id=\"attachment_393149\" style=\"width: 715px\" class=\"wp-caption aligncenter\"><a href=\"https:\/\/diarioelpopular.com\/wp-content\/uploads\/2012\/06\/web.juan-luis-guerra.jpg\"><img loading=\"lazy\" decoding=\"async\" aria-describedby=\"caption-attachment-393149\" class=\"size-full wp-image-393149\" title=\"web.juan-luis-guerra\" src=\"https:\/\/diarioelpopular.com\/wp-content\/uploads\/2012\/06\/web.juan-luis-guerra.jpg\" alt=\"\" width=\"705\" height=\"420\" \/><\/a><p id=\"caption-attachment-393149\" class=\"wp-caption-text\">Fotograf\u00eda de archivo del cantante y compositor dominicano Juan Luis Guerra durante una entrevista en Madrid. Guerra cumpli\u00f3 55 a\u00f1os de edad este jueves jueves 7 de junio, encaramado en una popularidad que le sit\u00faa, sin dudas, como el m\u00e1s internacional de los artistas dominicanos a golpe de candentes y seductores ritmos populares aderezados en los \u00faltimos a\u00f1os con temas salidos de su fe cristiana.<\/p><\/div>\n<p>Ram\u00f3n Santos<\/p>\n<p><strong><em>Santo Domingo.-<\/em><\/strong> Juan Luis Guerra cumpli\u00f3 este jueves 55 a\u00f1os encaramado en una popularidad que le sit\u00faa, sin dudas, como el m\u00e1s internacional de los artistas dominicanos a golpe de candentes y seductores ritmos populares aderezados en los \u00faltimos a\u00f1os con temas salidos de su fe cristiana.<\/p>\n<p>Este larguirucho so\u00f1ador que un d\u00eda dej\u00f3 los estudios universitarios de filosof\u00eda para seguir su pasi\u00f3n por la m\u00fasica y que ha sabido llevar con \u00e9xito el merengue y la bachata a lugares como Jap\u00f3n y Australia ha logrado conquistar a medio mundo.<\/p>\n<p>En 1984 con la salida de su primer \u00e1lbum, &#8220;Soplando&#8221;, no era f\u00e1cil vaticinar que este t\u00edmido cantautor al frente de su grupo 4-40 alcanzar\u00eda la dimensi\u00f3n mundial de la que hoy goza por lo &#8216;raro&#8217; que se hac\u00eda escuchar merengue mezclado con el jazz que Guerra estudi\u00f3 muy bien en el Berklee College of Music de Boston, en Estados Unidos.<\/p>\n<p>Eran los tiempos del &#8220;boom&#8221; del merengue, del refinamiento del ritmo a trav\u00e9s de j\u00f3venes maestros como Manuel Tejada, quien le produjo un disco de antolog\u00eda al cantante Alex Bueno capaz de competir de &#8220;t\u00fa a t\u00fa&#8221; con Fernando Villalona, &#8220;El Mayimbe&#8221;, el merenguero dominicano m\u00e1s carism\u00e1tico de la historia.<\/p>\n<p>Pero Juan Luis Guerra supo enganchar con el gusto popular con ese estilo suave y diferente que dio un giro m\u00e1s comercial con su segunda producci\u00f3n, &#8220;Mudanza y acarreo&#8221; (1985) y despu\u00e9s con &#8220;Mientras m\u00e1s lo pienso&#8230; tu&#8221; (1986), que definitivamente marcaron el surgimiento de un artista de muchos quilates.<\/p>\n<p>La consagraci\u00f3n le lleg\u00f3 a Juan Luis con la emblem\u00e1tica &#8220;Ojal\u00e1 que llueva caf\u00e9&#8221; (1990) y especialmente con &#8220;Bachata rosa&#8221; (1991), que el propio int\u00e9rprete cree que ha sido su &#8216;marca de f\u00e1brica&#8217;.<\/p>\n<p>&#8220;En la etapa creadora de los artistas se toma una obra como la m\u00e1s completa (&#8230;) qui\u00e9n podr\u00eda decir que haya una producci\u00f3n m\u00e1s acabada dentro de la magn\u00edfica m\u00fasica de Joan Manuel Serrat que &#8216;Mediterr\u00e1neo'&#8221;, dijo Guerra la noche que present\u00f3 en 2007, su pen\u00faltimo \u00e1lbum &#8220;La llave de mi coraz\u00f3n&#8221;.<\/p>\n<p>De seguro que esa apreciaci\u00f3n es compartida por muchos de los seguidores del &#8220;maestro&#8221; -como le llaman consagrados artistas como Juanes, Enrique Iglesias o Miguel Bos\u00e9-, pues ese disco contiene algunas de sus m\u00e1s afamadas creaciones: &#8220;La bilirrubina&#8221;, &#8220;Burbujas de amor&#8221;, &#8220;Estrellitas y duendes&#8221;, &#8220;Como abeja al panal&#8221;, &#8220;Bachata rosa&#8221;&#8230;<\/p>\n<p>Despu\u00e9s de 28 a\u00f1os establecido como una estrella de la m\u00fasica latinoamericana, con premios y reconocimientos por doquier y vendido millones de discos, Juan Luis Guerra sigue siendo un hombre de bajo perfil al que en pocas ocasiones se le ve en lugares p\u00fablicos.<\/p>\n<p>Su vida gira en torno a su devoci\u00f3n hacia Jesucristo, al que agradece constantemente el &#8220;don&#8221; que le ha dado, y el haberlo rescatado de momentos cr\u00edticos que le apartaron de la m\u00fasica y de los escenarios.<\/p>\n<p>Guerra ha sabido mantener un equilibrio entre su producci\u00f3n secular y la de alabanza dedicando a Dios las entregas &#8220;Para ti&#8221; (2005) y la m\u00e1s reciente &#8220;Colecci\u00f3n cristiana&#8221;, de febrero pasado, en el que destaca el corte &#8220;En el cielo no hay hospital&#8221;.<\/p>\n<p>&#8220;Siempre he dicho que las canciones no cambian las cosas, las cosas las cambian los hombres que escuchan las canciones&#8221;, opin\u00f3 recientemente Guerra sobre su manera de interpretar los problemas sociales que su voz ha denunciado en varias ocasiones.<\/p>\n<p>El autor, quien tambi\u00e9n ha alcanzado fama por sus baladas, tiene en la &#8220;Fundaci\u00f3n Juan Luis Guerra&#8221; un veh\u00edculo para asistir a los necesitados en Rep\u00fablica Dominicana y que sirvi\u00f3 de plataforma para el concierto &#8220;Un canto de esperanza por Hait\u00ed&#8221;, en favor de los afectados por el terremoto de 2010 que azot\u00f3 esa naci\u00f3n.<\/p>\n<p>El cantante y compositor se prepara estos d\u00edas para presentar en Santo Domingo el concierto de su gira mundial &#8220;AsondeGuerra&#8221;, que desde el a\u00f1o pasado pasea por tres continentes.<\/p>\n<p>Y como deseo recientemente desvel\u00f3 un anhelo de lujo: quiere grabar una bachata con Paul McCartney.<\/p>\n","protected":false},"excerpt":{"rendered":"<p>Juan Luis Guerra cumpli\u00f3 este jueves 55 a\u00f1os encaramado en una popularidad que le sit\u00faa, sin dudas, como el m\u00e1s internacional de los artistas dominicanos a golpe de candentes y seductores ritmos populares aderezados en los \u00faltimos a\u00f1os con temas salidos de su fe cristiana.<\/p>\n","protected":false},"author":1,"featured_media":393149,"comment_status":"open","ping_status":"open","sticky":false,"template":"","format":"standard","meta":{"footnotes":""},"categories":[80,23,24],"tags":[2350,2750,3610,3611],"class_list":["post-393148","post","type-post","status-publish","format-standard","has-post-thumbnail","hentry","category-cine-2","category-latinoamerica","category-mundo","tag-cumpleanos","tag-guerra","tag-juan","tag-luis"],"_links":{"self":[{"href":"https:\/\/diarioelpopular.com\/index.php\/wp-json\/wp\/v2\/posts\/393148","targetHints":{"allow":["GET"]}}],"collection":[{"href":"https:\/\/diarioelpopular.com\/index.php\/wp-json\/wp\/v2\/posts"}],"about":[{"href":"https:\/\/diarioelpopular.com\/index.php\/wp-json\/wp\/v2\/types\/post"}],"author":[{"embeddable":true,"href":"https:\/\/diarioelpopular.com\/index.php\/wp-json\/wp\/v2\/users\/1"}],"replies":[{"embeddable":true,"href":"https:\/\/diarioelpopular.com\/index.php\/wp-json\/wp\/v2\/comments?post=393148"}],"version-history":[{"count":0,"href":"https:\/\/diarioelpopular.com\/index.php\/wp-json\/wp\/v2\/posts\/393148\/revisions"}],"wp:featuredmedia":[{"embeddable":true,"href":"https:\/\/diarioelpopular.com\/index.php\/wp-json\/"}],"wp:attachment":[{"href":"https:\/\/diarioelpopular.com\/index.php\/wp-json\/wp\/v2\/media?parent=393148"}],"wp:term":[{"taxonomy":"category","embeddable":true,"href":"https:\/\/diarioelpopular.com\/index.php\/wp-json\/wp\/v2\/categories?post=393148"},{"taxonomy":"post_tag","embeddable":true,"href":"https:\/\/diarioelpopular.com\/index.php\/wp-json\/wp\/v2\/tags?post=393148"}],"curies":[{"name":"wp","href":"https:\/\/api.w.org\/{rel}","templated":true}]}}