{"id":393154,"date":"2012-06-07T23:40:26","date_gmt":"2012-06-08T03:40:26","guid":{"rendered":"http:\/\/diarioelpopular.com\/?p=393154"},"modified":"2012-06-07T23:40:26","modified_gmt":"2012-06-08T03:40:26","slug":"la-seleccion-portuguesa-triste-por-las-criticas-pide-que-se-hable-de-futbol","status":"publish","type":"post","link":"https:\/\/diarioelpopular.com\/index.php\/2012\/06\/07\/la-seleccion-portuguesa-triste-por-las-criticas-pide-que-se-hable-de-futbol\/","title":{"rendered":"La selecci\u00f3n portuguesa, triste por las cr\u00edticas, pide que se hable de f\u00fatbol"},"content":{"rendered":"<div id=\"attachment_393155\" style=\"width: 715px\" class=\"wp-caption aligncenter\"><a href=\"https:\/\/diarioelpopular.com\/wp-content\/uploads\/2012\/06\/web.portugal.jpg\"><img loading=\"lazy\" decoding=\"async\" aria-describedby=\"caption-attachment-393155\" class=\"size-full wp-image-393155\" title=\"web.portugal\" src=\"https:\/\/diarioelpopular.com\/wp-content\/uploads\/2012\/06\/web.portugal.jpg\" alt=\"\" width=\"705\" height=\"420\" \/><\/a><p id=\"caption-attachment-393155\" class=\"wp-caption-text\">POZNAN (POLONIA).- El internacional portugu\u00e9s Ricardo Quaresma estira durante el entrenamiento que la selecci\u00f3n lusa ha llevado a cabo en el centro deportivo Opalenica, en Poznan, Polonia.<\/p><\/div>\n<p>Antonio Torres del Cerro<\/p>\n<p><strong><em>Opalenica (Polonia).-<\/em><\/strong> &#8220;\u00bfQuieren derrotarnos antes de comenzar? Los jugadores no merecen eso&#8221;, declar\u00f3 apesadumbrado el vicepresidente de la Federaci\u00f3n Portuguesa de F\u00fatbol (FPF), Humberto Coelho, quien compareci\u00f3 este jueves en Opalenica (Polonia) para frenar el enrarecido ambiente debido a las recientes cr\u00edticas a la selecci\u00f3n.<\/p>\n<p>Un vestuario tranquilo y concentrado para el partido contra Alemania, este s\u00e1bado en Lviv (Ucrania), pero &#8220;triste&#8221; por las manifestaciones de los entrenadores Manuel Jos\u00e9 y Carlos Queiroz, quienes tildaron lo que rodea al combinado luso de un &#8220;circo&#8221;.<\/p>\n<p>As\u00ed describi\u00f3 Coelho, exseleccionador luso (1997-2000), el ambiente que vive la selecci\u00f3n capitaneada por Cristiano Ronaldo, quien ma\u00f1ana atender\u00e1 a los medios antes de medirse a Alemania, rival en el grupo B junto a Dinamarca y Holanda.<\/p>\n<p>&#8220;Las personas no pueden hablar de aquello que nunca vivieron, y siempre sucede en las fases finales&#8221;, se desahog\u00f3 el dirigente de la federaci\u00f3n, mientras se lament\u00f3 de que el &#8220;fatum&#8221; (sino) de los portugueses sea el de ser desconfiados.<\/p>\n<p>La derrota contra Turqu\u00eda (1-3) y un empate frente a Macedonia, los numerosos d\u00edas libres concedidos a los futbolistas y la apretada agenda social de la selecci\u00f3n durante su estancia en Portugal son los principales desencadenes de los reproches, coronados por algunas informaciones de la prensa lusa.<\/p>\n<p>Los gastos de la selecci\u00f3n en el lujoso hotel de Opalenica y un reportaje sobre los coches de alta gama de los jugadores pusieron m\u00e1s le\u00f1a al fuego. Y todo esto en un pa\u00eds inmerso en una grave crisis econ\u00f3mica y sensible a cualquier cuesti\u00f3n referente con gastos.<\/p>\n<p>&#8220;Existe una tristeza, pero no afecta al rendimiento. Claro que est\u00e1n tristes por decirse cosas que no son verdad (&#8230;) Pero veo en este equipo serenidad para concentrarnos en nuestros objetivos&#8221;, certific\u00f3 Coelho.<\/p>\n<p>El portero Eduardo Carvalho, del Benfica, corrobor\u00f3 el sentimiento de pesadumbre descrito por el vicepresidente de la FPF.<\/p>\n<p>&#8220;Estamos un poco tristes y especialmente por venir de portugueses que deb\u00edan de darnos valor y ayudar m\u00e1s al grupo&#8221;, coment\u00f3 el meta, quien como Coelho, no cit\u00f3 expl\u00edcitamente a Manuel Jos\u00e9 y Queiroz.<\/p>\n<p>Los coches lujosos y altos salarios de los futbolistas aireados por la prensa lusa tampoco cayeron bien en Portugal y Eduardo lo entiende.<\/p>\n<p>&#8220;Nosotros comprendemos c\u00f3mo est\u00e1 la situaci\u00f3n actualmente, las personas ven esas noticias y se sienten un poco frustradas&#8221;, manifest\u00f3. No obstante, el guardameta resalt\u00f3 que est\u00e1 unidos para dar una alegr\u00eda a sus compatriotas.<\/p>\n<p>Coelho, conocedor de la selecci\u00f3n tambi\u00e9n como futbolista al jugar por Portugal m\u00e1s de 60 veces, pidi\u00f3 &#8220;respeto&#8221; por los profesionales que representan al pa\u00eds y dese\u00f3 que a partir de ahora &#8220;s\u00f3lo se hable de f\u00fatbol&#8221;.<\/p>\n<p>&#8220;Hay que ser m\u00e1s positivo. En los \u00faltimos 15 a\u00f1os alcanzamos un estatuto mundial y europeo que nunca tuvimos. Eso crea un prestigio y creamos autoestima. \u00bfDos amistosos (empate contra Macedonia y derrota ante Turqu\u00eda) van a destruir el trabajo todo?&#8221;, se interrog\u00f3.<\/p>\n<p>Portugal, que tiene un historial salpicado de episodios pol\u00e9micos y de indisciplina dentro del vestuario, como en los mundiales del 86 y del 2002, debuta en la Eurocopa el s\u00e1bado, en Lviv, ante la selecci\u00f3n Alemana envuelta en una nebulosa.<\/p>\n<p>&#8220;Todav\u00eda vamos a unirnos m\u00e1s. Queremos demostrar en el campo que todo lo que se habla no es verdad&#8221;, sentenci\u00f3 Eduardo.<\/p>\n","protected":false},"excerpt":{"rendered":"<p>&#8220;\u00bfQuieren derrotarnos antes de comenzar? Los jugadores no merecen eso&#8221;, declar\u00f3 apesadumbrado el vicepresidente de la Federaci\u00f3n Portuguesa de F\u00fatbol (FPF), Humberto Coelho, quien compareci\u00f3 este jueves en Opalenica (Polonia) para frenar el enrarecido ambiente debido a las recientes cr\u00edticas a la selecci\u00f3n.<\/p>\n","protected":false},"author":1,"featured_media":393155,"comment_status":"open","ping_status":"open","sticky":false,"template":"","format":"standard","meta":{"footnotes":""},"categories":[28],"tags":[3612,3613],"class_list":["post-393154","post","type-post","status-publish","format-standard","has-post-thumbnail","hentry","category-deportes","tag-eurocopa","tag-portugal"],"_links":{"self":[{"href":"https:\/\/diarioelpopular.com\/index.php\/wp-json\/wp\/v2\/posts\/393154","targetHints":{"allow":["GET"]}}],"collection":[{"href":"https:\/\/diarioelpopular.com\/index.php\/wp-json\/wp\/v2\/posts"}],"about":[{"href":"https:\/\/diarioelpopular.com\/index.php\/wp-json\/wp\/v2\/types\/post"}],"author":[{"embeddable":true,"href":"https:\/\/diarioelpopular.com\/index.php\/wp-json\/wp\/v2\/users\/1"}],"replies":[{"embeddable":true,"href":"https:\/\/diarioelpopular.com\/index.php\/wp-json\/wp\/v2\/comments?post=393154"}],"version-history":[{"count":0,"href":"https:\/\/diarioelpopular.com\/index.php\/wp-json\/wp\/v2\/posts\/393154\/revisions"}],"wp:featuredmedia":[{"embeddable":true,"href":"https:\/\/diarioelpopular.com\/index.php\/wp-json\/"}],"wp:attachment":[{"href":"https:\/\/diarioelpopular.com\/index.php\/wp-json\/wp\/v2\/media?parent=393154"}],"wp:term":[{"taxonomy":"category","embeddable":true,"href":"https:\/\/diarioelpopular.com\/index.php\/wp-json\/wp\/v2\/categories?post=393154"},{"taxonomy":"post_tag","embeddable":true,"href":"https:\/\/diarioelpopular.com\/index.php\/wp-json\/wp\/v2\/tags?post=393154"}],"curies":[{"name":"wp","href":"https:\/\/api.w.org\/{rel}","templated":true}]}}