{"id":393506,"date":"2012-06-11T23:06:22","date_gmt":"2012-06-12T03:06:22","guid":{"rendered":"http:\/\/diarioelpopular.com\/?p=393506"},"modified":"2012-06-11T23:06:22","modified_gmt":"2012-06-12T03:06:22","slug":"rafael-nadal-26-anos-siete-roland-garros","status":"publish","type":"post","link":"https:\/\/diarioelpopular.com\/index.php\/2012\/06\/11\/rafael-nadal-26-anos-siete-roland-garros\/","title":{"rendered":"Rafael Nadal, 26 a\u00f1os, siete Roland Garros"},"content":{"rendered":"<div id=\"attachment_393507\" style=\"width: 710px\" class=\"wp-caption aligncenter\"><a href=\"https:\/\/diarioelpopular.com\/wp-content\/uploads\/2012\/06\/web.nadal_.jpg\"><img loading=\"lazy\" decoding=\"async\" aria-describedby=\"caption-attachment-393507\" class=\"size-full wp-image-393507\" title=\"web.nadal\" src=\"https:\/\/diarioelpopular.com\/wp-content\/uploads\/2012\/06\/web.nadal_.jpg\" alt=\"\" width=\"700\" height=\"420\" \/><\/a><p id=\"caption-attachment-393507\" class=\"wp-caption-text\">PAR\u00cdS (FRANCIA).- El tenista espa\u00f1ol Rafael Nadal celebra su victoria por 6-4, 6-2, 2-6 y 7-5 ante el serbio Novak Djokovik en la final del torneo Roland Garros disputado este lunes 11, en Par\u00eds. Nadal escribi\u00f3 una nueva p\u00e1gina en la historia del tenis mundial al coronarse campe\u00f3n de Roland Garros por s\u00e9ptima vez. La final tuvo que ser aplazada un d\u00eda antes a causa de la lluvia.<\/p><\/div>\n<p>Luis Miguel Pascual<\/p>\n<p><strong><em>Par\u00eds.-<\/em><\/strong> El espa\u00f1ol Rafael Nadal se convirti\u00f3 este lunes en el tenista masculino que m\u00e1s veces ha levantado el trofeo de Roland Garros, siete, una m\u00e1s que el sueco Bjorn Borg y los mismos que la estadounidense Chris Evert.<\/p>\n<p>A sus 26 a\u00f1os el tenista de Manacor (Mallorca) marca la historia del Grand Slam de tierra batida, su aut\u00e9ntico jard\u00edn, donde s\u00f3lo ha perdido un partido, en 2009 frente al sueco Robin Soderling.<\/p>\n<p>La serie incre\u00edble de Nadal en el Grand Slam de Par\u00eds s\u00f3lo tiene un precedente, el del estadounidense Pete Sampras en Wimbledon.<\/p>\n<p>Nadal debut\u00f3 en Roland Garros con 18 a\u00f1os, mucha ilusi\u00f3n y con poco curr\u00edculum. Ese 2005 hab\u00eda ganado los Masters de Montecarlo y Roma y hab\u00eda escalado desde el puesto 50 del mundo hasta el cinco antes de aterrizar en la Porte de Auteuil.<\/p>\n<p>Expeditivo en cada uno de sus partidos, Nadal tuvo su duelo m\u00e1s complicado en semifinales contra el suizo Roger Federer, entonces n\u00famero uno mundial, al que sorprendi\u00f3 antes de derrotar f\u00e1cilmente en la final al argentino Mariano Puerta, que le rob\u00f3 la condici\u00f3n de jugador revelaci\u00f3n del torneo.<\/p>\n<p>Al a\u00f1o siguiente, su solidez sobre la tierra batida estaba a prueba ante un extraordinario Federer, que ven\u00eda de ganar Wimbledon, el Abierto de Estados Unidos y el de Australia y que pensaba conquistar los cuatro de forma consecutiva, algo que s\u00f3lo hab\u00edan conseguido el estadounidense Donald Budge (1938) y el australiano Rod Laver (1962, 1969).<\/p>\n<p>Nadal hab\u00eda mostrado su superioridad sobre el polvo de ladrillo en la final de Roma, donde remont\u00f3 dos bolas de partido a Federer. En la final de Roland Garros, el suizo se hizo con el primer set (6-1) antes de sucumbir a la fuerza mental del mallorqu\u00edn.<\/p>\n<p>Al a\u00f1o siguiente, de nuevo el suizo lleg\u00f3 a Par\u00eds con opciones de conseguir el Grand Slam (los cuatro grandes consecutivos) y con la moral alta tras haberle derrotado una semana antes en la tierra batida de Hamburgo, lo que rompi\u00f3 una racha de 81 triunfos consecutivos del espa\u00f1ol sobre esa superficie.<\/p>\n<p>En 2008 Nadal firm\u00f3 un torneo perfecto, no hab\u00eda cedido ning\u00fan set hasta la final y, en la misma, barri\u00f3 de la pista a Federer, que s\u00f3lo sum\u00f3 cuatro juegos. Se convirti\u00f3 en el primer ganador de Par\u00eds sin perder una manga desde Borg en 1980.<\/p>\n<p>Aquel a\u00f1o lo complet\u00f3 con una victoria en Wimbledon, ante un Federer que hab\u00eda ganado las cinco anteriores ediciones, y con el oro ol\u00edmpico en los Juegos de Pek\u00edn.<\/p>\n<p>En 2009, Nadal dej\u00f3 escapar el \u00fanico borr\u00f3n en una inmaculada hoja de servicios. F\u00edsicamente mermado por una rodilla dolorosa, con problemas de concentraci\u00f3n tras el divorcio de sus padres, el espa\u00f1ol cay\u00f3 en cuarta ronda ante el sueco Robin Soderling, que termin\u00f3 perdiendo en la final contra Federer.<\/p>\n<p>Al a\u00f1o siguiente volvi\u00f3 con las pilas cargadas y con un nivel, de nuevo, pr\u00f3ximo a la perfecci\u00f3n. Lleg\u00f3 a Par\u00eds tras ganar los tres Masters 1.000 sobre tierra (Montercarlo, Madrid y Roma) y, en la final, se tom\u00f3 la revancha con Soderling, a quien arras\u00f3 en tres sets. Por segunda vez se llev\u00f3 el torneo sin ceder ninguna manga.<\/p>\n<p>Como guinda al pastel, ese a\u00f1o ascendi\u00f3 al primer escal\u00f3n de la clasificaci\u00f3n mundial en detrimento de Federer.<\/p>\n<p>Con los galones de n\u00famero uno, Nadal lleg\u00f3 en 2011 tras haber ca\u00eddo en las finales de Roma y Madrid ante Djokovic y se mostr\u00f3 signos de debilidad durante todo el torneo, pero logr\u00f3 clasificarse para la final, donde por cuarta vez gan\u00f3 a Federer que, sin embargo, estuvo m\u00e1s cerca de nunca de ganar en Par\u00eds por segunda vez.<br \/>\nAquel triunfo le situ\u00f3 a la altura de Borg, con seis victorias, el r\u00e9cord conseguido en la arcilla de Par\u00eds por un tenista masculino.<\/p>\n<p>Una marca que bati\u00f3 este a\u00f1o y que le situ\u00f3 en lo m\u00e1s alto de la leyenda de Roland Garros, junto con Chris Evert, que venci\u00f3 siete veces en Par\u00eds.<\/p>\n<p>Nadal se mostr\u00f3 muy seguro, no cedi\u00f3 ning\u00fan set hasta la final y acab\u00f3 derrotando al n\u00famero uno del mundo, el serbio Djokovic.<\/p>\n","protected":false},"excerpt":{"rendered":"<p>Luis Miguel Pascual Par\u00eds.- El espa\u00f1ol Rafael Nadal se convirti\u00f3 este lunes en el tenista masculino que m\u00e1s veces ha levantado el trofeo de Roland&hellip;<\/p>\n","protected":false},"author":1,"featured_media":393507,"comment_status":"open","ping_status":"open","sticky":false,"template":"","format":"standard","meta":{"footnotes":""},"categories":[28],"tags":[183,3447,426,3449,176],"class_list":["post-393506","post","type-post","status-publish","format-standard","has-post-thumbnail","hentry","category-deportes","tag-francia","tag-garros","tag-nadal","tag-roland","tag-tenis"],"_links":{"self":[{"href":"https:\/\/diarioelpopular.com\/index.php\/wp-json\/wp\/v2\/posts\/393506","targetHints":{"allow":["GET"]}}],"collection":[{"href":"https:\/\/diarioelpopular.com\/index.php\/wp-json\/wp\/v2\/posts"}],"about":[{"href":"https:\/\/diarioelpopular.com\/index.php\/wp-json\/wp\/v2\/types\/post"}],"author":[{"embeddable":true,"href":"https:\/\/diarioelpopular.com\/index.php\/wp-json\/wp\/v2\/users\/1"}],"replies":[{"embeddable":true,"href":"https:\/\/diarioelpopular.com\/index.php\/wp-json\/wp\/v2\/comments?post=393506"}],"version-history":[{"count":0,"href":"https:\/\/diarioelpopular.com\/index.php\/wp-json\/wp\/v2\/posts\/393506\/revisions"}],"wp:featuredmedia":[{"embeddable":true,"href":"https:\/\/diarioelpopular.com\/index.php\/wp-json\/"}],"wp:attachment":[{"href":"https:\/\/diarioelpopular.com\/index.php\/wp-json\/wp\/v2\/media?parent=393506"}],"wp:term":[{"taxonomy":"category","embeddable":true,"href":"https:\/\/diarioelpopular.com\/index.php\/wp-json\/wp\/v2\/categories?post=393506"},{"taxonomy":"post_tag","embeddable":true,"href":"https:\/\/diarioelpopular.com\/index.php\/wp-json\/wp\/v2\/tags?post=393506"}],"curies":[{"name":"wp","href":"https:\/\/api.w.org\/{rel}","templated":true}]}}