{"id":393749,"date":"2012-06-12T23:17:07","date_gmt":"2012-06-13T03:17:07","guid":{"rendered":"http:\/\/diarioelpopular.com\/?p=393749"},"modified":"2012-06-12T23:17:07","modified_gmt":"2012-06-13T03:17:07","slug":"tenemos-voz-y-es-nuestra-casa-dicen-jovenes-malvinenses-a-argentina","status":"publish","type":"post","link":"https:\/\/diarioelpopular.com\/index.php\/2012\/06\/12\/tenemos-voz-y-es-nuestra-casa-dicen-jovenes-malvinenses-a-argentina\/","title":{"rendered":"&#8220;Tenemos voz&#8221; y &#8220;es nuestra casa&#8221;, dicen j\u00f3venes malvinenses a Argentina"},"content":{"rendered":"<div id=\"attachment_393751\" style=\"width: 710px\" class=\"wp-caption aligncenter\"><a href=\"https:\/\/diarioelpopular.com\/wp-content\/uploads\/2012\/06\/web.malvinas1.jpg\"><img loading=\"lazy\" decoding=\"async\" aria-describedby=\"caption-attachment-393751\" class=\"size-full wp-image-393751\" title=\"web.malvinas\" src=\"https:\/\/diarioelpopular.com\/wp-content\/uploads\/2012\/06\/web.malvinas1.jpg\" alt=\"\" width=\"700\" height=\"420\" \/><\/a><p id=\"caption-attachment-393751\" class=\"wp-caption-text\">LONDRES.- Foto cedida por el Gobierno de las Islas Malvinas en la que aparecen Ailie Biggs (1i), Caris Stevens (2i), Michael Poole (3i) y James Marsh (4i), integrantes de un grupo de seis malvinenses que quiere entregar a la presidenta argentina, Cristina Fern\u00e1ndez, el proximo jueves en Nueva York un ensaje de autodeterminaci\u00f3n. Fern\u00e1ndez intervendr\u00e1 ante el Comit\u00e9 de Descolonizaci\u00f3n de la ONU el d\u00eda en que se cumplir\u00e1 el trig\u00e9simo aniversario del final de la guerra que enfrent\u00f3 al Reino Unido y a Argentina por la soberan\u00eda de las islasMalvinas.<\/p><\/div>\n<p>Viviana Garc\u00eda<\/p>\n<p>No conocieron a los militares argentinos ni los horrores de la guerra de las Malvinas de 1982, pero seis j\u00f3venes isle\u00f1os llevan a Nueva York un mensaje claro para la presidenta de Argentina, Cristina Fern\u00e1ndez: &#8220;Tenemos voz y derecho a ser brit\u00e1nicos&#8221;, &#8220;vivimos all\u00ed&#8221; y &#8220;es nuestra casa&#8221;.<\/p>\n<p>Nacidos la mayor\u00eda despu\u00e9s del conflicto que enfrent\u00f3 al Reino Unido y a Argentina por la soberan\u00eda de las Malvinas, seis isle\u00f1os estar\u00e1n el jueves en EEUU para tratar de reunirse con Fern\u00e1ndez, quien intervendr\u00e1 ante el Comit\u00e9 de Descolonizaci\u00f3n de la ONU el d\u00eda en que se cumplir\u00e1 el trig\u00e9simo aniversario del final de la guerra.<\/p>\n<p>En entrevista en Londres, cuatro de los seis j\u00f3venes que viajaron a Nueva York explicaron con pasi\u00f3n su deseo de ser brit\u00e1nicos, pero insistieron en que no sienten rencor hacia los argentinos y est\u00e1n a favor del di\u00e1logo con Buenos Aires, siempre que no implique la negociaci\u00f3n de la soberan\u00eda.<\/p>\n<p>Aile Biggs, de 29 a\u00f1os; James Marsh, de 31; Michael Poole, de 27, y Caris Stevens, de 25, son cuatro de los seis malvinenses que llevan el mensaje de la autodeterminaci\u00f3n, que dicen es compartido por los casi 3.000 habitantes de las islas del Atl\u00e1ntico Sur, que ellos denominan Falkland.<\/p>\n<p>Otros dos, Krysteen Ormand, de 23 a\u00f1os, y Andy Pollard, de 32, est\u00e1n ya en Estados Unidos, donde viajar\u00e1n tambi\u00e9n Mike Summers y Roger Edward, miembros del Gobierno legislativo de las islas, que ha costeado el viaje de los seis j\u00f3venes.<\/p>\n<p>Aunque a\u00fan no saben si podr\u00e1n entrevistarse con Fern\u00e1ndez, los seis j\u00f3venes conf\u00edan en poder hacerlo.<\/p>\n<p>Todos coincidieron en que la soberan\u00eda no es negociable y que tienen derecho a tener &#8220;voz&#8221; sobre el futuro de las islas, porque -como dijo James Marsh- &#8220;no queremos que se nos recuerde solo por la guerra, somos j\u00f3venes y tenemos derecho a ser respetados&#8221;.<\/p>\n<p>Para Marsh, que no hab\u00eda cumplido los dos a\u00f1os cuando estall\u00f3 el conflicto en abril de 1982, es &#8220;insultante&#8221; para sus familias y sus antepasados que Argentina no reconozca sus derechos.<\/p>\n<p>&#8220;En estos tiempos, los deseos de los pueblos no pueden ser ignorados&#8221;, dijo Marsh, quien est\u00e1 a favor de tratar con Argentina asuntos de pesca o petr\u00f3leo, pero &#8220;la soberan\u00eda es un no&#8221;.<\/p>\n<p>Los j\u00f3venes se quejaron del constante reclamo territorial que hace Argentina de las islas desde 1833 y que esta disputa se ense\u00f1e incluso a los ni\u00f1os en las escuelas argentinas.<br \/>\n&#8220;Nuestro principal mensaje es la autodeterminaci\u00f3n, tener voz sobre nuestro futuro, no nos importa tener un di\u00e1logo con Argentina. Pedimos ser reconocidos, vivimos all\u00ed, es nuestra casa&#8221;, subray\u00f3 Caris Stevens, dise\u00f1adora de interior.<\/p>\n<p>Tambi\u00e9n se quejaron del acoso del Gobierno argentino hacia los isle\u00f1os al haber conseguido que los pa\u00edses vecinos impidan el amarre en sus puertos de barcos con bandera malvinense.<\/p>\n<p>Esa decisi\u00f3n se acord\u00f3 a finales del a\u00f1o pasado por los pa\u00edses del Mercosur, formado por Argentina, Uruguay, Paraguay y Brasil.<\/p>\n<p>Los j\u00f3venes reconocen que esa prohibici\u00f3n les ha dificultado la vida puesto que los alimentos que reciben, como frutas y verduras, son m\u00e1s caros porque llegan a trav\u00e9s de transporte a\u00e9reo.<\/p>\n<p>&#8220;Estas restricciones tienen un efecto diario, la comida es m\u00e1s cara&#8221;, como la fruta y la verdura, ya que la traen por avi\u00f3n desde Chile, dijo Ailie Biggs, que ha estudiado empresariales.<\/p>\n<p>Los cuatro isle\u00f1os creen que las restricciones que impone Fern\u00e1ndez tendr\u00e1n un efecto contrario hacia Argentina.<\/p>\n<p>&#8220;No estamos dispuestos al di\u00e1logo si nos hace dif\u00edcil la vida, es una forma de acoso. No nos sensibilizan a hablar con ellos. Pero no es culpa de los argentinos&#8221;, afirm\u00f3 Stevens, en referencia a que los problemas los provoca el Gobierno de Buenos Aires.<\/p>\n<p>La tensi\u00f3n entre Argentina y el Reino Unido se agrav\u00f3 en 2011 por el bloqueo a los barcos malvinenses, a lo que se sum\u00f3 el malestar de Buenos Aires por la presencia del pr\u00edncipe Guillermo, nieto de la reina Isabel II, en el archipi\u00e9lago y el env\u00edo de un destructor brit\u00e1nico.<\/p>\n","protected":false},"excerpt":{"rendered":"<p>No conocieron a los militares argentinos ni los horrores de la guerra de las Malvinas de 1982, pero seis j\u00f3venes isle\u00f1os llevan a Nueva York un mensaje claro para la presidenta de Argentina, Cristina Fern\u00e1ndez: &#8220;Tenemos voz y derecho a ser brit\u00e1nicos&#8221;, &#8220;vivimos all\u00ed&#8221; y &#8220;es nuestra casa&#8221;.<\/p>\n","protected":false},"author":1,"featured_media":393751,"comment_status":"open","ping_status":"open","sticky":false,"template":"","format":"standard","meta":{"footnotes":""},"categories":[23,24],"tags":[43,1473,266],"class_list":["post-393749","post","type-post","status-publish","format-standard","has-post-thumbnail","hentry","category-latinoamerica","category-mundo","tag-argentina","tag-londres","tag-malvinas"],"_links":{"self":[{"href":"https:\/\/diarioelpopular.com\/index.php\/wp-json\/wp\/v2\/posts\/393749","targetHints":{"allow":["GET"]}}],"collection":[{"href":"https:\/\/diarioelpopular.com\/index.php\/wp-json\/wp\/v2\/posts"}],"about":[{"href":"https:\/\/diarioelpopular.com\/index.php\/wp-json\/wp\/v2\/types\/post"}],"author":[{"embeddable":true,"href":"https:\/\/diarioelpopular.com\/index.php\/wp-json\/wp\/v2\/users\/1"}],"replies":[{"embeddable":true,"href":"https:\/\/diarioelpopular.com\/index.php\/wp-json\/wp\/v2\/comments?post=393749"}],"version-history":[{"count":0,"href":"https:\/\/diarioelpopular.com\/index.php\/wp-json\/wp\/v2\/posts\/393749\/revisions"}],"wp:featuredmedia":[{"embeddable":true,"href":"https:\/\/diarioelpopular.com\/index.php\/wp-json\/"}],"wp:attachment":[{"href":"https:\/\/diarioelpopular.com\/index.php\/wp-json\/wp\/v2\/media?parent=393749"}],"wp:term":[{"taxonomy":"category","embeddable":true,"href":"https:\/\/diarioelpopular.com\/index.php\/wp-json\/wp\/v2\/categories?post=393749"},{"taxonomy":"post_tag","embeddable":true,"href":"https:\/\/diarioelpopular.com\/index.php\/wp-json\/wp\/v2\/tags?post=393749"}],"curies":[{"name":"wp","href":"https:\/\/api.w.org\/{rel}","templated":true}]}}