{"id":393758,"date":"2012-06-12T23:14:58","date_gmt":"2012-06-13T03:14:58","guid":{"rendered":"http:\/\/diarioelpopular.com\/?p=393758"},"modified":"2012-06-12T23:14:58","modified_gmt":"2012-06-13T03:14:58","slug":"la-roja-confia-en-su-capacidad-goleadora","status":"publish","type":"post","link":"https:\/\/diarioelpopular.com\/index.php\/2012\/06\/12\/la-roja-confia-en-su-capacidad-goleadora\/","title":{"rendered":"La &#8216;Roja&#8217; conf\u00eda en su capacidad goleadora"},"content":{"rendered":"<div id=\"attachment_393759\" style=\"width: 710px\" class=\"wp-caption aligncenter\"><a href=\"https:\/\/diarioelpopular.com\/wp-content\/uploads\/2012\/06\/web.euroesp.jpg\"><img loading=\"lazy\" decoding=\"async\" aria-describedby=\"caption-attachment-393759\" class=\"size-full wp-image-393759\" title=\"web.euro,esp\" src=\"https:\/\/diarioelpopular.com\/wp-content\/uploads\/2012\/06\/web.euroesp.jpg\" alt=\"\" width=\"700\" height=\"420\" \/><\/a><p id=\"caption-attachment-393759\" class=\"wp-caption-text\">GNIEWINO (POLONIA).- Aficionados de la selecci\u00f3n espa\u00f1ola de f\u00fatbol, vestidos de toreros y picador, ponen una nota colorista a la entrada al hotel de concentraci\u00f3n del equipo este 12 de junio de 2012, en la localidad polaca de Gniewino, donde la selecci\u00f3n preparan el partido ante Irlanda, el pr\u00f3ximo jueves, correspondiente a la segunda jornada del Grupo C de la Eurocopa 2012.<\/p><\/div>\n<p><strong><em>Gniewino (Polonia).-<\/em><\/strong> &#8220;Los goles van a llegar&#8221;, declar\u00f3 este martes el extremo Jes\u00fas Navas en la rueda de prensa de la selecci\u00f3n espa\u00f1ola, un equipo que conf\u00eda en su efectividad ofensiva, pese al 1-1 contra Italia, un duelo en el que cont\u00f3 dieciocho disparos, nueve de ellos a porter\u00eda, pero s\u00f3lo consigui\u00f3 un gol.<\/p>\n<p>No es habitual un encuentro de la &#8216;Roja&#8217; con tan bajo porcentaje de acierto sobre la porter\u00eda rival, un gol en 18 lanzamientos sobre la meta del italiano Gianluigi Buffon, nueve entre los tres palos y nueve fuera, en su primer partido en el grupo C de la Eurocopa 2012, disputado el pasado domingo frente a Italia en Gdansk (Polonia).<br \/>\nEn la anterior fase final del torneo, en Austria y Suiza 2008, en la que Espa\u00f1a se proclam\u00f3 campeona, tuvo m\u00e1s punter\u00eda en cinco de sus seis duelos: en los triunfos 4-1 ante Rusia (17 disparos); en el 1-2 con Suecia (13) y en el 1-2 ante Grecia (17 lanzamientos), en la fase de grupos; en el 0-3 a Rusia en semifinales (22) y en la final frente a Alemania, a la que venci\u00f3 por 0-1 con doce tiros.<\/p>\n<p>S\u00f3lo en el empate a cero frente a Italia en los cuartos de final de la competici\u00f3n, un choque que se decidi\u00f3 posteriormente a favor de la &#8216;Roja&#8217; en la tanda de penaltis, Espa\u00f1a inquiet\u00f3 m\u00e1s la porter\u00eda de su contrincante sin \u00e9xito, con 22 disparos y ning\u00fan gol.<\/p>\n<p>&#8220;Lo importante es que se creen las ocasiones. Contra Italia, una grand\u00edsima selecci\u00f3n, se crearon. Y para los siguientes partidos van a ser igual. Est\u00e1 claro que es una fase final y que goleadas ha habido muy pocas y va a haber pocas&#8221;, valor\u00f3 hoy el centrocampista Sergio Busquets sobre el duelo del pasado domingo en Gdansk.<\/p>\n<p>&#8220;En el pasado Mundial, la mayor\u00eda de los partidos se decidieron por la m\u00ednima, 1-0, a nuestro favor. Lo importante es ganar&#8221;, continu\u00f3 el futbolista, recordando lo sucedido hace dos a\u00f1os en Sur\u00e1frica 2010, un torneo en el que Espa\u00f1a comenz\u00f3 con un tropiezo, 0-1 ante Suiza, pero finalmente conquist\u00f3 la gloria con el t\u00edtulo.<\/p>\n<p>En aquella cita gan\u00f3 sus cuatro eliminatorias, octavos (0-1 a Portugal), cuartos (1-0 a Paraguay), semifinales (0-1 a Alemania) y final (0-1 contra Holanda), con s\u00f3lo un gol a favor y la porter\u00eda a cero, mientras que super\u00f3 en la segunda y tercera jornada de la fase de grupos, respectivamente, por 2-0 a Honduras y 1-2 a Chile.<\/p>\n<p>&#8220;Tuvimos muchas opciones tanto en la primera como en la segunda parte&#8221;, record\u00f3 Jes\u00fas Navas sobre el estreno del pasado domingo en la Eurocopa 2012 ante Italia. &#8220;A ra\u00edz del empate, tuvimos m\u00e1s ocasiones para llevarnos la victoria. Los goles van a llegar.<\/p>\n<p>Mientras haya ocasiones, los goles van a llegar&#8221;, a\u00f1adi\u00f3 el extremo.<\/p>\n","protected":false},"excerpt":{"rendered":"<p>&#8220;Los goles van a llegar&#8221;, declar\u00f3 este martes el extremo Jes\u00fas Navas en la rueda de prensa de la selecci\u00f3n espa\u00f1ola, un equipo que conf\u00eda en su efectividad ofensiva, pese al 1-1 contra Italia, un duelo en el que cont\u00f3 dieciocho disparos, nueve de ellos a porter\u00eda, pero s\u00f3lo consigui\u00f3 un gol.<\/p>\n","protected":false},"author":1,"featured_media":393759,"comment_status":"open","ping_status":"open","sticky":false,"template":"","format":"standard","meta":{"footnotes":""},"categories":[28],"tags":[3649,444],"class_list":["post-393758","post","type-post","status-publish","format-standard","has-post-thumbnail","hentry","category-deportes","tag-erocopa","tag-espana"],"_links":{"self":[{"href":"https:\/\/diarioelpopular.com\/index.php\/wp-json\/wp\/v2\/posts\/393758","targetHints":{"allow":["GET"]}}],"collection":[{"href":"https:\/\/diarioelpopular.com\/index.php\/wp-json\/wp\/v2\/posts"}],"about":[{"href":"https:\/\/diarioelpopular.com\/index.php\/wp-json\/wp\/v2\/types\/post"}],"author":[{"embeddable":true,"href":"https:\/\/diarioelpopular.com\/index.php\/wp-json\/wp\/v2\/users\/1"}],"replies":[{"embeddable":true,"href":"https:\/\/diarioelpopular.com\/index.php\/wp-json\/wp\/v2\/comments?post=393758"}],"version-history":[{"count":0,"href":"https:\/\/diarioelpopular.com\/index.php\/wp-json\/wp\/v2\/posts\/393758\/revisions"}],"wp:featuredmedia":[{"embeddable":true,"href":"https:\/\/diarioelpopular.com\/index.php\/wp-json\/"}],"wp:attachment":[{"href":"https:\/\/diarioelpopular.com\/index.php\/wp-json\/wp\/v2\/media?parent=393758"}],"wp:term":[{"taxonomy":"category","embeddable":true,"href":"https:\/\/diarioelpopular.com\/index.php\/wp-json\/wp\/v2\/categories?post=393758"},{"taxonomy":"post_tag","embeddable":true,"href":"https:\/\/diarioelpopular.com\/index.php\/wp-json\/wp\/v2\/tags?post=393758"}],"curies":[{"name":"wp","href":"https:\/\/api.w.org\/{rel}","templated":true}]}}