{"id":393761,"date":"2012-06-12T23:14:15","date_gmt":"2012-06-13T03:14:15","guid":{"rendered":"http:\/\/diarioelpopular.com\/?p=393761"},"modified":"2012-06-12T23:14:15","modified_gmt":"2012-06-13T03:14:15","slug":"postiga-hay-que-mejorar-en-la-finalizacion","status":"publish","type":"post","link":"https:\/\/diarioelpopular.com\/index.php\/2012\/06\/12\/postiga-hay-que-mejorar-en-la-finalizacion\/","title":{"rendered":"Postiga: &#8220;Hay que mejorar en la finalizaci\u00f3n&#8221;"},"content":{"rendered":"<div id=\"attachment_393762\" style=\"width: 710px\" class=\"wp-caption aligncenter\"><a href=\"https:\/\/diarioelpopular.com\/wp-content\/uploads\/2012\/06\/web.postiga.jpg\"><img loading=\"lazy\" decoding=\"async\" aria-describedby=\"caption-attachment-393762\" class=\"size-full wp-image-393762\" title=\"web.postiga\" src=\"https:\/\/diarioelpopular.com\/wp-content\/uploads\/2012\/06\/web.postiga.jpg\" alt=\"\" width=\"700\" height=\"420\" \/><\/a><p id=\"caption-attachment-393762\" class=\"wp-caption-text\">LVIV (UCRANIA).- El jugador de la selecci\u00f3n portuguesa Helder Postiga (i) disputa el bal\u00f3n con Holger Badstuber de Alemania el pasado s\u00e1bado 9 de junio de 2012, durante el partido de la Eurocopa 2012 correspondiente al Grupo B , en Lviv (Ucrania).<\/p><\/div>\n<p><strong><em>Lviv (Ucrania).-<\/em><\/strong> El delantero portugu\u00e9s del Zaragoza, H\u00e9lder Postiga, reconoci\u00f3 que la selecci\u00f3n lusa debe de &#8220;mejorar la finalizaci\u00f3n&#8221; y desvaloriz\u00f3 del debate sobre la falta de un &#8220;nueve&#8221; de garant\u00edas en el equipo.<\/p>\n<p>&#8220;Hay que mejorar en la finalizaci\u00f3n. Creamos oportunidades (contra Alemania) y espero que ma\u00f1ana el equipo consiga hacer goles&#8221;, manifest\u00f3 Postiga en Lviv (Ucrania), donde asisti\u00f3 a la rueda de prensa previa al partido contra Dinamarca junto al seleccionador Paulo Bento.<\/p>\n<p>El punta del Zaragoza, de 29 a\u00f1os, no dio importancia a los reproches dirigidos a la delantera lusa despu\u00e9s de la derrota inaugural en la Eurocopa ante Alemania (1-0).<br \/>\n&#8220;Es una pregunta cr\u00f3nica. Siempre dijeron que no hab\u00eda ariete en Portugal y Portugal siempre estuvo en fases finales y lleg\u00f3 a semifinales y una final en los \u00faltimos a\u00f1os. Es un asunto del que vosotros (periodistas) os gusta escribir&#8221;, se\u00f1al\u00f3.<\/p>\n<p>Postiga, cuya titularidad fue confirmada por el propio Paulo Bento, record\u00f3 que a \u00e9l le compete &#8220;darlo todo&#8221;.<\/p>\n<p>&#8220;Tengo la conciencia tranquila porque doy lo m\u00e1ximo&#8221;, reforz\u00f3 el futbolista.<br \/>\nPara \u00e9l, las cr\u00edticas sobre su rendimiento son asuntos a los que hay que acostumbrarse y asever\u00f3 que las mismas le dan &#8220;fuerza extra&#8221; para sobrepasarlas.<\/p>\n<p>&#8220;Vamos a estar m\u00e1s fuertes ma\u00f1ana. Seguramente, los goles van a aparecer. Lo importante es que hemos creado oportunidades y los goles m\u00e1s tarde o m\u00e1s temprano van a aparecer&#8221;, dese\u00f3.<\/p>\n<p>Su rival de este mi\u00e9rcoles, &#8220;La Dinamita Roja&#8221;, es un conjunto que &#8220;defiende bastante bien&#8221; y que &#8220;son fuertes f\u00edsicamente&#8221;, expuso.<\/p>\n<p>No obstante, Postiga record\u00f3 que Portugal &#8220;tiene sus armas&#8221; para batirles.<\/p>\n","protected":false},"excerpt":{"rendered":"<p>El delantero portugu\u00e9s del Zaragoza, H\u00e9lder Postiga, reconoci\u00f3 que la selecci\u00f3n lusa debe de &#8220;mejorar la finalizaci\u00f3n&#8221; y desvaloriz\u00f3 del debate sobre la falta de un &#8220;nueve&#8221; de garant\u00edas en el equipo.<\/p>\n","protected":false},"author":1,"featured_media":393762,"comment_status":"open","ping_status":"open","sticky":false,"template":"","format":"standard","meta":{"footnotes":""},"categories":[28],"tags":[3612,3613,3650,3651],"class_list":["post-393761","post","type-post","status-publish","format-standard","has-post-thumbnail","hentry","category-deportes","tag-eurocopa","tag-portugal","tag-postiga","tag-wurocopa"],"_links":{"self":[{"href":"https:\/\/diarioelpopular.com\/index.php\/wp-json\/wp\/v2\/posts\/393761","targetHints":{"allow":["GET"]}}],"collection":[{"href":"https:\/\/diarioelpopular.com\/index.php\/wp-json\/wp\/v2\/posts"}],"about":[{"href":"https:\/\/diarioelpopular.com\/index.php\/wp-json\/wp\/v2\/types\/post"}],"author":[{"embeddable":true,"href":"https:\/\/diarioelpopular.com\/index.php\/wp-json\/wp\/v2\/users\/1"}],"replies":[{"embeddable":true,"href":"https:\/\/diarioelpopular.com\/index.php\/wp-json\/wp\/v2\/comments?post=393761"}],"version-history":[{"count":0,"href":"https:\/\/diarioelpopular.com\/index.php\/wp-json\/wp\/v2\/posts\/393761\/revisions"}],"wp:featuredmedia":[{"embeddable":true,"href":"https:\/\/diarioelpopular.com\/index.php\/wp-json\/"}],"wp:attachment":[{"href":"https:\/\/diarioelpopular.com\/index.php\/wp-json\/wp\/v2\/media?parent=393761"}],"wp:term":[{"taxonomy":"category","embeddable":true,"href":"https:\/\/diarioelpopular.com\/index.php\/wp-json\/wp\/v2\/categories?post=393761"},{"taxonomy":"post_tag","embeddable":true,"href":"https:\/\/diarioelpopular.com\/index.php\/wp-json\/wp\/v2\/tags?post=393761"}],"curies":[{"name":"wp","href":"https:\/\/api.w.org\/{rel}","templated":true}]}}