{"id":393954,"date":"2012-06-13T22:42:55","date_gmt":"2012-06-14T02:42:55","guid":{"rendered":"http:\/\/diarioelpopular.com\/?p=393954"},"modified":"2012-06-13T22:42:55","modified_gmt":"2012-06-14T02:42:55","slug":"el-saltador-alexandre-despatie-se-lesiona-en-madrid","status":"publish","type":"post","link":"https:\/\/diarioelpopular.com\/index.php\/2012\/06\/13\/el-saltador-alexandre-despatie-se-lesiona-en-madrid\/","title":{"rendered":"El saltador Alexandre Despatie se lesiona en Madrid"},"content":{"rendered":"<div id=\"attachment_393955\" style=\"width: 715px\" class=\"wp-caption aligncenter\"><a href=\"https:\/\/diarioelpopular.com\/wp-content\/uploads\/2012\/06\/web.111.jpg\"><img loading=\"lazy\" decoding=\"async\" aria-describedby=\"caption-attachment-393955\" class=\"size-full wp-image-393955\" title=\"web.1\" src=\"https:\/\/diarioelpopular.com\/wp-content\/uploads\/2012\/06\/web.111.jpg\" alt=\"\" width=\"705\" height=\"420\" \/><\/a><p id=\"caption-attachment-393955\" class=\"wp-caption-text\">Alexandre Despatie ejecuta un salto.<\/p><\/div>\n<p><strong><em>MADRID.-<\/em><\/strong> El veterano saltador canadiense Alexandre Despatie sufri\u00f3 este martes un corte en la cabeza durante una sesi\u00f3n de preparaci\u00f3n previa a los Juegos Ol\u00edmpicos de Londes, que empiezan en poco m\u00e1s de un mes.<\/p>\n<p>Mitch S\u00e9ller, del equipo de salto de Canad\u00e1, dice el saltador de 27 a\u00f1os se lesion\u00f3 cuando realizaba un salto hacia dentro de tres y medio y golpe\u00f3 su cabeza contra el borde del trampol\u00edn.<\/p>\n<p>Geller dijo que Despatie perdi\u00f3 el equilibrio y se golpe\u00f3 abriendo una brecha de un cent\u00edmetro justo debajo de la l\u00ednea del cabello. \u201cNo es normal en \u00e9l calcular mal las distancias\u201d afirm\u00f3 Geller.<\/p>\n<p>Despatie fue evacuado de la piscina por el equipo de socorristas y por su entrenador, Arturo Miranda, que dijo que si su pupilo perdi\u00f3 el conocimiento, s\u00f3lo fue por unos instantes. \u201cSalt\u00e9 al agua inmediatamente, lo saqu\u00e9 de all\u00ed y me encargu\u00e9 de que recibiera la atenci\u00f3n adecuada al momento\u201d explic\u00f3 Miranda. Despatie necesit\u00f3 una cirug\u00eda para cerrar la herida y estar\u00e1 de baja entre dos y tres semanas.<\/p>\n<p>\u201cMuchas gracias a todos por el apoyo. La operaci\u00f3n sali\u00f3 bien y voy a daros una actualizaci\u00f3n muy pronto\u201d, dijo Despatie en su primer tweet tras el accidente. El \u2018hashtag\u2019 que utiliz\u00f3 fue \u201colympicdreamstillalive\u201d (sue\u00f1o ol\u00edmpico sigue vivo).<\/p>\n<p>El incidente de Despatie afectar\u00e1 sus preparativos para los Juegos Ol\u00edmpicos pero no amenaza su participaci\u00f3n. \u201cEs muy mal momento. Haremos todo lo posible para tenerle listo para los Juegos\u201d apunt\u00f3 su madre Christiane Despatie, quien record\u00f3 que el saltador estuvo lesionado antes de las dos \u00faltimas citas ol\u00edmpicas.<\/p>\n<p>Despatie ten\u00eda previsto competir en el Gran Prix de Madrid y de Bolzano (Italia), pero ahora volver\u00e1 a Montreal para afrontar la recuperaci\u00f3n.<\/p>\n<p>El doble medallista ol\u00edmpico tendr\u00e1 que protegerse la herida y deber\u00e1 ajustar su plan de entrenamiento de cara a las Olimpiadas, que empiezan el 27 de julio.<\/p>\n<p>En febrero, ya super\u00f3 unos problemas de espalda y ahora espera recuperarse a tiempo de este \u00faltimo imprevisto para cumplir su objetivo de competir en sus cuartos Juegos.<\/p>\n<p>Despatie salt\u00f3 a la fama en las Commonwealth Games de 1998, cuando logr\u00f3 la medalla de oro en la categor\u00eda de 10 metros con tan s\u00f3lo 13 a\u00f1os. Gan\u00f3 plata en los Juegos de Atenas 2004 y Beijjing 2008 y fue campe\u00f3n mundial en tres disciplinas diferentes, convirti\u00e9ndose en el primer saltador en lograr esa gesta.<\/p>\n","protected":false},"excerpt":{"rendered":"<p>El atleta de Qu\u00e9bec Alexandre Despatie, una de las esperanzas del equipo ol\u00edmpico canadiense, se golpea la cabeza durante un salto de preparaci\u00f3n en Madrid. Se abri\u00f3 una brecha en la cabeza, tuvo que ser trasladado a un hospital y estar\u00e1 tres semanas de baja.<\/p>\n","protected":false},"author":1,"featured_media":393955,"comment_status":"open","ping_status":"open","sticky":false,"template":"","format":"standard","meta":{"footnotes":""},"categories":[21,28,24],"tags":[297,3665,2021],"class_list":["post-393954","post","type-post","status-publish","format-standard","has-post-thumbnail","hentry","category-canada","category-deportes","category-mundo","tag-accidente","tag-natacion","tag-trampolin"],"_links":{"self":[{"href":"https:\/\/diarioelpopular.com\/index.php\/wp-json\/wp\/v2\/posts\/393954","targetHints":{"allow":["GET"]}}],"collection":[{"href":"https:\/\/diarioelpopular.com\/index.php\/wp-json\/wp\/v2\/posts"}],"about":[{"href":"https:\/\/diarioelpopular.com\/index.php\/wp-json\/wp\/v2\/types\/post"}],"author":[{"embeddable":true,"href":"https:\/\/diarioelpopular.com\/index.php\/wp-json\/wp\/v2\/users\/1"}],"replies":[{"embeddable":true,"href":"https:\/\/diarioelpopular.com\/index.php\/wp-json\/wp\/v2\/comments?post=393954"}],"version-history":[{"count":0,"href":"https:\/\/diarioelpopular.com\/index.php\/wp-json\/wp\/v2\/posts\/393954\/revisions"}],"wp:featuredmedia":[{"embeddable":true,"href":"https:\/\/diarioelpopular.com\/index.php\/wp-json\/"}],"wp:attachment":[{"href":"https:\/\/diarioelpopular.com\/index.php\/wp-json\/wp\/v2\/media?parent=393954"}],"wp:term":[{"taxonomy":"category","embeddable":true,"href":"https:\/\/diarioelpopular.com\/index.php\/wp-json\/wp\/v2\/categories?post=393954"},{"taxonomy":"post_tag","embeddable":true,"href":"https:\/\/diarioelpopular.com\/index.php\/wp-json\/wp\/v2\/tags?post=393954"}],"curies":[{"name":"wp","href":"https:\/\/api.w.org\/{rel}","templated":true}]}}