{"id":394129,"date":"2012-06-14T23:31:18","date_gmt":"2012-06-15T03:31:18","guid":{"rendered":"http:\/\/diarioelpopular.com\/?p=394129"},"modified":"2012-06-14T23:31:18","modified_gmt":"2012-06-15T03:31:18","slug":"el-laberinto-de-cristiano","status":"publish","type":"post","link":"https:\/\/diarioelpopular.com\/index.php\/2012\/06\/14\/el-laberinto-de-cristiano\/","title":{"rendered":"El laberinto de Cristiano"},"content":{"rendered":"<div id=\"attachment_394130\" style=\"width: 710px\" class=\"wp-caption aligncenter\"><a href=\"https:\/\/diarioelpopular.com\/wp-content\/uploads\/2012\/06\/web.ronaldo.jpg\"><img loading=\"lazy\" decoding=\"async\" aria-describedby=\"caption-attachment-394130\" class=\"size-full wp-image-394130\" title=\"web.ronaldo\" src=\"https:\/\/diarioelpopular.com\/wp-content\/uploads\/2012\/06\/web.ronaldo.jpg\" alt=\"\" width=\"700\" height=\"420\" \/><\/a><p id=\"caption-attachment-394130\" class=\"wp-caption-text\">LVIV (UCRANIA).- El internacional portugu\u00e9s Cristiano Ronaldo gesticula tras desaprovechar una oportunidad de marcar un gol durante el partido Dinamarca-Portugal, del grupo B de la Eurocopa de f\u00fatbol 2012, en el estadio Arena Lviv de Lviv, Ucrania, este mi\u00e9rcoles.<\/p><\/div>\n<p>Antonio Torres del Cerro<\/p>\n<p><strong><em>Opalenica (Polonia).-<\/em><\/strong> El delantero portugu\u00e9s Cristiano Ronaldo parece atrapado en un laberinto sin salida. A medida que no da con el gol en el Europeo, su impaciencia y frustraci\u00f3n le conducen a escoger con m\u00e1s frecuencia la opci\u00f3n equivocada.<\/p>\n<p>Ni siquiera la reconfortante victoria lusa ayer ante Dinamarca (2-3) contribuy\u00f3 a su tranquilidad mental. Dos flagrantes tantos fallados en la cara del portero dan\u00e9s Andersen y una media docena de incursiones fallidas pusieron a Ronaldo al borde del colapso.<br \/>\nCuando el ariete Niklas Bendtner empat\u00f3 en el 80 \u00e9l fue el primero en buscar el bal\u00f3n para ponerlo r\u00e1pidamente en juego. Su gesto transmit\u00eda rabia y tambi\u00e9n cierta desesperaci\u00f3n.<\/p>\n<p>Siete minutos despu\u00e9s Portugal marc\u00f3 el definitivo 3-2 por Silvestre Varela, el goleador insospechado que hab\u00eda saltado del banquillo. El astro del Real Madrid no se sinti\u00f3 con fuerzas para felicitarle. Simplemente se desplom\u00f3 en el c\u00e9sped.<\/p>\n<p>El gesto cat\u00e1rtico tambi\u00e9n tiene algo de &#8220;narcisista&#8221;, seg\u00fan algunos de sus detractores. \u00c9se gol salvador no sali\u00f3 de sus botas, las mismas que marcaron la friolera de cerca de 70 tantos en una temporada al servicio del Real Madrid.<\/p>\n<p>Antes del excitante tramo final del partido de ayer, Ronaldo se hab\u00eda cansado de gesticular. Pidi\u00f3 balones en mejores condiciones. &#8220;Calma, calma&#8221;, espet\u00f3 a la zaga lusa cuando abusaba de lanzamientos largos.<\/p>\n<p>Sus compa\u00f1eros siempre le buscaron, pero fue con Nani, el extremo del Manchester United, a trav\u00e9s del que los lusos generaron m\u00e1s peligro. El pase del dos a cero, obra del zaragozista H\u00e9lder Postiga, lo firm\u00f3 el luso-caboverdiano.<\/p>\n<p>El &#8220;siete&#8221; de la selecci\u00f3n pas\u00f3 sus peores momentos cuando marr\u00f3 dos ocasiones que en el Real Madrid probablemente acabar\u00edan en gol. A comienzos de la segunda parte, un contra-ataque bien dirigido por su equipo le puso en un uno contra uno que defini\u00f3 con desatino al cuerpo del guardameta.<\/p>\n<p>Cerca del minuto 80 y con Dinamarca en el cogote, no fue capaz de sentenciar en un bal\u00f3n franco que le hab\u00eda servido Nani. Remat\u00f3 desviado.<\/p>\n<p>Tampoco se luci\u00f3 en una de sus especialidades. Ejecut\u00f3 dos libres sin su precisi\u00f3n habitual. Despu\u00e9s, cuando escuch\u00f3 los ya habituales gritos de la hinchada rival &#8220;Messi, Messi&#8221;, se aventur\u00f3 en frustradas aventuras solitarias. Ronaldo contra el mundo.<\/p>\n<p>Al terminar el partido, se le vio brevemente con sus compa\u00f1eros. Enseguida se dirigi\u00f3 al vestuario, quiz\u00e1 divagando sobre su particular dilema con el gol.<\/p>\n<p>Su amigo y compa\u00f1ero de club, el central Pepe, le respald\u00f3 al acabar el encuentro. Tambi\u00e9n los miles de aficionados desplazados a la ciudad ucraniana Lviv corearon su nombre en varias fases del partido.<\/p>\n<p>&#8220;Para m\u00ed, Cristiano es el mejor del mundo y los mejores tambi\u00e9n fallan, por eso estamos aqu\u00ed los compa\u00f1eros para respaldarle. \u00c9l es un ser humano y no puede llevar el peso entero de la selecci\u00f3n a sus espaldas&#8221;, refiri\u00f3 Pepe.<\/p>\n<p>El seleccionador, Paulo Bento, y el zaragozista H\u00e9lder Postiga apoyaron un\u00e1nimemente al futbolista nacido en la isla de Madeira hace 27 a\u00f1os: &#8220;Hizo un buen partido&#8221;, aseguraron.<br \/>\nEn la zona mixta, Ronaldo solo se par\u00f3 para hablar con los medios portugueses. Se le not\u00f3 relajado, pero sin una pizca de alegr\u00eda. Su discurso, no obstante, se centr\u00f3 en la importancia de la victoria colectiva: &#8220;Si no marco en todo el Europeo, pero ganamos, lo firmo ahora&#8221;, declar\u00f3.<\/p>\n<p>Apenas pareci\u00f3 perder la paciencia cuando le preguntaron sobre los gritos provocadores de los hinchas (&#8220;Messi&#8221;, &#8220;Messi&#8221;). &#8220;\u00bfSabe d\u00f3nde estaba Messi en esta altura? Perdiendo la Copa Am\u00e9rica con su selecci\u00f3n&#8221;, arremeti\u00f3.<\/p>\n<p>Ronaldo, que este mi\u00e9rcoles cumpli\u00f3 su 93 partido internacional, ha marcado 32 dianas con la selecci\u00f3n. Una cada tres partidos, una media claramente inferior a la del Real Madrid, superior a un gol.<\/p>\n","protected":false},"excerpt":{"rendered":"<p>El delantero portugu\u00e9s Cristiano Ronaldo parece atrapado en un laberinto sin salida. A medida que no da con el gol en el Europeo, su impaciencia y frustraci\u00f3n le conducen a escoger con m\u00e1s frecuencia la opci\u00f3n equivocada.<\/p>\n","protected":false},"author":1,"featured_media":394130,"comment_status":"open","ping_status":"open","sticky":false,"template":"","format":"standard","meta":{"footnotes":""},"categories":[28],"tags":[2442,3612,3667,3613,3668],"class_list":["post-394129","post","type-post","status-publish","format-standard","has-post-thumbnail","hentry","category-deportes","tag-de","tag-eurocopa","tag-laberinto","tag-portugal","tag-ronaldo"],"_links":{"self":[{"href":"https:\/\/diarioelpopular.com\/index.php\/wp-json\/wp\/v2\/posts\/394129","targetHints":{"allow":["GET"]}}],"collection":[{"href":"https:\/\/diarioelpopular.com\/index.php\/wp-json\/wp\/v2\/posts"}],"about":[{"href":"https:\/\/diarioelpopular.com\/index.php\/wp-json\/wp\/v2\/types\/post"}],"author":[{"embeddable":true,"href":"https:\/\/diarioelpopular.com\/index.php\/wp-json\/wp\/v2\/users\/1"}],"replies":[{"embeddable":true,"href":"https:\/\/diarioelpopular.com\/index.php\/wp-json\/wp\/v2\/comments?post=394129"}],"version-history":[{"count":0,"href":"https:\/\/diarioelpopular.com\/index.php\/wp-json\/wp\/v2\/posts\/394129\/revisions"}],"wp:featuredmedia":[{"embeddable":true,"href":"https:\/\/diarioelpopular.com\/index.php\/wp-json\/"}],"wp:attachment":[{"href":"https:\/\/diarioelpopular.com\/index.php\/wp-json\/wp\/v2\/media?parent=394129"}],"wp:term":[{"taxonomy":"category","embeddable":true,"href":"https:\/\/diarioelpopular.com\/index.php\/wp-json\/wp\/v2\/categories?post=394129"},{"taxonomy":"post_tag","embeddable":true,"href":"https:\/\/diarioelpopular.com\/index.php\/wp-json\/wp\/v2\/tags?post=394129"}],"curies":[{"name":"wp","href":"https:\/\/api.w.org\/{rel}","templated":true}]}}