{"id":394139,"date":"2012-06-14T23:30:36","date_gmt":"2012-06-15T03:30:36","guid":{"rendered":"http:\/\/diarioelpopular.com\/?p=394139"},"modified":"2012-06-14T23:30:36","modified_gmt":"2012-06-15T03:30:36","slug":"ministro-argentino-siente-a-las-malvinas-cada-vez-mas-cerca-de-su-pais","status":"publish","type":"post","link":"https:\/\/diarioelpopular.com\/index.php\/2012\/06\/14\/ministro-argentino-siente-a-las-malvinas-cada-vez-mas-cerca-de-su-pais\/","title":{"rendered":"Ministro argentino siente a las Malvinas &#8220;cada vez m\u00e1s cerca&#8221; de su pa\u00eds"},"content":{"rendered":"<div id=\"attachment_394140\" style=\"width: 710px\" class=\"wp-caption aligncenter\"><a href=\"https:\/\/diarioelpopular.com\/wp-content\/uploads\/2012\/06\/web.malvinas2.jpg\"><img loading=\"lazy\" decoding=\"async\" aria-describedby=\"caption-attachment-394140\" class=\"size-full wp-image-394140\" title=\"web.malvinas\" src=\"https:\/\/diarioelpopular.com\/wp-content\/uploads\/2012\/06\/web.malvinas2.jpg\" alt=\"\" width=\"700\" height=\"420\" \/><\/a><p id=\"caption-attachment-394140\" class=\"wp-caption-text\">ISLAS MALVINAS.- Fotograf\u00eda del 23 de marzo de 2012 del veterano de guerra Marcelo Vallejo ondeando una bandera argentina durante su visita al cementerio de Darwin en la zona sur de la mayor de las Islas Malvinas. Este jueves 14 de junio, se cumplieron 30 a\u00f1os de la rendici\u00f3n de la tropas argentinas que el 2 de abril de 1982 desembarcaron en Malvinas y se enfrentaron al Reino Unido en una corta pero cruenta guerra. Por su parte, el ministro argentino de Defensa, Arturo Puricelli, critic\u00f3 el referendo que se har\u00e1 en Malvinasen 2013, porque, dijo, ser\u00e1 lo mismo que si se les preguntara a los habitantes de la Patagonia si quieren seguir siendo argentinos, y afirm\u00f3 que siente a las islas &quot;cada d\u00eda m\u00e1s cerca&quot; de Argentina.<\/p><\/div>\n<p><strong><em>Buenos Aires.-<\/em><\/strong> El ministro argentino de Defensa, Arturo Puricelli, critic\u00f3 este jueves el referendo que se har\u00e1 en\u00a0Malvinas\u00a0en 2013, porque, dijo, ser\u00e1 lo mismo que si se les preguntara a los habitantes de la Patagonia si quieren seguir siendo argentinos, y afirm\u00f3 que siente a las islas &#8220;cada d\u00eda m\u00e1s cerca&#8221; de Argentina.<\/p>\n<p>&#8220;Es casi pat\u00e9tico&#8221; lo que dec\u00eda el primer ministro brit\u00e1nico, David Cameron, este mi\u00e9rcoles en el Parlamento sobre que espera que los malvinenses hablen &#8220;fuerte y claro&#8221; en esa consulta, opin\u00f3 Puricelli en declaraciones a Radio La Red.<br \/>\nSe trata de la primera reacci\u00f3n del Gobierno argentino al anuncio hecho este martes por las autoridades de lasMalvinas\u00a0de que convocar\u00e1n un referendo para conocer qu\u00e9 &#8220;estatus pol\u00edtico&#8221; quieren los habitantes del archipi\u00e9lago bajo dominio brit\u00e1nico desde 1833.<br \/>\nPara el ministro, &#8220;es lo mismo&#8221; que si su pa\u00eds hiciera un referendo &#8220;para ver si la poblaci\u00f3n de (la provincia patag\u00f3nica) Tierra del Fuego e islas del Atl\u00e1ntico Sur quiere seguir siendo argentina&#8221;, dando as\u00ed por sentado que la consulta ser\u00e1 favorable al Reino Unido.<br \/>\nLas declaraciones de Puricelli preceden a la intervenci\u00f3n de la presidenta argentina, Cristina Fern\u00e1ndez, ante el Comit\u00e9 de Descolonizaci\u00f3n de la ONU en Nueva York, donde tambi\u00e9n hablar\u00e1n hoy representantes de los malvinenses, que ya han adelantado que dir\u00e1n que los isle\u00f1os quieren que las cosas sigan como hasta ahora.<br \/>\nPrecisamente este jueves se cumplieron 30 a\u00f1os de la rendici\u00f3n de la tropas argentinas que el 2 de abril de 1982 desembarcaron en\u00a0Malvinas\u00a0y se enfrentaron al Reino Unido en una corta pero cruenta guerra.<br \/>\nEn una sesi\u00f3n parlamentaria, Cameron indic\u00f3 este mi\u00e9rcoles que Argentina &#8220;ha tratado de ocultar de forma continuada&#8221; la opini\u00f3n de los habitantes de las\u00a0Malvinas, pero que se escuchar\u00e1 &#8220;alto y claro&#8221; en el refer\u00e9ndum.<br \/>\nArgentina dice que &#8220;no importa lo que opinen los habitantes de las\u00a0Malvinas\u00a0pero s\u00ed importa y espero que hablen alto y claro&#8221; en el refer\u00e9ndum y &#8220;que Argentina escuche&#8221;, apunt\u00f3 el primer ministro brit\u00e1nico, que insisti\u00f3 en el derecho de autodeterminaci\u00f3n de los malvinenses.<br \/>\nPuricelli opin\u00f3 que siente &#8220;a las islas cada d\u00eda m\u00e1s cerca de Argentina&#8221;.<br \/>\n&#8220;Si seguimos trabajando en este sentido, vamos a conseguir la recuperaci\u00f3n de las islas, a diferencia de lo que piensan algunos&#8221;, dijo el ministro de Defensa a La Red.<br \/>\nCristina Fern\u00e1ndez reivindic\u00f3 la soberan\u00eda de las\u00a0Malvinas\u00a0para Argentina y tambi\u00e9n que el Reino Unido acepte negociar el futuro de las islas del Atl\u00e1ntico Sur.<br \/>\nAdem\u00e1s, la mandataria agradeci\u00f3 hoy en un gran aviso publicado en la prensa el apoyo de &#8220;m\u00e1s de 70 pa\u00edses&#8221; al reclamo de soberan\u00eda de su pa\u00eds sobre el archipi\u00e9lago.<br \/>\nPor su parte, Cameron dijo a la Agencia de Noticias brit\u00e1nica Press Association que espera que el referendo &#8220;establezca la opci\u00f3n definitiva de los isle\u00f1os de una vez por todas&#8221; y se comprometi\u00f3 a continuar defendiendo lasMalvinas\u00a0de las &#8220;amenazas agresivas&#8221; de Argentina.<\/p>\n","protected":false},"excerpt":{"rendered":"<p> El ministro argentino de Defensa, Arturo Puricelli, critic\u00f3 este jueves el referendo que se har\u00e1 en Malvinas en 2013, porque, dijo, ser\u00e1 lo mismo que si se les preguntara a los habitantes de la Patagonia si quieren seguir siendo argentinos, y afirm\u00f3 que siente a las islas &#8220;cada d\u00eda m\u00e1s cerca&#8221; de Argentina.<\/p>\n","protected":false},"author":1,"featured_media":394140,"comment_status":"open","ping_status":"open","sticky":false,"template":"","format":"standard","meta":{"footnotes":""},"categories":[23,24],"tags":[629,43,2750,266],"class_list":["post-394139","post","type-post","status-publish","format-standard","has-post-thumbnail","hentry","category-latinoamerica","category-mundo","tag-aniversario","tag-argentina","tag-guerra","tag-malvinas"],"_links":{"self":[{"href":"https:\/\/diarioelpopular.com\/index.php\/wp-json\/wp\/v2\/posts\/394139","targetHints":{"allow":["GET"]}}],"collection":[{"href":"https:\/\/diarioelpopular.com\/index.php\/wp-json\/wp\/v2\/posts"}],"about":[{"href":"https:\/\/diarioelpopular.com\/index.php\/wp-json\/wp\/v2\/types\/post"}],"author":[{"embeddable":true,"href":"https:\/\/diarioelpopular.com\/index.php\/wp-json\/wp\/v2\/users\/1"}],"replies":[{"embeddable":true,"href":"https:\/\/diarioelpopular.com\/index.php\/wp-json\/wp\/v2\/comments?post=394139"}],"version-history":[{"count":0,"href":"https:\/\/diarioelpopular.com\/index.php\/wp-json\/wp\/v2\/posts\/394139\/revisions"}],"wp:featuredmedia":[{"embeddable":true,"href":"https:\/\/diarioelpopular.com\/index.php\/wp-json\/"}],"wp:attachment":[{"href":"https:\/\/diarioelpopular.com\/index.php\/wp-json\/wp\/v2\/media?parent=394139"}],"wp:term":[{"taxonomy":"category","embeddable":true,"href":"https:\/\/diarioelpopular.com\/index.php\/wp-json\/wp\/v2\/categories?post=394139"},{"taxonomy":"post_tag","embeddable":true,"href":"https:\/\/diarioelpopular.com\/index.php\/wp-json\/wp\/v2\/tags?post=394139"}],"curies":[{"name":"wp","href":"https:\/\/api.w.org\/{rel}","templated":true}]}}