{"id":394944,"date":"2012-06-19T23:13:00","date_gmt":"2012-06-20T03:13:00","guid":{"rendered":"http:\/\/diarioelpopular.com\/?p=394944"},"modified":"2012-06-19T23:13:00","modified_gmt":"2012-06-20T03:13:00","slug":"la-duquesa-de-alba-encantada-de-ser-embajadora-de-red-de-ciudades-taurinas","status":"publish","type":"post","link":"https:\/\/diarioelpopular.com\/index.php\/2012\/06\/19\/la-duquesa-de-alba-encantada-de-ser-embajadora-de-red-de-ciudades-taurinas\/","title":{"rendered":"La duquesa de Alba, &#8220;encantada&#8221; de ser embajadora de Red de Ciudades Taurinas"},"content":{"rendered":"<div id=\"attachment_394945\" style=\"width: 710px\" class=\"wp-caption aligncenter\"><a href=\"https:\/\/diarioelpopular.com\/wp-content\/uploads\/2012\/06\/web.toros_.jpg\"><img loading=\"lazy\" decoding=\"async\" aria-describedby=\"caption-attachment-394945\" class=\"size-full wp-image-394945\" title=\"web.toros\" src=\"https:\/\/diarioelpopular.com\/wp-content\/uploads\/2012\/06\/web.toros_.jpg\" alt=\"\" width=\"700\" height=\"420\" \/><\/a><p id=\"caption-attachment-394945\" class=\"wp-caption-text\">PUERTO DE SANTA MAR\u00cdA (C\u00c1DIZ).- La duquesa de Alba, Cayetana Fitz-James Stuart, acompa\u00f1ada por el alcalde de El Puerto de Santa Mar\u00eda, Enrique Moresco, en la visita realizada este martes 19 de junio, a la plaza detoros de la localidad gaditana, donde se ha mostrado &quot;encantada&quot; de ser la embajadora de honor de la Red Iberoamericana de Ciudades Taurinas.<\/p><\/div>\n<p><strong><em>El Puerto de Santa Mar\u00eda (C\u00e1diz, Espa\u00f1a).-<\/em><\/strong> La duquesa de Alba, Cayetana Fitz-James Stuart, se mostr\u00f3 &#8220;encantada&#8221; de ser la embajadora de honor de la Red Iberoamericana de Ciudades Taurinas.<\/p>\n<p>Durante su intervenci\u00f3n en el acto celebrado en la plaza de\u00a0toros\u00a0de El Puerto de Santa Mar\u00eda (C\u00e1diz, suroeste de Espa\u00f1a) en el que se hizo oficial su nombramiento como embajadora de honor, Cayetana Fitz-James afirm\u00f3 que este red &#8220;es un gran acierto&#8221;.<br \/>\nLa duquesa se\u00f1al\u00f3 que &#8220;como amante de la fiesta nacional&#8221; sinti\u00f3 &#8220;una gran alegr\u00eda&#8221; al recibir el nombramiento, una distinci\u00f3n que acept\u00f3 &#8220;encantada&#8221;.<br \/>\n&#8220;Como sab\u00e9is, mi compromiso con la cultura taurina no es s\u00f3lo una obligaci\u00f3n sino un aut\u00e9ntico orgullo -a\u00f1adi\u00f3- y por tanto en mi persona siempre encontrar\u00e9is mi apoyo m\u00e1s sincero a esta fiesta de los\u00a0toros&#8221;.<br \/>\nLa Red Iberoamericana de Ciudades Taurinas, a iniciativa del Consistorio portuense, decidi\u00f3 nombrar el pasado abril a la Casa de Alba de Tormes como Embajadora de Honor de esta iniciativa, invitaci\u00f3n que fue aceptada de forma inmediata por su representante, la duquesa.<br \/>\nEl alcalde de El Puerto, Enrique Moresco, le agradeci\u00f3 su gesto de apoyo tanto a la Red Iberoamericana como al mundo del toro, del que record\u00f3 que es &#8220;defensora a ultranza&#8221;, adem\u00e1s de muy aficionada, ya que acude con asiduidad a los festejos taurinos.<br \/>\nPor ello, indic\u00f3 que fue &#8220;la primera y \u00fanica opci\u00f3n&#8221; en la que se pens\u00f3 para abanderar un proyecto con muchos respaldos a ambos lados del Oc\u00e9ano Atl\u00e1ntico.<br \/>\nMoresco explic\u00f3 que tambi\u00e9n son ya embajadores de la Red Iberoamericana los presidente del Senado y de la Comisi\u00f3n de Cultura del Congreso, la Asociaci\u00f3n Taurina Parlamentaria o toreros como Jos\u00e9 Luis Galloso o Alejandro Morilla, adem\u00e1s de contar con importantes adhesiones como las ciudades de Ronda (M\u00e1laga, sur de Espa\u00f1a) y Algeciras (C\u00e1diz, suroeste del pa\u00eds) o las plazas de\u00a0toros\u00a0de Acho (Lima) y La Macarena (Medell\u00edn).<br \/>\nLa Red Iberoamericana de Ciudades Taurinas se cre\u00f3 como instrumento de intercambio de informaci\u00f3n, promoci\u00f3n, y defensa &#8220;de cualquier manifestaci\u00f3n cultural, festiva, popular o cient\u00edfica en torno a la figura del toro en su sentido m\u00e1s amplio&#8221;.<br \/>\nEn ella tienen cabida las diversas manifestaciones culturales y festivas iberoamericanas del toreo, como &#8220;las corridas de\u00a0toros\u00a0a pie, rejoneo, correbous catalanes, forcados portuenses y corridas incruentas, encierros diversos, rodeo norteamericano y toreo de la vincha argentino, entre otros.<\/p>\n","protected":false},"excerpt":{"rendered":"<p>La duquesa de Alba, Cayetana Fitz-James Stuart, se mostr\u00f3 &#8220;encantada&#8221; de ser la embajadora de honor de la Red Iberoamericana de Ciudades Taurinas.<\/p>\n","protected":false},"author":1,"featured_media":394945,"comment_status":"open","ping_status":"open","sticky":false,"template":"","format":"standard","meta":{"footnotes":""},"categories":[24],"tags":[2574,3721,2442,3722,3723,3724,3725],"class_list":["post-394944","post","type-post","status-publish","format-standard","has-post-thumbnail","hentry","category-mundo","tag-a","tag-ciudadanos","tag-de","tag-duquesa","tag-embjadora","tag-lba","tag-taurinos"],"_links":{"self":[{"href":"https:\/\/diarioelpopular.com\/index.php\/wp-json\/wp\/v2\/posts\/394944","targetHints":{"allow":["GET"]}}],"collection":[{"href":"https:\/\/diarioelpopular.com\/index.php\/wp-json\/wp\/v2\/posts"}],"about":[{"href":"https:\/\/diarioelpopular.com\/index.php\/wp-json\/wp\/v2\/types\/post"}],"author":[{"embeddable":true,"href":"https:\/\/diarioelpopular.com\/index.php\/wp-json\/wp\/v2\/users\/1"}],"replies":[{"embeddable":true,"href":"https:\/\/diarioelpopular.com\/index.php\/wp-json\/wp\/v2\/comments?post=394944"}],"version-history":[{"count":0,"href":"https:\/\/diarioelpopular.com\/index.php\/wp-json\/wp\/v2\/posts\/394944\/revisions"}],"wp:featuredmedia":[{"embeddable":true,"href":"https:\/\/diarioelpopular.com\/index.php\/wp-json\/"}],"wp:attachment":[{"href":"https:\/\/diarioelpopular.com\/index.php\/wp-json\/wp\/v2\/media?parent=394944"}],"wp:term":[{"taxonomy":"category","embeddable":true,"href":"https:\/\/diarioelpopular.com\/index.php\/wp-json\/wp\/v2\/categories?post=394944"},{"taxonomy":"post_tag","embeddable":true,"href":"https:\/\/diarioelpopular.com\/index.php\/wp-json\/wp\/v2\/tags?post=394944"}],"curies":[{"name":"wp","href":"https:\/\/api.w.org\/{rel}","templated":true}]}}