{"id":394961,"date":"2012-06-19T22:39:35","date_gmt":"2012-06-20T02:39:35","guid":{"rendered":"http:\/\/diarioelpopular.com\/?p=394961"},"modified":"2012-06-19T22:39:35","modified_gmt":"2012-06-20T02:39:35","slug":"prandelli-preguntare-a-balotelli-si-la-tomo-conmigo","status":"publish","type":"post","link":"https:\/\/diarioelpopular.com\/index.php\/2012\/06\/19\/prandelli-preguntare-a-balotelli-si-la-tomo-conmigo\/","title":{"rendered":"Prandelli: &#8220;Preguntar\u00e9 a Balotelli si la tom\u00f3 conmigo&#8221;"},"content":{"rendered":"<div id=\"attachment_394962\" style=\"width: 710px\" class=\"wp-caption aligncenter\"><a href=\"https:\/\/diarioelpopular.com\/wp-content\/uploads\/2012\/06\/web.ital_.jpg\"><img loading=\"lazy\" decoding=\"async\" aria-describedby=\"caption-attachment-394962\" class=\"size-full wp-image-394962\" title=\"web.ital\" src=\"https:\/\/diarioelpopular.com\/wp-content\/uploads\/2012\/06\/web.ital_.jpg\" alt=\"\" width=\"700\" height=\"420\" \/><\/a><p id=\"caption-attachment-394962\" class=\"wp-caption-text\">CRACOVIA (POLONIA).- El entrenador de la selecci\u00f3n italiana de f\u00fatbol, CesarePrandelli, durante una rueda de prensa celebrada en Cracovia, Polonia, este 19 de junio.<\/p><\/div>\n<p><strong><em>Gdynia (Polonia).-<\/em><\/strong> Cesare Prandelli, entrenador de la selecci\u00f3n italiana de f\u00fatbol, habl\u00f3 sobre el gesto que nadie pudo ver de su jugador, Mario Balotelli, cuyo compa\u00f1ero Leonardo Bonucci le tap\u00f3 la boca con la mano cuando celebraba su gol a Irlanda, y asegur\u00f3 que preguntar\u00e1 al delantero si la hab\u00eda tomado con \u00e9l.<\/p>\n<p>El ariete del Manchester City vio el partido desde el banquillo por primera vez desde que comenz\u00f3 la Eurocopa. Sus actuaciones no convencieron a su entrenador, que en el duelo decisivo de la fase de grupos decidi\u00f3 apostar por Antonio Di Natale.<br \/>\nBalotelli salt\u00f3 al campo cuando faltaban veinte minutos y marc\u00f3 el segundo gol de Italia. No se le vio muy contento en su celebraci\u00f3n e incluso un compa\u00f1ero le tap\u00f3 la boca por si pod\u00eda leerse algo en sus labios. Preguntado por la prensa por si pensaba que lo que iba a decir pod\u00eda ser algo negativo dedicado a \u00e9l, Pradelli respondi\u00f3 que eso se lo preguntar\u00e1 al jugador italiano, a quien alab\u00f3 por otras actitudes sobre el campo.<br \/>\n&#8220;Es importante el esp\u00edritu del equipo. Todos los jugadores est\u00e1n al m\u00e1ximo. Todos corren por el equipo. Tambi\u00e9n Mario. Entr\u00f3 en el campo e hizo lo que le pedimos. Le falta sonre\u00edr, pero eso no puede prepararlo, tiene que ser algo espont\u00e1neo. Es un cuerpo extra\u00f1o en el equipo. \u00c9l es as\u00ed. Pero fundamentalmente es un chico de oro&#8221;, dijo.<br \/>\n&#8220;En el gesto de Bonucci, de taparle la boca, se ve el esp\u00edritu de equipo. Fue un gesto para protegerle. \u00bfSi quer\u00eda desfogarse conmigo con su gesto? No lo s\u00e9, ya se lo preguntar\u00e9 si la tom\u00f3 conmigo. Pero yo estaba contento por \u00e9l. Sus 20 minutos han sido los mejores de sus tres partidos&#8221;, agreg\u00f3,<br \/>\nAsimismo, a\u00f1adi\u00f3 que su jugador tiene que dar &#8220;un salto de calidad&#8221; para convertirse en un campe\u00f3n, y a\u00f1adi\u00f3 que debe aceptar las cr\u00edticas o estar en el banquillo. &#8220;El d\u00eda que se de cuenta, que nadie le quiere hacer mal y estamos aqu\u00ed para ayudarle, se convertir\u00e1 en un gran campe\u00f3n&#8221;, indic\u00f3.<br \/>\nTambi\u00e9n habl\u00f3 sobre sus posibles rivales en cuartos. Esta noche, se sabr\u00e1 el nombre del equipo que se enfrentar\u00e1 a Italia. Ser\u00e1 el l\u00edder del grupo C: &#8220;Francia juega con un 4-3-3 peligroso, con atacantes modernos; Inglaterra es fuerte y con futbolistas de fantas\u00eda; y Ucrani tiene un gran esp\u00edritu&#8221;, concluy\u00f3.<\/p>\n","protected":false},"excerpt":{"rendered":"<p>Cesare Prandelli, entrenador de la selecci\u00f3n italiana de f\u00fatbol, habl\u00f3 sobre el gesto que nadie pudo ver de su jugador, Mario Balotelli, cuyo compa\u00f1ero Leonardo Bonucci le tap\u00f3 la boca con la mano cuando celebraba su gol a Irlanda, y asegur\u00f3 que preguntar\u00e1 al delantero si la hab\u00eda tomado con \u00e9l.<\/p>\n","protected":false},"author":1,"featured_media":394962,"comment_status":"open","ping_status":"open","sticky":false,"template":"","format":"standard","meta":{"footnotes":""},"categories":[28],"tags":[3612,824],"class_list":["post-394961","post","type-post","status-publish","format-standard","has-post-thumbnail","hentry","category-deportes","tag-eurocopa","tag-italia"],"_links":{"self":[{"href":"https:\/\/diarioelpopular.com\/index.php\/wp-json\/wp\/v2\/posts\/394961","targetHints":{"allow":["GET"]}}],"collection":[{"href":"https:\/\/diarioelpopular.com\/index.php\/wp-json\/wp\/v2\/posts"}],"about":[{"href":"https:\/\/diarioelpopular.com\/index.php\/wp-json\/wp\/v2\/types\/post"}],"author":[{"embeddable":true,"href":"https:\/\/diarioelpopular.com\/index.php\/wp-json\/wp\/v2\/users\/1"}],"replies":[{"embeddable":true,"href":"https:\/\/diarioelpopular.com\/index.php\/wp-json\/wp\/v2\/comments?post=394961"}],"version-history":[{"count":0,"href":"https:\/\/diarioelpopular.com\/index.php\/wp-json\/wp\/v2\/posts\/394961\/revisions"}],"wp:featuredmedia":[{"embeddable":true,"href":"https:\/\/diarioelpopular.com\/index.php\/wp-json\/"}],"wp:attachment":[{"href":"https:\/\/diarioelpopular.com\/index.php\/wp-json\/wp\/v2\/media?parent=394961"}],"wp:term":[{"taxonomy":"category","embeddable":true,"href":"https:\/\/diarioelpopular.com\/index.php\/wp-json\/wp\/v2\/categories?post=394961"},{"taxonomy":"post_tag","embeddable":true,"href":"https:\/\/diarioelpopular.com\/index.php\/wp-json\/wp\/v2\/tags?post=394961"}],"curies":[{"name":"wp","href":"https:\/\/api.w.org\/{rel}","templated":true}]}}