{"id":395394,"date":"2012-06-22T12:32:43","date_gmt":"2012-06-22T16:32:43","guid":{"rendered":"http:\/\/diarioelpopular.com\/?p=395394"},"modified":"2012-06-22T12:32:43","modified_gmt":"2012-06-22T16:32:43","slug":"los-hispanos-en-canada-estamos-construyendo-nuestra-identidad","status":"publish","type":"post","link":"https:\/\/diarioelpopular.com\/index.php\/2012\/06\/22\/los-hispanos-en-canada-estamos-construyendo-nuestra-identidad\/","title":{"rendered":"\u201cLos hispanos en Canad\u00e1 estamos construyendo nuestra identidad\u201d"},"content":{"rendered":"<p><span style=\"color: #000000\"><strong><br \/>\n<\/strong><\/span><\/p>\n<p><span style=\"color: #000000\"><strong><br \/>\n<\/strong><\/span><\/p>\n<p>&nbsp;<\/p>\n<p>&nbsp;<\/p>\n<p><strong>\u00a0<\/strong><\/p>\n<div id=\"attachment_395395\" style=\"width: 710px\" class=\"wp-caption aligncenter\"><a href=\"https:\/\/diarioelpopular.com\/wp-content\/uploads\/2012\/06\/web.37.jpg\"><img loading=\"lazy\" decoding=\"async\" aria-describedby=\"caption-attachment-395395\" class=\"size-full wp-image-395395\" title=\"web.3\" src=\"https:\/\/diarioelpopular.com\/wp-content\/uploads\/2012\/06\/web.37.jpg\" alt=\"\" width=\"700\" height=\"420\" \/><\/a><p id=\"caption-attachment-395395\" class=\"wp-caption-text\">\u2018El Jefe\u2019 sigue las aventuras de Ricardo Osorio, un hombre sin escr\u00fapulos.<\/p><\/div>\n<p><strong><em>TORONTO.-<\/em><\/strong>Este viernes llega a la cartelera de Toronto una pel\u00edcula de habla hispana, \u2018El Jefe\u2019. Se trata de la primera coproducci\u00f3n entre Canad\u00e1, Colombia y Argentina y detr\u00e1s del proyecto est\u00e1 Jaime Escall\u00f3n Buraglia, un joven cineasta residente en Toronto que, tras trabajar en documentales, debuta en la ficci\u00f3n con una comedia \u00e1cida y burda que saca el lado m\u00e1s avaro y cruel de los jefes.<\/p>\n<div id=\"attachment_395396\" style=\"width: 710px\" class=\"wp-caption aligncenter\"><a href=\"https:\/\/diarioelpopular.com\/wp-content\/uploads\/2012\/06\/web.120.jpg\"><img loading=\"lazy\" decoding=\"async\" aria-describedby=\"caption-attachment-395396\" class=\"size-full wp-image-395396\" title=\"web.1\" src=\"https:\/\/diarioelpopular.com\/wp-content\/uploads\/2012\/06\/web.120.jpg\" alt=\"\" width=\"700\" height=\"420\" \/><\/a><p id=\"caption-attachment-395396\" class=\"wp-caption-text\">El director Jaime Escall\u00f3n, debuta en el cine con \u2018El Jefe\u2019<\/p><\/div>\n<p><strong>\u00bfC\u00f3mo surgi\u00f3 el proyecto?<\/strong><\/p>\n<p>Empez\u00f3 hace seis a\u00f1os. Trabajo entre Canad\u00e1 y Am\u00e9rica Latina y un d\u00eda encontr\u00e9 un libro llamado \u2018Recursos Humanos\u2019, escrito por Antonio Garc\u00eda \u00c1ngel, un autor colombiano apadrinado por Vargas Llosas. Lo que me atrajo fue Osorio, un antih\u00e9roe maravilloso, un tipo sin escr\u00fapulos, tramposo y mentiroso.<\/p>\n<p>&nbsp;<\/p>\n<p><strong>Aunque hay actores argentinos, la acci\u00f3n sucede en Colombia.<\/strong><\/p>\n<p>Yo soy de Bogot\u00e1 y encuentro que es una ciudad ca\u00f3ticamente maravillosa o maravillosamente ca\u00f3tica. Mucha gente va a quedar choqueada por el tono y la irreverencia de los personajes pero esa era la visi\u00f3n que quer\u00eda llevar a la pantalla, desde el humor. Es una cr\u00edtica divertida a lo que somos como sociedad y como humanos.<\/p>\n<p>&nbsp;<\/p>\n<p><strong>Y lo hace con humor escatol\u00f3gico.<\/strong><\/p>\n<p>Yo buscaba un humor rampl\u00f3n. No s\u00f3lo algo que conectara con lo popular -como lo hizo en Colombia, donde tuvimos 350.000 espectadores- sino que fuera casi infantil, un humor burdo. Esa fue mi apuesta y, cuanto m\u00e1s rechazo recib\u00eda, m\u00e1s lo acentuaba. Quer\u00eda una pel\u00edcula chocante e inc\u00f3moda de ver pero que a la vez fuera divertida. Que los personajes sean tramposos, mentirosos, que les pongan los cuernos los unos a los otros fue una decisi\u00f3n consciente. No quer\u00eda una pel\u00edcula blanca, buscaba personajes extremos que, dentro de su negatividad, tuvieran cierta humanidad. Ese era el ejercicio: encontrar visos de humanidad entre gente tan oscura.<\/p>\n<p>&nbsp;<\/p>\n<p><strong>\u00bfC\u00f3mo se puede recibir ese humor aqu\u00ed?<\/strong><\/p>\n<p>Por un lado hay los latinos, que estamos construyendo nuestra identidad en Canad\u00e1. Queremos que la comunidad hispana pueda conectar con este humor. Pero, adem\u00e1s del elemento latino, \u2018El Jefe\u2019 es una pel\u00edcula sobre la clase media, el amor y el desamor, los enga\u00f1os, la deshonestidad. Son temas universales tratados en un tono cercano a \u2018Horrible Bosses\u2019 o \u2018The Office\u2019. Est\u00e1 hecho en el esp\u00edritu de los hermanos Coen, de \u00c1lex de la Iglesia. Me gusta ese sarcasmo de lo cotidiano. Muchas veces la risa est\u00e1 acompa\u00f1ada de incredulidad que es justo lo que buscaba.<\/p>\n<p>&nbsp;<\/p>\n<p><strong>\u00bfC\u00f3mo ve la comunidad hispana en Toronto?<\/strong><\/p>\n<p>La identidad latina en Canad\u00e1 es muy diferente a la identidad latina en EE.UU. All\u00ed son 50 millones -la quinta parte de la poblaci\u00f3n- y tienen productos audiovisuales, m\u00fasica, literatura -en ingl\u00e9s y en espa\u00f1ol- que habla sobre sus historias. Los latinos ac\u00e1 no tenemos casi nada. Ha habido algunos esfuerzos muy loables pero a\u00fan estamos construyendo nuestra identidad. Esta producci\u00f3n es un ejemplo y tiene m\u00e9rito traerla a las pantallas por delante de otras pel\u00edculas en ingl\u00e9s financiadas por el Gobierno. Es el tipo de cosas que construyen identidad. Para gente de otras etnias, puede darles una idea de lo que significa ser latino en Canad\u00e1. Es emocionante porque estamos creando algo que antes no exist\u00eda.<\/p>\n<p>&nbsp;<\/p>\n<p><strong>\u00bfQu\u00e9 opini\u00f3n le merecen las series colombianas sobre el narcotr\u00e1fico?<\/strong><\/p>\n<p>Hago muchos documentales y uno de los temas que m\u00e1s manejo es el narcotr\u00e1fico y el conflicto interno en Colombia y M\u00e9xico. Son temas duros, tristes, que dicen mucho del estado de nuestras sociedades. Los victimarios son gente que han hecho cosas absolutamente deleznables pero hay que contarlas. La gente tiene que conocer su historia para entender porqu\u00e9 suceden los problemas y eventualmente poder salir adelante. Todos los pa\u00edses tienen historia de violencia, incluso Canad\u00e1.<\/p>\n<p>&nbsp;<\/p>\n<p><strong>\u00bfEntonces lo ve como algo positivo?<\/strong><\/p>\n<p>Mi \u00fanica cr\u00edtica hacia ciertas telenovelas o series es que algunas est\u00e1n hechas con mucha frivolidad, sin profundidad, rigor ni investigaci\u00f3n, con un valor de producci\u00f3n muy pobre. No tengo problema en que se hable de narcotr\u00e1fico pero que se haga con argumentos y de forma responsable.<\/p>\n<p>&nbsp;<\/p>\n<p><strong>A veces se rehuye del tema<\/strong><\/p>\n<p>Creo que es importante hablar de lo que ocurre. Ahora estoy preparando una pel\u00edcula sobre el narcotr\u00e1fico que sucede en Canad\u00e1. Yo no huyo del tema, simplemente que en ficci\u00f3n prefiero hacer comedia porque uno puede decir mucho m\u00e1s en un tono sarc\u00e1stico. Ning\u00fan tema es prohibido mientras sea tratado con responsabilidad. Es maravilloso que contemos la historia del crimen y del narcotr\u00e1fico en Colombia, en M\u00e9xico y en toda Am\u00e9rica Latina porque es la \u00fanica manera en la que lo vamos a lograr superarlo.<\/p>\n<p>&nbsp;<\/p>\n<p><strong>\u00bfQu\u00e9 le parece la serie de Pablo Escobar?<\/strong><\/p>\n<p>Creo que es bastante loable porque, aunque tenga elementos televisivos y melodram\u00e1ticos que le quitan un poco de valor, est\u00e1 basada en \u2018La Palabra de Pablo\u2019, posiblemente el mejor libro escrito sobre Pablo Escobar. Habla de Medell\u00edn, una ciudad marcada por Escobar que tiene una violencia sist\u00e9mica que viene de lo que \u00e9l estableci\u00f3. El autor del libro es Alonso Salazar, quien fuera alcalde de la ciudad hasta el a\u00f1o pasado. Es un libro maravilloso, muy profundo y una exploraci\u00f3n sobre lo que significa llegar a esos niveles de crueldad.<\/p>\n<div id=\"attachment_395397\" style=\"width: 710px\" class=\"wp-caption aligncenter\"><a href=\"https:\/\/diarioelpopular.com\/wp-content\/uploads\/2012\/06\/web.211.jpg\"><img loading=\"lazy\" decoding=\"async\" aria-describedby=\"caption-attachment-395397\" class=\"size-full wp-image-395397\" title=\"web.2\" src=\"https:\/\/diarioelpopular.com\/wp-content\/uploads\/2012\/06\/web.211.jpg\" alt=\"\" width=\"700\" height=\"420\" \/><\/a><p id=\"caption-attachment-395397\" class=\"wp-caption-text\">El joven cineasta colombiano, durante el rodaje de una escena.<\/p><\/div>\n","protected":false},"excerpt":{"rendered":"<p>El joven cineasta colombiano debuta en el cine con \u2018El Jefe\u2019 una comedia negra basada en la novela de Antonio Garc\u00eda \u00c1ngel. La pel\u00edcula sigue los pasos de Ricardo Osorio, un hombre que paga su precaria vida personal atormentando a sus empleados. Su director habl\u00f3 con El Popular sobre el tono rampl\u00f3n de los personajes, la identidad latina en Canad\u00e1 y la imagen del narcotr\u00e1fico en Colombia.<\/p>\n","protected":false},"author":1,"featured_media":395395,"comment_status":"open","ping_status":"open","sticky":false,"template":"","format":"standard","meta":{"footnotes":""},"categories":[21,80,23],"tags":[3780,2202,2515,2458,3375],"class_list":["post-395394","post","type-post","status-publish","format-standard","has-post-thumbnail","hentry","category-canada","category-cine-2","category-latinoamerica","tag-antonio","tag-cine-3","tag-el","tag-garcia","tag-jefe"],"_links":{"self":[{"href":"https:\/\/diarioelpopular.com\/index.php\/wp-json\/wp\/v2\/posts\/395394","targetHints":{"allow":["GET"]}}],"collection":[{"href":"https:\/\/diarioelpopular.com\/index.php\/wp-json\/wp\/v2\/posts"}],"about":[{"href":"https:\/\/diarioelpopular.com\/index.php\/wp-json\/wp\/v2\/types\/post"}],"author":[{"embeddable":true,"href":"https:\/\/diarioelpopular.com\/index.php\/wp-json\/wp\/v2\/users\/1"}],"replies":[{"embeddable":true,"href":"https:\/\/diarioelpopular.com\/index.php\/wp-json\/wp\/v2\/comments?post=395394"}],"version-history":[{"count":0,"href":"https:\/\/diarioelpopular.com\/index.php\/wp-json\/wp\/v2\/posts\/395394\/revisions"}],"wp:featuredmedia":[{"embeddable":true,"href":"https:\/\/diarioelpopular.com\/index.php\/wp-json\/"}],"wp:attachment":[{"href":"https:\/\/diarioelpopular.com\/index.php\/wp-json\/wp\/v2\/media?parent=395394"}],"wp:term":[{"taxonomy":"category","embeddable":true,"href":"https:\/\/diarioelpopular.com\/index.php\/wp-json\/wp\/v2\/categories?post=395394"},{"taxonomy":"post_tag","embeddable":true,"href":"https:\/\/diarioelpopular.com\/index.php\/wp-json\/wp\/v2\/tags?post=395394"}],"curies":[{"name":"wp","href":"https:\/\/api.w.org\/{rel}","templated":true}]}}