{"id":395906,"date":"2012-06-25T22:37:29","date_gmt":"2012-06-26T02:37:29","guid":{"rendered":"http:\/\/diarioelpopular.com\/?p=395906"},"modified":"2012-06-25T22:37:29","modified_gmt":"2012-06-26T02:37:29","slug":"prandelli-la-uefa-deberia-considerar-que-hay-un-problema-con-el-calendario","status":"publish","type":"post","link":"https:\/\/diarioelpopular.com\/index.php\/2012\/06\/25\/prandelli-la-uefa-deberia-considerar-que-hay-un-problema-con-el-calendario\/","title":{"rendered":"Prandelli: &#8220;La UEFA deber\u00eda considerar que hay un problema con el calendario&#8221;"},"content":{"rendered":"<div id=\"attachment_395907\" style=\"width: 710px\" class=\"wp-caption aligncenter\"><a href=\"https:\/\/diarioelpopular.com\/wp-content\/uploads\/2012\/06\/web.prandelli.jpg\"><img loading=\"lazy\" decoding=\"async\" aria-describedby=\"caption-attachment-395907\" class=\"size-full wp-image-395907\" title=\"web.prandelli\" src=\"https:\/\/diarioelpopular.com\/wp-content\/uploads\/2012\/06\/web.prandelli.jpg\" alt=\"\" width=\"700\" height=\"420\" \/><\/a><p id=\"caption-attachment-395907\" class=\"wp-caption-text\">CRACOVIA (POLONIA).- El entrenador de Italia, Cesare Prandelli, durante el entrenamiento de su equipo en Cracovia, Polonia este lunes 25 de junio. Italia jugar\u00e1 contra Alemania el partido de semifinales de la Eurocopa, el 28 de junio de 2012.<\/p><\/div>\n<p><strong><em>Gdansk (Polonia).-<\/em><\/strong> Cesare Prandelli, entrenador de Italia, lament\u00f3 este lunes que su equipo disponga de dos d\u00edas menos de descanso que Alemania para la semifinal que jugar\u00e1n ambas selecciones y declar\u00f3 que la UEFA &#8220;deber\u00eda considerar el calendario&#8221;.<\/p>\n<p>El t\u00e9cnico transalpino se quej\u00f3 de esa situaci\u00f3n en una rueda de prensa. Italia jug\u00f3 ante Inglaterra los cuartos de final, un duelo que dur\u00f3 120 minutos m\u00e1s la tanda de penaltis. Despu\u00e9s, volvi\u00f3 desde Kiev a Cracovia, donde se encuentra concentrada.<br \/>\nEl mi\u00e9rcoles tendr\u00e1 que hacer de nuevo las maletas para ir a Varsovia, donde disputar\u00e1 la siguiente ronda.<br \/>\nMientras, Alemania, que jug\u00f3 el viernes contra Grecia, lleva descansando dos d\u00edas m\u00e1s que Italia, algo que no gusta a Prandelli: &#8220;En este momento hay una gran diferencia. La UEFA deber\u00eda considerar este problema del calendario, dos d\u00edas m\u00e1s de descanso para Alemania es desigual y no es sin\u00f3nimo de espect\u00e1culo&#8221;.<br \/>\nAsimismo, habl\u00f3 sobre c\u00f3mo afrontar el encuentro ante el conjunto germano y afirm\u00f3 que no cambiar\u00e1 su filosof\u00eda de ataque para intentar contrarrestar a los hombres de Joachim L\u00f6w. &#8220;Yo no tengo que defender en el \u00e1rea. Prefiero recibir un gol a la contra que sufrir en defensa. Es mejor arriesgar al ataque que tener que esperar&#8221;, apunt\u00f3.<br \/>\nPrandelli tambi\u00e9n habl\u00f3 de algunos de sus jugadores. Cassano y Balotelli fueron dos de ellos: &#8220;Balotelli me gust\u00f3 mucho, mantuvo un pulso fuerte con los centrales de Inglaterra y estuvo ordenado. Tal vez le falt\u00f3 acierto goleador. Cassano (a quien sustituy\u00f3), despu\u00e9s de muchos meses de inactividad, en el cuarto partido pudo acusarlo, pero me gusta tener a un jugador de esa calidad&#8221;.<br \/>\nSobre Andrea Pirlo, el mejor jugador del partido frente Inglaterra, que marc\u00f3 un gol al estilo Panenka en la tanda de penaltis, dijo: &#8220;Es uno de los mejores del mundo. Su penalti me sorprendi\u00f3. Fue brillante&#8221;.<\/p>\n","protected":false},"excerpt":{"rendered":"<p>Cesare Prandelli, entrenador de Italia, lament\u00f3 este lunes que su equipo disponga de dos d\u00edas menos de descanso que Alemania para la semifinal que jugar\u00e1n ambas selecciones y declar\u00f3 que la UEFA &#8220;deber\u00eda considerar el calendario&#8221;.<\/p>\n","protected":false},"author":1,"featured_media":395907,"comment_status":"open","ping_status":"open","sticky":false,"template":"","format":"standard","meta":{"footnotes":""},"categories":[28],"tags":[3612,824,3798],"class_list":["post-395906","post","type-post","status-publish","format-standard","has-post-thumbnail","hentry","category-deportes","tag-eurocopa","tag-italia","tag-prandelli"],"_links":{"self":[{"href":"https:\/\/diarioelpopular.com\/index.php\/wp-json\/wp\/v2\/posts\/395906","targetHints":{"allow":["GET"]}}],"collection":[{"href":"https:\/\/diarioelpopular.com\/index.php\/wp-json\/wp\/v2\/posts"}],"about":[{"href":"https:\/\/diarioelpopular.com\/index.php\/wp-json\/wp\/v2\/types\/post"}],"author":[{"embeddable":true,"href":"https:\/\/diarioelpopular.com\/index.php\/wp-json\/wp\/v2\/users\/1"}],"replies":[{"embeddable":true,"href":"https:\/\/diarioelpopular.com\/index.php\/wp-json\/wp\/v2\/comments?post=395906"}],"version-history":[{"count":0,"href":"https:\/\/diarioelpopular.com\/index.php\/wp-json\/wp\/v2\/posts\/395906\/revisions"}],"wp:featuredmedia":[{"embeddable":true,"href":"https:\/\/diarioelpopular.com\/index.php\/wp-json\/"}],"wp:attachment":[{"href":"https:\/\/diarioelpopular.com\/index.php\/wp-json\/wp\/v2\/media?parent=395906"}],"wp:term":[{"taxonomy":"category","embeddable":true,"href":"https:\/\/diarioelpopular.com\/index.php\/wp-json\/wp\/v2\/categories?post=395906"},{"taxonomy":"post_tag","embeddable":true,"href":"https:\/\/diarioelpopular.com\/index.php\/wp-json\/wp\/v2\/tags?post=395906"}],"curies":[{"name":"wp","href":"https:\/\/api.w.org\/{rel}","templated":true}]}}