{"id":396515,"date":"2012-06-27T23:23:39","date_gmt":"2012-06-28T03:23:39","guid":{"rendered":"http:\/\/diarioelpopular.com\/?p=396515"},"modified":"2012-06-27T23:23:39","modified_gmt":"2012-06-28T03:23:39","slug":"la-loteria-de-los-penaltis-silencia-a-portugal","status":"publish","type":"post","link":"https:\/\/diarioelpopular.com\/index.php\/2012\/06\/27\/la-loteria-de-los-penaltis-silencia-a-portugal\/","title":{"rendered":"La loter\u00eda de los penaltis silencia a Portugal"},"content":{"rendered":"<div id=\"attachment_396516\" style=\"width: 715px\" class=\"wp-caption aligncenter\"><a href=\"https:\/\/diarioelpopular.com\/wp-content\/uploads\/2012\/06\/webesp.jpg\"><img loading=\"lazy\" decoding=\"async\" aria-describedby=\"caption-attachment-396516\" class=\"size-full wp-image-396516\" title=\"web,esp\" src=\"https:\/\/diarioelpopular.com\/wp-content\/uploads\/2012\/06\/webesp.jpg\" alt=\"\" width=\"705\" height=\"420\" \/><\/a><p id=\"caption-attachment-396516\" class=\"wp-caption-text\">DONETSK (UCRANIA).- El guardameta espa\u00f1ol Iker Casillas detiene un penalti al jugador portugu\u00e9s Joao Moutinho (d) durante la serie de tiros penaltis este mi\u00e9rcoles 27 de junio, durante la semifinal de la Eurocopa 2012 entre Portugal vs. Espa\u00f1a en Donetsk (Ucrania).<\/p><\/div>\n<p>\u00d3scar Tomasi<\/p>\n<p><strong><em>Lisboa.-<\/em><\/strong> La palabra &#8220;azar&#8221;, que en portugu\u00e9s significa &#8220;mala suerte&#8221;, estuvo este mi\u00e9rcoles en los labios de miles de aficionados lusos, cuyas esperanzas se volvieron a desvanecer en el aire contra Espa\u00f1a, esta vez en la loter\u00eda de los penaltis.<\/p>\n<p>El silencio en las calles fue el s\u00edntoma m\u00e1s perceptible de la derrota del conjunto de las &#8220;quinas&#8221;, en contraste con el sonido de las bocinas que sonaron durante horas tras la victoria en cuartos de final contra la Rep\u00fablica Checa, hace una semana.<\/p>\n<p>Los gritos de j\u00fabilo, las banderas y las consignas de \u00e1nimo a Cristiano Ronaldo y el resto de sus compa\u00f1eros dejaron paso a la decepci\u00f3n.<\/p>\n<p>El llamado &#8220;punto fat\u00eddico&#8221; hizo honor a su nombre y enterr\u00f3 el optimismo y la confianza en el combinado nacional que se apoder\u00f3 durante los \u00faltimos d\u00edas de la mayor parte de los hinchas lusos, convencidos de sus posibilidades frente a Espa\u00f1a pese a su condici\u00f3n de vigente campeona de Europa y del mundo.<\/p>\n<p>Tras la derrota, apenas un peque\u00f1o grupo de valientes se acerc\u00f3 en Lisboa a la neur\u00e1lgica plaza de Marqu\u00e9s de Pombal, lugar habitual de reuni\u00f3n para celebrar los \u00e9xitos futbol\u00edsticos, mientras las calles se vaciaban poco a poco de aficionados.<\/p>\n<p>La decepci\u00f3n de los portugueses choc\u00f3 con el j\u00fabilo de la numerosa comunidad espa\u00f1ola en la capital lusa, que volvi\u00f3 a celebrar la victoria de la &#8220;Roja&#8221; ante su pa\u00eds de adopci\u00f3n.<\/p>\n<p>Banderas, caras pintadas y camisetas de la selecci\u00f3n -de todas las marcas y \u00e9pocas- se pudieron ver en uno de los bares de comida espa\u00f1ola m\u00e1s frecuentados de Lisboa, la &#8220;Tasca Ib\u00e9rica&#8221;, donde coincidieron aficionados de los dos pa\u00edses.<\/p>\n<p>Menos visible fue su presencia en las pantallas gigantes desplegadas en diferentes ciudades de todo el pa\u00eds, frente a las que decenas de miles de portugueses se congregaron para mostrar su apoyo al conjunto de las &#8220;quinas&#8221;.<\/p>\n<p>Uno de los momentos m\u00e1s emotivos de la noche se vivi\u00f3 cuando toc\u00f3 el himno en el estadio de Donbass Arena, en Donetsk (Ucrania), y que fue coreado al un\u00edsono por quienes se acercaron a verlo en estas pantallas.<\/p>\n<p>Taxis, comercios y domicilios particulares amanecieron hoy &#8220;decorados&#8221; de rojo y verde en referencia a la bandera de Portugal. Incluso una carnicer\u00eda pr\u00f3xima al Parlamento luso cambiaba a media tarde sus carteles habituales por otros elaborados con cartulinas de esos colores, aunque con las mismas ofertas.<\/p>\n<p>Durante el partido, la hinchada lusa vibr\u00f3 con las acometidas de los hombres entrenados por Paulo Bento, especialmente con las lideradas por Cristiano Ronaldo.<\/p>\n<p>Otro de los jugadores m\u00e1s vitoreados por los portugueses fue el guardameta Rui Patr\u00edcio, que brill\u00f3 bajo los palos ya en el tiempo reglamentario desbaratando las ocasiones m\u00e1s claras del conjunto espa\u00f1ol.<\/p>\n<p>Protagonismo que se hizo todav\u00eda m\u00e1s evidente al llegar la tanda de penaltis. La parada del portero en el primer lanzamiento, ejecutado por Xabi Alonso, dispar\u00f3 las emociones y fue largamente celebrado.<\/p>\n<p>Los aplausos cesaron r\u00e1pidamente, nada m\u00e1s detener Casillas el disparo desde los once metros de Joao Moutinho.<\/p>\n<p>El sufrimiento, patente en las caras de los aficionados de uno y otro equipo, acab\u00f3 convirti\u00e9ndose en des\u00e1nimo e incluso en alguna l\u00e1grima en el caso de los portugueses, frustrados por volver a caer con Espa\u00f1a en una fase final.<\/p>\n<p>Como Jorge, fot\u00f3grafo lisboeta que, con los ojos rojos y sentado frente a la barra del bar, se lamentaba taciturno apenas unos minutos despu\u00e9s de que F\u00e0bregas hiciera el \u00faltimo y definitivo tanto para Espa\u00f1a: &#8220;Esto de los penaltis no deber\u00eda estar permitido&#8221;.<\/p>\n","protected":false},"excerpt":{"rendered":"<p>La palabra &#8220;azar&#8221;, que en portugu\u00e9s significa &#8220;mala suerte&#8221;, estuvo este mi\u00e9rcoles en los labios de miles de aficionados lusos, cuyas esperanzas se volvieron a desvanecer en el aire contra Espa\u00f1a, esta vez en la loter\u00eda de los penaltis.<\/p>\n","protected":false},"author":1,"featured_media":396516,"comment_status":"open","ping_status":"open","sticky":false,"template":"","format":"standard","meta":{"footnotes":""},"categories":[28],"tags":[444,3612,3613],"class_list":["post-396515","post","type-post","status-publish","format-standard","has-post-thumbnail","hentry","category-deportes","tag-espana","tag-eurocopa","tag-portugal"],"_links":{"self":[{"href":"https:\/\/diarioelpopular.com\/index.php\/wp-json\/wp\/v2\/posts\/396515","targetHints":{"allow":["GET"]}}],"collection":[{"href":"https:\/\/diarioelpopular.com\/index.php\/wp-json\/wp\/v2\/posts"}],"about":[{"href":"https:\/\/diarioelpopular.com\/index.php\/wp-json\/wp\/v2\/types\/post"}],"author":[{"embeddable":true,"href":"https:\/\/diarioelpopular.com\/index.php\/wp-json\/wp\/v2\/users\/1"}],"replies":[{"embeddable":true,"href":"https:\/\/diarioelpopular.com\/index.php\/wp-json\/wp\/v2\/comments?post=396515"}],"version-history":[{"count":0,"href":"https:\/\/diarioelpopular.com\/index.php\/wp-json\/wp\/v2\/posts\/396515\/revisions"}],"wp:featuredmedia":[{"embeddable":true,"href":"https:\/\/diarioelpopular.com\/index.php\/wp-json\/"}],"wp:attachment":[{"href":"https:\/\/diarioelpopular.com\/index.php\/wp-json\/wp\/v2\/media?parent=396515"}],"wp:term":[{"taxonomy":"category","embeddable":true,"href":"https:\/\/diarioelpopular.com\/index.php\/wp-json\/wp\/v2\/categories?post=396515"},{"taxonomy":"post_tag","embeddable":true,"href":"https:\/\/diarioelpopular.com\/index.php\/wp-json\/wp\/v2\/tags?post=396515"}],"curies":[{"name":"wp","href":"https:\/\/api.w.org\/{rel}","templated":true}]}}