{"id":396904,"date":"2012-06-29T14:43:52","date_gmt":"2012-06-29T18:43:52","guid":{"rendered":"http:\/\/diarioelpopular.com\/?p=396904"},"modified":"2012-06-29T14:43:52","modified_gmt":"2012-06-29T18:43:52","slug":"la-basilica-de-natividad-de-belen-entra-en-la-lista-de-patrimonio-en-peligro","status":"publish","type":"post","link":"https:\/\/diarioelpopular.com\/index.php\/2012\/06\/29\/la-basilica-de-natividad-de-belen-entra-en-la-lista-de-patrimonio-en-peligro\/","title":{"rendered":"La Bas\u00edlica de Natividad de Bel\u00e9n entra en la lista de Patrimonio en Peligro"},"content":{"rendered":"<div id=\"attachment_396905\" style=\"width: 715px\" class=\"wp-caption aligncenter\"><a href=\"https:\/\/diarioelpopular.com\/wp-content\/uploads\/2012\/06\/web.belen_.jpg\"><img loading=\"lazy\" decoding=\"async\" aria-describedby=\"caption-attachment-396905\" class=\"size-full wp-image-396905\" title=\"web.belen\" src=\"https:\/\/diarioelpopular.com\/wp-content\/uploads\/2012\/06\/web.belen_.jpg\" alt=\"\" width=\"705\" height=\"420\" \/><\/a><p id=\"caption-attachment-396905\" class=\"wp-caption-text\">&quot;Bel\u00e9n, su Ciudad Vieja y sus iglesias fueron v\u00edctimas de ataques militares israel\u00edes deliberados en 1977 y nuevamente entre 2001 y 2002&quot;, se\u00f1alaron las autoridades palestinas en una carta abierta al Comit\u00e9.<\/p><\/div>\n<p><strong><em>San Petersburgo (Rusia).-<\/em><\/strong> El Comit\u00e9 del Patrimonio Mundial incluy\u00f3 este viernes, en tr\u00e1mite de urgencia, la Bas\u00edlica de Natividad en Bel\u00e9n en la Lista del Patrimonio Mundial en Peligro de la Unesco.<\/p>\n<p>La decisi\u00f3n fue adoptada por trece votos a favor, seis en contra y dos abstenciones, inform\u00f3 el Comit\u00e9 en Twitter.<\/p>\n<p>\u00c9sta ha sido la primera vez que la Autoridad Nacional Palestina, aceptada como miembro pleno derecho en la Unesco en diciembre de 2011, solicita la inclusi\u00f3n de un sitio palestino en la Lista del Patrimonio Mundial.<\/p>\n<p>Los palestinos pidieron su inscripci\u00f3n urgente debido a la degradaci\u00f3n del conjunto arquitect\u00f3nico.<\/p>\n<p>&#8220;Bel\u00e9n, su Ciudad Vieja y sus iglesias fueron v\u00edctimas de ataques militares israel\u00edes deliberados en 1977 y nuevamente entre 2001 y 2002&#8221;, se\u00f1alaron las autoridades palestinas en una carta abierta al Comit\u00e9.<\/p>\n<p>Seg\u00fan las autoridades palestinas, la inclusi\u00f3n de la Bas\u00edlica de Natividad en la lista de la Unesco garantizar\u00eda las necesarias medidas para su restauraci\u00f3n.<\/p>\n<p>Con anterioridad, el \u00f3rgano consultivo que preexamin\u00f3 la candidatura para su inscripci\u00f3n en la lista del Patrimonio Mundial se pronunci\u00f3 en contra de que su examen se realizara en tr\u00e1mite de urgencia.<\/p>\n<p>Al ser miembro de pleno derecho de la Unesco solo desde diciembre, Palestina no pudo utilizar los canales habituales para presentar su primera candidatura.<\/p>\n<p>Seg\u00fan el comunicado de la Unesco, la Bas\u00edlica de la Natividad fue incluida en al Lista del Patrimonio en Peligro debido a que sufre &#8220;infiltraciones de agua&#8221;.<\/p>\n<p>El sitio incluye tambi\u00e9n conventos e iglesias latinas, griegas, ortodoxas, franciscanas y armenias, as\u00ed como campanarios, jardines en terraza y una ruta de peregrinaci\u00f3n.<\/p>\n<p>La Bas\u00edlica de la Natividad se encuentra a 10 kil\u00f3metros al sur de Jerusal\u00e9n sobre la gruta donde la tradici\u00f3n dice que naci\u00f3 Jes\u00fas.<\/p>\n<p>La fachada principal es como una muralla con sus contrafuertes, en la que destaca una diminuta y angosta puerta de acceso (1,2 metros de altura) que obliga a los visitantes a agacharse y que en la antig\u00fcedad permit\u00eda una mejor defensa y evitaba que los jinetes pudieran penetrar en el templo.<\/p>\n<p>El lugar donde los cristianos veneran el nacimiento de Jes\u00fas es una gruta de forma rectangular, de 12,50 metros de largo, 3,50 de anchura y 3 de altura, ennegrecida por el humo de las l\u00e1mparas que los barbudos monjes greco-ortodoxos mantienen siempre encendidas.<\/p>\n<p>Desde las Cruzadas, partes de la iglesia pasaron a ser propiedad de las comunidades ortodoxa griega, ortodoxa armenia y cat\u00f3lico romana.<\/p>\n<p>El cuerpo principal de la Bas\u00edlica, incluida la nave, los pasillos el &#8220;katholic\u00f3n&#8221; (el coro y el santuario), el crucero sur y el Altar de la Natividad en la gruta pertenecen a la Iglesia ortodoxa griega.<\/p>\n<p>La Iglesia latina (cat\u00f3lica romana) tiene la propiedad exclusiva del Altar de la Adoraci\u00f3n de los Reyes Magos en el \u00e1rea de la Gruta de la Natividad, conocida como &#8220;la Gruta del Pesebre&#8221;.<\/p>\n<p>La Iglesia latina conserva tambi\u00e9n la propiedad de la estrella de plata debajo del adyacente Altar de la Natividad, con la inscripci\u00f3n &#8220;Hic de Virgine Maria Jesus Christus Natus Est&#8221; (&#8220;Aqu\u00ed, de Mar\u00eda virgen, naci\u00f3 Jesucristo&#8221;).<\/p>\n<p>Precisamente, en 1847, el robo de esta estrella de plata motiv\u00f3 la Guerra de Crimea (1853-1855) entre la Rusia ortodoxa, protectora de los greco-ortodoxos del Imperio otomano, contra Turqu\u00eda, Francia, Piamonte y Gran Breta\u00f1a.<\/p>\n<p>Los franciscanos, que habitan de manera casi ininterrumpida en Bel\u00e9n desde 1347, poseen a un lado de la Bas\u00edlica de la Natividad el convento y la iglesia de Santa Catalina, que sirve principalmente para las necesidades de la comunidad cat\u00f3lica local de rito latino, minoritaria entre los cristianos de Tierra Santa.<\/p>\n<p>Tanto los armenios como los latinos tienen derecho de paso y de procesi\u00f3n en la nave.<\/p>\n","protected":false},"excerpt":{"rendered":"<p>El Comit\u00e9 del Patrimonio Mundial incluy\u00f3 este viernes, en tr\u00e1mite de urgencia, la Bas\u00edlica de Natividad en Bel\u00e9n en la Lista del Patrimonio Mundial en Peligro de la Unesco.<\/p>\n","protected":false},"author":1,"featured_media":396905,"comment_status":"open","ping_status":"open","sticky":false,"template":"","format":"standard","meta":{"footnotes":""},"categories":[24],"tags":[3870,3871,3872,3873,3874],"class_list":["post-396904","post","type-post","status-publish","format-standard","has-post-thumbnail","hentry","category-mundo","tag-basilica","tag-belen","tag-natividad","tag-patrimonio","tag-unesco"],"_links":{"self":[{"href":"https:\/\/diarioelpopular.com\/index.php\/wp-json\/wp\/v2\/posts\/396904","targetHints":{"allow":["GET"]}}],"collection":[{"href":"https:\/\/diarioelpopular.com\/index.php\/wp-json\/wp\/v2\/posts"}],"about":[{"href":"https:\/\/diarioelpopular.com\/index.php\/wp-json\/wp\/v2\/types\/post"}],"author":[{"embeddable":true,"href":"https:\/\/diarioelpopular.com\/index.php\/wp-json\/wp\/v2\/users\/1"}],"replies":[{"embeddable":true,"href":"https:\/\/diarioelpopular.com\/index.php\/wp-json\/wp\/v2\/comments?post=396904"}],"version-history":[{"count":0,"href":"https:\/\/diarioelpopular.com\/index.php\/wp-json\/wp\/v2\/posts\/396904\/revisions"}],"wp:featuredmedia":[{"embeddable":true,"href":"https:\/\/diarioelpopular.com\/index.php\/wp-json\/"}],"wp:attachment":[{"href":"https:\/\/diarioelpopular.com\/index.php\/wp-json\/wp\/v2\/media?parent=396904"}],"wp:term":[{"taxonomy":"category","embeddable":true,"href":"https:\/\/diarioelpopular.com\/index.php\/wp-json\/wp\/v2\/categories?post=396904"},{"taxonomy":"post_tag","embeddable":true,"href":"https:\/\/diarioelpopular.com\/index.php\/wp-json\/wp\/v2\/tags?post=396904"}],"curies":[{"name":"wp","href":"https:\/\/api.w.org\/{rel}","templated":true}]}}