{"id":397096,"date":"2012-07-01T17:21:50","date_gmt":"2012-07-01T21:21:50","guid":{"rendered":"http:\/\/diarioelpopular.com\/?p=397096"},"modified":"2012-07-01T17:21:50","modified_gmt":"2012-07-01T21:21:50","slug":"las-minas-de-almaden-entran-en-la-lista-del-patrimonio-mundial-de-la-unesco","status":"publish","type":"post","link":"https:\/\/diarioelpopular.com\/index.php\/2012\/07\/01\/las-minas-de-almaden-entran-en-la-lista-del-patrimonio-mundial-de-la-unesco\/","title":{"rendered":"Las Minas de Almad\u00e9n entran en la Lista del Patrimonio Mundial de la Unesco"},"content":{"rendered":"<div id=\"attachment_397097\" style=\"width: 715px\" class=\"wp-caption aligncenter\"><a href=\"https:\/\/diarioelpopular.com\/wp-content\/uploads\/2012\/07\/webcanada.jpg\"><img loading=\"lazy\" decoding=\"async\" aria-describedby=\"caption-attachment-397097\" class=\"size-full wp-image-397097\" title=\"web,canada\" src=\"https:\/\/diarioelpopular.com\/wp-content\/uploads\/2012\/07\/webcanada.jpg\" alt=\"\" width=\"705\" height=\"420\" \/><\/a><p id=\"caption-attachment-397097\" class=\"wp-caption-text\">GRAND PRE (CANAD\u00c1).- Fotograf\u00eda sin fechar cedida este, domingo 1 de julio de 2012, por la sociedad de promoci\u00f3n de Grand Pre (Canad\u00e1) muestra la estatua de Evangeline y la iglesia Memorial en Grand Pre, Nueva Escocia (Canad\u00e1). El lugar, conocido por la construcci\u00f3n de diques que desarrollaron la agricultura del \u00e1rea, ha sido inscrito en la lista de patrimonios mundiales de la Unesco.<\/p><\/div>\n<p><strong><em>San Petersburgo (Rusia).-<\/em><\/strong> Las Minas de Almad\u00e9n (Ciudad Real, Espa\u00f1a) y las de Idrija (Eslovenia) fueron incorporadas este domingo a la lista del Patrimonio Mundial de la Unesco, inform\u00f3 el organismo mundial en Twitter.<\/p>\n<div id=\"texto\">\n<div>\n<p>La decisi\u00f3n sobre la candidatura conjunta de estos dos sitios fue adoptada por el Comit\u00e9 de Patrimonio Mundial de la Unesco, que celebra su 36 sesi\u00f3n en la segunda ciudad de Rusia.<\/p>\n<p>El Comit\u00e9 reconoci\u00f3 su valor como las minas de mercurio m\u00e1s grandes del mundo y ejemplos \u00fanicos de la explotaci\u00f3n de este metal a lo largo de los siglos.<\/p>\n<p>Asimismo, destac\u00f3 que estas minas conservan un rico patrimonio material, que refleja las diferentes etapas del desarrollo cient\u00edfico aplicado para la extracci\u00f3n de este mineral.<\/p>\n<p>Las caracter\u00edsticas geol\u00f3gicas espec\u00edficas de los dep\u00f3sitos de mercurio de Almad\u00e9n e Idrija las han convertido en ejemplos excepcionales de esta miner\u00eda y su cierre ha supuesto la transformaci\u00f3n adecuada de este recurso econ\u00f3mico industrial en recurso patrimonial cultural.<\/p>\n<p>El sitio espa\u00f1ol, se\u00f1ala la Unesco en un comunicado, incluye varios lugares relacionados con su historia minera, como el castillo de Retamar, edificios religiosos y pozos tradicionales.<\/p>\n<p>En Idrija hay almacenes e infraestructura vinculados con el mercurio, as\u00ed como viviendas de mineros y un teatro.<\/p>\n<p>Almand\u00e9n e Idrija dan &#8220;testimonio del comercio intercontinental del mercurio, que gener\u00f3 importantes intercambios entre Europa y Am\u00e9rica durante siglos&#8221;, agrega la nota.<\/p>\n<p>En su sesi\u00f3n de este domingo, el Comit\u00e9 tambi\u00e9n incluy\u00f3 La Mezquita del Viernes de Isfah\u00e1n (Ir\u00e1n) y la industria perl\u00edfera tradicional de Bar\u00e9in en lista del Patrimonio Mundial de Unesco.<\/p>\n<p>En el prestigioso listado del organismo mundial fueron inscritos \u00a0tambi\u00e9n el paisaje del <em>Gran Pr\u00e9 (Canad\u00e1),<\/em> la \u00d3pera de los Margraves de Bayreuth (Alemania), la guarnici\u00f3n y ciudad fronteriza portuguesa de Elvas (Portugal) y sus fortificaciones, la torre funeraria Gonbad-e Qabus (Ir\u00e1n) y el patrimonio arqueol\u00f3gico del valle de Lenggong (Malasia).<\/p>\n<p>La 36\u00aa sesi\u00f3n del Comit\u00e9 del Patrimonio Mundial de la Unesco comenz\u00f3 el pasado domingo y se extender\u00e1 hasta el pr\u00f3ximo 6 de julio.<\/p>\n<\/div>\n<\/div>\n","protected":false},"excerpt":{"rendered":"<p> Las Minas de Almad\u00e9n (Ciudad Real, Espa\u00f1a) y las de Idrija (Eslovenia) fueron incorporadas este domingo a la lista del Patrimonio Mundial de la Unesco, inform\u00f3 el organismo mundial en Twitter.<\/p>\n","protected":false},"author":1,"featured_media":397097,"comment_status":"open","ping_status":"open","sticky":false,"template":"","format":"standard","meta":{"footnotes":""},"categories":[21,24],"tags":[3873,3874],"class_list":["post-397096","post","type-post","status-publish","format-standard","has-post-thumbnail","hentry","category-canada","category-mundo","tag-patrimonio","tag-unesco"],"_links":{"self":[{"href":"https:\/\/diarioelpopular.com\/index.php\/wp-json\/wp\/v2\/posts\/397096","targetHints":{"allow":["GET"]}}],"collection":[{"href":"https:\/\/diarioelpopular.com\/index.php\/wp-json\/wp\/v2\/posts"}],"about":[{"href":"https:\/\/diarioelpopular.com\/index.php\/wp-json\/wp\/v2\/types\/post"}],"author":[{"embeddable":true,"href":"https:\/\/diarioelpopular.com\/index.php\/wp-json\/wp\/v2\/users\/1"}],"replies":[{"embeddable":true,"href":"https:\/\/diarioelpopular.com\/index.php\/wp-json\/wp\/v2\/comments?post=397096"}],"version-history":[{"count":0,"href":"https:\/\/diarioelpopular.com\/index.php\/wp-json\/wp\/v2\/posts\/397096\/revisions"}],"wp:featuredmedia":[{"embeddable":true,"href":"https:\/\/diarioelpopular.com\/index.php\/wp-json\/"}],"wp:attachment":[{"href":"https:\/\/diarioelpopular.com\/index.php\/wp-json\/wp\/v2\/media?parent=397096"}],"wp:term":[{"taxonomy":"category","embeddable":true,"href":"https:\/\/diarioelpopular.com\/index.php\/wp-json\/wp\/v2\/categories?post=397096"},{"taxonomy":"post_tag","embeddable":true,"href":"https:\/\/diarioelpopular.com\/index.php\/wp-json\/wp\/v2\/tags?post=397096"}],"curies":[{"name":"wp","href":"https:\/\/api.w.org\/{rel}","templated":true}]}}