{"id":398815,"date":"2012-07-05T23:18:31","date_gmt":"2012-07-06T03:18:31","guid":{"rendered":"http:\/\/diarioelpopular.com\/?p=398815"},"modified":"2012-07-05T23:18:31","modified_gmt":"2012-07-06T03:18:31","slug":"andres-parra-encarna-al-patron-del-mal","status":"publish","type":"post","link":"https:\/\/diarioelpopular.com\/index.php\/2012\/07\/05\/andres-parra-encarna-al-patron-del-mal\/","title":{"rendered":"Andr\u00e9s Parra encarna al \u2018Patr\u00f3n del mal\u2019"},"content":{"rendered":"<div id=\"attachment_398817\" style=\"width: 715px\" class=\"wp-caption aligncenter\"><a href=\"https:\/\/diarioelpopular.com\/wp-content\/uploads\/2012\/07\/web.patrondinero1.jpg\"><img loading=\"lazy\" decoding=\"async\" aria-describedby=\"caption-attachment-398817\" class=\"size-full wp-image-398817\" title=\"web.patron,dinero\" src=\"https:\/\/diarioelpopular.com\/wp-content\/uploads\/2012\/07\/web.patrondinero1.jpg\" alt=\"\" width=\"705\" height=\"420\" \/><\/a><p id=\"caption-attachment-398817\" class=\"wp-caption-text\">Andr\u00e9s Parra, se dio a conocer en la televisi\u00f3n en su papel de Anestesia, en la serie El Cartel, ahora personifica magistralmente a Pablo Escobar.<\/p><\/div>\n<p align=\"center\">Mucho se ha hablado de Pablo Escobar por lo que hizo, pero no hemos visto c\u00f3mo lo hizo: su primer cargamento, la intimidad de su vida delincuencial, la relaci\u00f3n con los socios, con su mam\u00e1 y lo soberbio de su personalidad. Burl\u00f3 fronteras, invent\u00f3 rutas, export\u00f3 toneladas de coca a Estados Unidos y Europa y para eso form\u00f3 el Cartel de Medell\u00edn. Fue tan poderoso que incluso lleg\u00f3 a proponer pagar la deuda externa del pa\u00eds. En este recorrido entendi\u00f3 que si no ten\u00eda el poder pol\u00edtico no era realmente poderoso y decidi\u00f3 tom\u00e1rselo y de frente. Lleg\u00f3 al Congreso de la Rep\u00fablica y cuando lo denunciaron declar\u00f3 la guerra al estado, a la clase dirigente y al pa\u00eds entero.<\/p>\n<p>\u00a0Andr\u00e9s Parra, se dio a conocer en la televisi\u00f3n en su papel de Anestesia, en la serie El Cartel, ahora personifica magistralmente a Pablo Escobar. El Cartel de Medell\u00edn nos marc\u00f3 para siempre a los colombianos directa o indirectamente y el actor cale\u00f1o no fue la excepci\u00f3n.<a href=\"https:\/\/diarioelpopular.com\/wp-content\/uploads\/2012\/07\/web.mug-shot.jpg\"><img loading=\"lazy\" decoding=\"async\" class=\"aligncenter size-full wp-image-398818\" title=\"web.mug-shot\" src=\"https:\/\/diarioelpopular.com\/wp-content\/uploads\/2012\/07\/web.mug-shot.jpg\" alt=\"\" width=\"705\" height=\"420\" \/><\/a><\/p>\n<p>\u201cFui victima de una bomba que \u00e9l puso a cuatro cuadras de mi casa. Hab\u00eda una unidad del ej\u00e9rcito muy cerca y recuerdo que estall\u00f3 todos los vidrios de mi cuarto, eso fue como a las 9 de la noche y \u00a0estaba dormido. Yo ten\u00eda 10 u 11 a\u00f1os y era como muy dif\u00edcil de entender, lo ve\u00eda mas como una pel\u00edcula de acci\u00f3n pues salimos con mi hermano y ve\u00edamos los carros destrozados, tambi\u00e9n estaban las patrullas y las ambulancias. Para ese entonces todos los colegios de Bogot\u00e1 ten\u00edan pintada la paloma de la paz, estaba izada la bandera y en todas las Iglesias se hablaba de la paz para Colombia\u201d.<\/p>\n<p>Y contin\u00faa:<\/p>\n<p>\u201cViajar era muy tenaz por el maltrato en los aeropuertos de los Estados Unidos, a todos nos trataban sin discriminaci\u00f3n de sexo y edad como si fu\u00e9ramos narcotraficantes, o como si debi\u00e9ramos algo y tener pasaporte colombiano si que era una verdadera pesadilla\u201d.<\/p>\n<p>Cada actor toma su personaje y lo va creando agreg\u00e1ndole cosas propias para hacerlo cre\u00edble, a Pablo Escobar no hab\u00eda forma de impostarle, por eso a Andr\u00e9s hasta le toco bajar de peso y asi nos lo explica.<\/p>\n<p>\u201cCuando me dieron el personaje yo estaba en 110 kilos, pero baj\u00e9 como unos 16 kilos o algo asi, esto fue en tres meses y a las malas. Realmente si era algo riesgoso este papel pues la gente ahora puede entrar a YouTube, ver a Pablo Escobar y decir que lo que estoy haciendo realmente es un insulto, que no tiene nada que ver o que no hice la tarea. Esa fue la gran obsesi\u00f3n m\u00eda, pero la dificultad realmente fue traspasar el tono vocal de \u00e9l a la continuidad debido a que yo no tuve ning\u00fan acceso de audio de como era \u00e9l en su casa, con su familia, lo \u00fanico que vi fue a Escobar en la plaza p\u00fablica, en entrevistas y ah\u00ed puedes hablar muy diferentemente a como puedes hablar haciendo, por ejemplo, un desayuno. De hecho \u00e9l no era un buen orador, era muy torpe para hablar y lo que hice fue estar vi\u00e9ndolo y escuch\u00e1ndolo todos los d\u00edas\u201d.<\/p>\n<p>&nbsp;<\/p>\n<p>En la serie de Pablo Escobar se ha contado con un lenco de lujo, est\u00e1n Vicky Hern\u00e1ndez, Ernesto Benjumea y Nicol\u00e1s Montero entre otros. Sobre Angie Cepeda nos dice Parra, \u00a0\u201cLe tenia mucho miedo porque a mi los famosos me coh\u00edben mucho y ella es muy famosa\u201d.<\/p>\n<p>Y a\u00f1ade: \u201cSin embargo le pregunt\u00e9 a mucha gente sobre Angie y todos me dec\u00edan lo mismo, que era muy querida, tranquila, pero en las escenas que tuvimos \u2018de alcoba\u2019 sent\u00ed muchos nervios, y te voy a confesar que ella un poco mas que yo. De todas formas convers\u00e1bamos mucho y fue maravilloso porque antes de grabar Angie me dec\u00eda: haga conmigo lo que quiera, no se preocupe por nada. Eso para uno como actor es muy grato porque me permiti\u00f3 desarrollar las\u00a0 escenas como quer\u00eda el director y las quer\u00eda yo\u201d.<\/p>\n<p>Haber realizado escenas donde se movi\u00f3 el capo de capos, Andr\u00e9s nos comparte como le fue con esa adrenalina.<\/p>\n<p>\u201cFuert\u00edsima, fuert\u00edsima, aunque todav\u00eda no hemos rodado las escenas de su muerte, sino los d\u00edas del antes, en los que es ya un Escobar muy paranoico. El efecto de fumar tantos a\u00f1os marihuana, que es el \u00fanico vicio que \u00e9l tenia, con una gastritis tremenda, muy solo\u00a0 y separado de sus hijos, ese d\u00eda fue bien fuerte y se sent\u00eda en el set. Hab\u00eda un silencio general, de angustia, de miedo y de terror, ya me estoy viendo como va a ser esa escapada por ese techo y corriendo\u201d.<\/p>\n<p>Hay personajes que son retos y duran por a\u00f1os, sin duda el de Pablo Escobar llevara a la cumbre a Andr\u00e9s Parra, aunque \u00e9l confiesa no estar preparado para ello.<\/p>\n<p>\u201cDe lo \u00fanico que soy consciente y ya me sucede, es que es muy raro que te\u00a0 digan en la calle Pablo Escobar, eso no deja ser un poco abrumador. Lo mismo sucede cuando te invitan para ser la portada de alguna revista colombiana, aun no siendo de entretenimiento sino de tipo pol\u00edtico, es algo a lo que tendr\u00e9 que acostumbrarme, me guste o no me guste\u201d.<\/p>\n<p>Andr\u00e9s Parra atendi\u00f3 el desaf\u00edo, todos creen que es el mism\u00edsimo \u2018Patr\u00f3n del mal\u2019, pero usted podr\u00e1 comprobarlo a partir del 9 de Julio por la cadena Telemundo a las 10 pm\/9c<a href=\"https:\/\/diarioelpopular.com\/wp-content\/uploads\/2012\/07\/web.corriendo.jpg\"><img loading=\"lazy\" decoding=\"async\" class=\"aligncenter size-full wp-image-398819\" title=\"web.corriendo\" src=\"https:\/\/diarioelpopular.com\/wp-content\/uploads\/2012\/07\/web.corriendo.jpg\" alt=\"\" width=\"705\" height=\"420\" \/><\/a><\/p>\n","protected":false},"excerpt":{"rendered":"<p>Mucho se ha hablado de Pablo Escobar por lo que hizo, pero no hemos visto c\u00f3mo lo hizo: su primer cargamento, la intimidad de su vida delincuencial, la relaci\u00f3n con los socios, con su mam\u00e1 y lo soberbio de su personalidad.<\/p>\n","protected":false},"author":1,"featured_media":398817,"comment_status":"open","ping_status":"open","sticky":false,"template":"","format":"standard","meta":{"footnotes":""},"categories":[80,81],"tags":[2696,3926,3927,3928,3929],"class_list":["post-398815","post","type-post","status-publish","format-standard","has-post-thumbnail","hentry","category-cine-2","category-columnistas","tag-del","tag-esvobar","tag-mal","tag-pablo","tag-patron"],"_links":{"self":[{"href":"https:\/\/diarioelpopular.com\/index.php\/wp-json\/wp\/v2\/posts\/398815","targetHints":{"allow":["GET"]}}],"collection":[{"href":"https:\/\/diarioelpopular.com\/index.php\/wp-json\/wp\/v2\/posts"}],"about":[{"href":"https:\/\/diarioelpopular.com\/index.php\/wp-json\/wp\/v2\/types\/post"}],"author":[{"embeddable":true,"href":"https:\/\/diarioelpopular.com\/index.php\/wp-json\/wp\/v2\/users\/1"}],"replies":[{"embeddable":true,"href":"https:\/\/diarioelpopular.com\/index.php\/wp-json\/wp\/v2\/comments?post=398815"}],"version-history":[{"count":0,"href":"https:\/\/diarioelpopular.com\/index.php\/wp-json\/wp\/v2\/posts\/398815\/revisions"}],"wp:featuredmedia":[{"embeddable":true,"href":"https:\/\/diarioelpopular.com\/index.php\/wp-json\/"}],"wp:attachment":[{"href":"https:\/\/diarioelpopular.com\/index.php\/wp-json\/wp\/v2\/media?parent=398815"}],"wp:term":[{"taxonomy":"category","embeddable":true,"href":"https:\/\/diarioelpopular.com\/index.php\/wp-json\/wp\/v2\/categories?post=398815"},{"taxonomy":"post_tag","embeddable":true,"href":"https:\/\/diarioelpopular.com\/index.php\/wp-json\/wp\/v2\/tags?post=398815"}],"curies":[{"name":"wp","href":"https:\/\/api.w.org\/{rel}","templated":true}]}}