{"id":399051,"date":"2012-07-06T19:22:46","date_gmt":"2012-07-06T23:22:46","guid":{"rendered":"http:\/\/diarioelpopular.com\/?p=399051"},"modified":"2012-07-06T19:22:46","modified_gmt":"2012-07-06T23:22:46","slug":"la-genialidad-de-gabito-esta-en-su-obsesion-por-la-perfeccion-dice-hermano","status":"publish","type":"post","link":"https:\/\/diarioelpopular.com\/index.php\/2012\/07\/06\/la-genialidad-de-gabito-esta-en-su-obsesion-por-la-perfeccion-dice-hermano\/","title":{"rendered":"&#8220;La genialidad de Gabito est\u00e1 en su obsesi\u00f3n por la perfecci\u00f3n&#8221;, dice hermano"},"content":{"rendered":"<div id=\"attachment_399052\" style=\"width: 715px\" class=\"wp-caption aligncenter\"><a href=\"https:\/\/diarioelpopular.com\/wp-content\/uploads\/2012\/07\/web.gabo_.jpg\"><img loading=\"lazy\" decoding=\"async\" aria-describedby=\"caption-attachment-399052\" class=\"size-full wp-image-399052\" title=\"web.gabo\" src=\"https:\/\/diarioelpopular.com\/wp-content\/uploads\/2012\/07\/web.gabo_.jpg\" alt=\"\" width=\"705\" height=\"420\" \/><\/a><p id=\"caption-attachment-399052\" class=\"wp-caption-text\">CARTAGENA (COLOMBIA).- Jaime Garc\u00eda M\u00e1rquez (c) durante un encuentro que mantuvo en la ciudad colombiana de Cartagena de Indias con los expedicionarios de la Ruta Quetzal BBVA, junto al subdirector de la ruta (d), Andr\u00e9s Ciudad. Durante la conversaci\u00f3n, Jaime Garc\u00eda M\u00e1rquez confirm\u00f3 que su hermano, el escritor y premio nobel de Literatura Gabriel Garc\u00eda M\u00e1rquez, padece demencia senil, aunque &quot;todav\u00eda conserva el humor, la alegr\u00eda y el entusiasmo que siempre ha tenido&quot;.<\/p><\/div>\n<p>Alida Juliani S\u00e1nchez<\/p>\n<p><strong><em>Cartagena (Colombia).-<\/em><\/strong> &#8220;Disciplinado y perfeccionista&#8221;, as\u00ed describe Jaime Garc\u00eda M\u00e1rquez a su hermano, el premio nobel de Literatura, Gabriel Garc\u00eda M\u00e1rquez, dos cualidades que le han llevado a la &#8220;genialidad&#8221; tanto en su vida como en sus obras, basadas siempre en experiencias personales.<\/p>\n<p>El hermano del escritor colombiano repas\u00f3 la ni\u00f1ez y adolescencia de &#8216;Gabito&#8217; en un encuentro con los expedicionarios de la Ruta Quetzal BBVA en la ciudad caribe\u00f1a de Cartagena de Indias.<\/p>\n<p>Jaime Garc\u00eda M\u00e1rquez record\u00f3 algunos de los momento vividos junto al premio nobel que, seg\u00fan confirm\u00f3, padece demencia senil, aunque &#8220;todav\u00eda conserva el humor, la alegr\u00eda y el entusiasmo que siempre ha tenido&#8221;.<\/p>\n<p>&#8220;Las circunstancias de la vida siempre fueron su caldo de cultivo. El siempre dice que la realidad supera a la ficci\u00f3n&#8221;, se\u00f1al\u00f3 el hermano del premio nobel, para quien Gabo es producto de su car\u00e1cter decidido. &#8220;Toda su vida ha estado dirigida a la consecuci\u00f3n de sus metas&#8221;, afirm\u00f3.<\/p>\n<p>En ese sentido, Jaime Garc\u00eda M\u00e1rquez record\u00f3 cuando Gabriel se traslad\u00f3 a vivir a Cartagena con 21 a\u00f1os para estudiar derecho, aunque ya hab\u00eda acabado el primer a\u00f1o en Bogot\u00e1.<\/p>\n<p>&#8220;Al llegar a la pensi\u00f3n ten\u00eda que dejar un anticipo, que no lo ten\u00eda, y no tuvo mas remedio que irse al parque a dormir. \u00c9l siempre exager\u00f3 un poco esa an\u00e9cdota, pero le sirvi\u00f3 para demostrar a los j\u00f3venes que las dificultades apenas son un obst\u00e1culo, y que sirven para crecer&#8221;, dijo.<\/p>\n<p>Pero, -prosigui\u00f3- &#8220;cuando hay una obsesi\u00f3n, un deseo y un talento nada te puede detener. &#8216;Gabito&#8217; es producto de una obsesi\u00f3n y toda su vida est\u00e1 dirigida a conseguir sus metas&#8221;.<\/p>\n<p>Jaime Garc\u00eda M\u00e1rquez rememor\u00f3 los primeros a\u00f1os de su hermano en Aracataca, su pueblo natal, y las visitas a Sucre, &#8220;donde \u00e9l empieza a construir todas las historias que luego reprodujo en sus libros&#8221;.<\/p>\n<p>Relat\u00f3 las jornadas que el escritor colombiano pasaba ensayando m\u00fasica con guitarra junto a sus amigos, para luego &#8220;dar serenata por las noches, porque deb\u00eda tener alguna novia&#8221;.<\/p>\n<p>&#8220;Yo era peque\u00f1o, nos llev\u00e1bamos trece a\u00f1os, pero en alg\u00fan momento pens\u00e9 que su vida transcurrir\u00eda por el camino de la m\u00fasica&#8221;, se\u00f1al\u00f3.<\/p>\n<p>Si bien no lo hizo, el arte corr\u00eda por sus venas desde ni\u00f1o, cuando su abuelo le permit\u00eda pintar las paredes de la casa de Aracataca.<\/p>\n<p>Fue su abuelo tambi\u00e9n el que le regal\u00f3 sus primeros papeles y lapiceros, &#8220;y ah\u00ed fue cuando &#8216;Gabito&#8217; comenz\u00f3 escribiendo sus primeras historias gr\u00e1ficas. El abuelo no lo supo, pero despert\u00f3 en \u00e9l su vocaci\u00f3n temprana&#8221;.<\/p>\n<p>Esa misma vocaci\u00f3n la ha transmitido el premio nobel a sus hijos, Rodrigo y Gonzalo, quienes han heredado su pasi\u00f3n por las artes.<\/p>\n<p>&#8220;Rodrigo es un cineasta de grandes ligas y no tiene aparentemente ninguna influencia de &#8216;Gabito&#8217;, pero comparte la afici\u00f3n por el cine con su padre, y los resultados ya los estamos viendo&#8221;, dijo Jaime Garc\u00eda M\u00e1rquez.<\/p>\n<p>&#8220;En alguna ocasi\u00f3n -a\u00f1adi\u00f3- Rodrigo le mand\u00f3 a Gabito un gui\u00f3n y el se emocion\u00f3 mucho, porque no estaba viendo a su hijo el cineasta, sino a su hijo el que hac\u00eda literatura. \u00c9l sostiene que un gui\u00f3n es un g\u00e9nero literario, como tambi\u00e9n dice que lo es el periodismo&#8221;.<\/p>\n<p>Gonzalo, el menor, &#8220;tiene que ver con los libros, es un joven exitoso, y ha mantenido cierta distancia alrededor de su padre. Tiene su vida independiente&#8221;.<\/p>\n<p>Emocionado, Jaime Garc\u00eda M\u00e1rquez asegur\u00f3 que Gabo &#8220;es un excelente hermano, y una persona solidaria que ha ayudado econ\u00f3micamente a muchos amigos con necesidades sin que se sepa&#8221;.<\/p>\n<p>&#8220;Cuando le preguntan c\u00f3mo se le puede pagar el favor, \u00e9l siempre responde que no cont\u00e1ndoselo a nadie&#8221;, dijo.<\/p>\n","protected":false},"excerpt":{"rendered":"<p>&#8220;Disciplinado y perfeccionista&#8221;, as\u00ed describe Jaime Garc\u00eda M\u00e1rquez a su hermano, el premio nobel de Literatura, Gabriel Garc\u00eda M\u00e1rquez, dos cualidades que le han llevado a la &#8220;genialidad&#8221; tanto en su vida como en sus obras, basadas siempre en experiencias personales.<\/p>\n","protected":false},"author":1,"featured_media":399052,"comment_status":"open","ping_status":"open","sticky":false,"template":"","format":"standard","meta":{"footnotes":""},"categories":[80,23],"tags":[2456,2457,2458,2459],"class_list":["post-399051","post","type-post","status-publish","format-standard","has-post-thumbnail","hentry","category-cine-2","category-latinoamerica","tag-gabo","tag-gabriel","tag-garcia","tag-marquez"],"_links":{"self":[{"href":"https:\/\/diarioelpopular.com\/index.php\/wp-json\/wp\/v2\/posts\/399051","targetHints":{"allow":["GET"]}}],"collection":[{"href":"https:\/\/diarioelpopular.com\/index.php\/wp-json\/wp\/v2\/posts"}],"about":[{"href":"https:\/\/diarioelpopular.com\/index.php\/wp-json\/wp\/v2\/types\/post"}],"author":[{"embeddable":true,"href":"https:\/\/diarioelpopular.com\/index.php\/wp-json\/wp\/v2\/users\/1"}],"replies":[{"embeddable":true,"href":"https:\/\/diarioelpopular.com\/index.php\/wp-json\/wp\/v2\/comments?post=399051"}],"version-history":[{"count":0,"href":"https:\/\/diarioelpopular.com\/index.php\/wp-json\/wp\/v2\/posts\/399051\/revisions"}],"wp:featuredmedia":[{"embeddable":true,"href":"https:\/\/diarioelpopular.com\/index.php\/wp-json\/"}],"wp:attachment":[{"href":"https:\/\/diarioelpopular.com\/index.php\/wp-json\/wp\/v2\/media?parent=399051"}],"wp:term":[{"taxonomy":"category","embeddable":true,"href":"https:\/\/diarioelpopular.com\/index.php\/wp-json\/wp\/v2\/categories?post=399051"},{"taxonomy":"post_tag","embeddable":true,"href":"https:\/\/diarioelpopular.com\/index.php\/wp-json\/wp\/v2\/tags?post=399051"}],"curies":[{"name":"wp","href":"https:\/\/api.w.org\/{rel}","templated":true}]}}