{"id":399225,"date":"2012-07-08T22:21:36","date_gmt":"2012-07-09T02:21:36","guid":{"rendered":"http:\/\/diarioelpopular.com\/?p=399225"},"modified":"2012-07-08T22:21:36","modified_gmt":"2012-07-09T02:21:36","slug":"roger-federer-el-eterno-numero-uno","status":"publish","type":"post","link":"https:\/\/diarioelpopular.com\/index.php\/2012\/07\/08\/roger-federer-el-eterno-numero-uno\/","title":{"rendered":"Roger Federer, el eterno n\u00famero uno"},"content":{"rendered":"<div id=\"attachment_399226\" style=\"width: 715px\" class=\"wp-caption aligncenter\"><a href=\"https:\/\/diarioelpopular.com\/wp-content\/uploads\/2012\/07\/web.federer1.jpg\"><img loading=\"lazy\" decoding=\"async\" aria-describedby=\"caption-attachment-399226\" class=\"size-full wp-image-399226\" title=\"web.federer\" src=\"https:\/\/diarioelpopular.com\/wp-content\/uploads\/2012\/07\/web.federer1.jpg\" alt=\"\" width=\"705\" height=\"420\" \/><\/a><p id=\"caption-attachment-399226\" class=\"wp-caption-text\">LONDRES (REINO UNIDO).- El tenista suizo Roger Federer (i) sostiene la copa de campe\u00f3n tras su victoria (4-6, 7-5, 6-3 y 6-4) ante al escoc\u00e9s Andy Murray (d) tras la final del Torneo de Wimbledon que disputaron en el All England Lawn de Londres, Reino Unido, eeste 08 de julio de 2012.<\/p><\/div>\n<p><strong><em>Londres.-<\/em><\/strong> A sus casi 31 a\u00f1os, el suizo Roger Federer contin\u00faa conquistando espacios en la historia deltenis, en la que este domingo se convirti\u00f3 en el tenista que m\u00e1s t\u00edtulos de Wimbledon ha ganado (siete) y con igual n\u00famero de semanas al frente de la lista mundial (286), empatado en ambos casos con el estadounidense Pete Sampras.<\/p>\n<p>No le sirvieron de nada sus esfuerzos en la final al escoc\u00e9s Andy Murray por hacerse con el primer Wimbledon para un brit\u00e1nico desde 1936, as\u00ed como fueron en vano los intentos por superar a Federer en la semifinal del torneo del hasta ahora n\u00famero uno, el serbio Novak Djokovic.<\/p>\n<p>A pesar de que su f\u00edsico ya no es el mismo que a los 25 a\u00f1os, la mu\u00f1eca de Federer no ha olvidado c\u00f3mo se fabrican los golpes maestros que ponen al p\u00fablico en pie hasta en la catedral del\u00a0tenis\u00a0mundial.<\/p>\n<p>Murray, perpetua promesa del\u00a0tenis\u00a0brit\u00e1nico, es el h\u00e9roe local en Wimbledon pero, cuando se enfrenta con Federer en la central, es el suizo, y no \u00e9l, quien ejerce de anfitri\u00f3n.<\/p>\n<p>Y es que nadie ha disputado m\u00e1s finales sobre el c\u00e9sped de Wimbledon que Federer, que solo fall\u00f3 en el partido decisivo del torneo en una ocasi\u00f3n, en 2008, frente a Rafael Nadal, a quien le cost\u00f3 casi cinco horas arrebatarle al suizo un t\u00edtulo que se negaba a dejar escapar.<\/p>\n<p>Si bien el nuevo n\u00famero uno del mundo cuando se actualice el r\u00e1nking de la ATP hab\u00eda ganado su \u00faltimo Grand Slam a principios de 2010, en Australia, y no hab\u00eda pisado otra final de un gran torneo desde mediados de 2011, en la tierra batida de Par\u00eds, Federer estaba seguro de que su ciclo todav\u00eda no hab\u00eda terminado.<\/p>\n<p>Acech\u00f3 durante meses en el n\u00famero tres, mientras Nadal y Djokovic copaban las dos primeras plazas del r\u00e1nking y se hac\u00edan los due\u00f1os del circuito.<\/p>\n<p>Federer, zorro viejo, supo esperar su momento, que lleg\u00f3 en esta ocasi\u00f3n en Londres: Nadal cay\u00f3 en la segunda ronda ante un tenista pr\u00e1cticamente desconocido, el checo Lukas Rosol, y a Djokovic le pudo la presi\u00f3n en su primer encuentro sobre hierba con el suizo y perdi\u00f3 debido a la cantidad de errores no forzados que cometi\u00f3 en las semifinales.<\/p>\n<p>Con su decimos\u00e9ptimo Grand Slam en el bolsillo, Federer engrandece a\u00fan m\u00e1s su leyenda y ahonda su huella en la historia del\u00a0tenis.<\/p>\n<p>El tenista de Basilea, nacido en 1981, ya apuntaba maneras como j\u00fanior, cuando gan\u00f3 en Wimbledon en 1998, y alcanz\u00f3 la primera final como profesional en Marsella (Francia) en 2000 para plantarse por vez primera en lo m\u00e1s alto del r\u00e1nking de la ATP en febrero de 2004.<\/p>\n<p>Con treinta a\u00f1os, a un mes de cumplir 31, el suizo acumula 74 t\u00edtulos individuales y ocho de dobles en una carrera en la que ha ganado 846 partidos, por 192 perdidos.<\/p>\n<p>&#8220;El mejor tenista que ha habido&#8221;, seg\u00fan le describi\u00f3 la estadounidense Serena Williams hace unos d\u00edas, ha acumulado unas ganancias de m\u00e1s de 72 millones de d\u00f3lares, unos 58 millones de euros, a lo largo de su dilatada carrera profesional.<\/p>\n<p>Federer tiene en la mayor\u00eda de grandes torneos el apoyo desde la grada de su mujer, la extenista checa Mirka Vavrinec, a quien conoci\u00f3 en los JJ.OO. de Sydney y con quien tiene dos hijas, nacidas en 2009.<\/p>\n<p>El suizo, especialista en cualquier superficie y tenista con maneras de bailar\u00edn, grab\u00f3 un nuevo \u00e9xito en su amplio curr\u00edculum en la pista central del All England Club al lograr algo que solo Sampras, uno de sus \u00eddolos en el\u00a0tenis, hab\u00eda alcanzado hasta ahora.<\/p>\n","protected":false},"excerpt":{"rendered":"<p>A sus casi 31 a\u00f1os, el suizo Roger Federer contin\u00faa conquistando espacios en la historia deltenis, en la que este domingo se convirti\u00f3 en el tenista que m\u00e1s t\u00edtulos de Wimbledon ha ganado (siete) y con igual n\u00famero de semanas al frente de la lista mundial (286), empatado en ambos casos con el estadounidense Pete Sampras.<\/p>\n","protected":false},"author":1,"featured_media":399226,"comment_status":"open","ping_status":"open","sticky":false,"template":"","format":"standard","meta":{"footnotes":""},"categories":[28],"tags":[425,3963,176,3803],"class_list":["post-399225","post","type-post","status-publish","format-standard","has-post-thumbnail","hentry","category-deportes","tag-federer","tag-roger","tag-tenis","tag-wimbledon"],"_links":{"self":[{"href":"https:\/\/diarioelpopular.com\/index.php\/wp-json\/wp\/v2\/posts\/399225","targetHints":{"allow":["GET"]}}],"collection":[{"href":"https:\/\/diarioelpopular.com\/index.php\/wp-json\/wp\/v2\/posts"}],"about":[{"href":"https:\/\/diarioelpopular.com\/index.php\/wp-json\/wp\/v2\/types\/post"}],"author":[{"embeddable":true,"href":"https:\/\/diarioelpopular.com\/index.php\/wp-json\/wp\/v2\/users\/1"}],"replies":[{"embeddable":true,"href":"https:\/\/diarioelpopular.com\/index.php\/wp-json\/wp\/v2\/comments?post=399225"}],"version-history":[{"count":0,"href":"https:\/\/diarioelpopular.com\/index.php\/wp-json\/wp\/v2\/posts\/399225\/revisions"}],"wp:featuredmedia":[{"embeddable":true,"href":"https:\/\/diarioelpopular.com\/index.php\/wp-json\/"}],"wp:attachment":[{"href":"https:\/\/diarioelpopular.com\/index.php\/wp-json\/wp\/v2\/media?parent=399225"}],"wp:term":[{"taxonomy":"category","embeddable":true,"href":"https:\/\/diarioelpopular.com\/index.php\/wp-json\/wp\/v2\/categories?post=399225"},{"taxonomy":"post_tag","embeddable":true,"href":"https:\/\/diarioelpopular.com\/index.php\/wp-json\/wp\/v2\/tags?post=399225"}],"curies":[{"name":"wp","href":"https:\/\/api.w.org\/{rel}","templated":true}]}}