{"id":399575,"date":"2012-07-10T22:29:35","date_gmt":"2012-07-11T02:29:35","guid":{"rendered":"http:\/\/diarioelpopular.com\/?p=399575"},"modified":"2012-07-10T22:29:35","modified_gmt":"2012-07-11T02:29:35","slug":"el-tour-bajo-la-hegemonia-britanica","status":"publish","type":"post","link":"https:\/\/diarioelpopular.com\/index.php\/2012\/07\/10\/el-tour-bajo-la-hegemonia-britanica\/","title":{"rendered":"El Tour bajo la hegemon\u00eda brit\u00e1nica"},"content":{"rendered":"<p>CICLISMO TOUR<\/p>\n<div id=\"attachment_399576\" style=\"width: 710px\" class=\"wp-caption aligncenter\"><a href=\"https:\/\/diarioelpopular.com\/wp-content\/uploads\/2012\/07\/web.tour_1.jpg\"><img loading=\"lazy\" decoding=\"async\" aria-describedby=\"caption-attachment-399576\" class=\"size-full wp-image-399576\" title=\"web.tour\" src=\"https:\/\/diarioelpopular.com\/wp-content\/uploads\/2012\/07\/web.tour_1.jpg\" alt=\"\" width=\"700\" height=\"420\" \/><\/a><p id=\"caption-attachment-399576\" class=\"wp-caption-text\">QUINCIE-EN-BEAUJOLAIS (FRANCIA).- El ciclista brit\u00e1nico Bradley Wiggins (d) y su compa\u00f1ero de equipo Edval Boasson Hagen durante una sesi\u00f3n de entrenamiento en la jornada de descanso del Tour de Francia 2012 en la comuna de Quincie-en-Beaujolais, Francia, este 10 de julio de 2012. Wiggins reforz\u00f3 ayer su posici\u00f3n como lider de la clasificaci\u00f3n general del Tour y por lo tanto como poseedor del maillot amarillo.<\/p><\/div>\n<p>Carlos de Torres<\/p>\n<p><strong><em>M\u00e2con (Francia).-<\/em><\/strong> El Tour de Francia disfrut\u00f3 de su primera jornada de descanso tras la contrarreloj de Besan\u00e7on, de donde sali\u00f3 reforzada la impresi\u00f3n de que la carrera ya est\u00e1 sentenciada por el dominio del l\u00edder Bradley Wiggins, y de todo su equipo, el Sky, con Chris Froome, convertido de nuevo en una lujosa segunda opci\u00f3n.<br \/>\nPocas veces ha habido un pron\u00f3stico tan previsible a estas alturas del Tour, a\u00fan sin cruzar el ecuador y con toda la monta\u00f1a por delante en Alpes y Pirineos. El &#8220;general Wiggo&#8221;, con su aspecto rockero, ha expulsado a todos los rivales de la pista de baile de la &#8220;grande boucle&#8221;.<br \/>\nSu ritmo en el pr\u00f3logo de Lieja, donde empez\u00f3 a ara\u00f1ar segundos, el control en las dos etapas de monta\u00f1a disputadas y la demostraci\u00f3n en Besan\u00e7on le pone en la autopista hacia Par\u00eds, camino de convertirse en el primer brit\u00e1nico vencedor absoluto.<br \/>\nQueda mucho Tour. En eso coincide todo el mundo, pero Wiggins ha ganado ya el cuerpo a cuerpo con su rival directo, Cadel Evans (BMC), defensor del t\u00edtulo, quien asume que &#8220;a este nivel del Sky y de su l\u00edder hay poco que hacer&#8221;.<br \/>\nEl australiano se encuentra segundo en la general, a 1:53, emparedado adem\u00e1s con otro Sky, Chris Froome, el descubrimiento de la Vuelta 2011, que desde el tercer puesto a 2:07 tiene voz suficiente para salir al escenario como artista principal si hiciera falta.<br \/>\nEsta situaci\u00f3n obliga a Evans a quemas las naves en la monta\u00f1a si quiere inquietar al menos a Wiggins, pero sabe el ciclista &#8220;aussie&#8221; que necesitar\u00e1 de todo el BMC para saltar la banca, y eso se har\u00eda con un golpe como el que le propinaron en 2009 los hermanos Schleck en el Col de Romme: desfondando al brit\u00e1nico. Pero esta vez el l\u00edder tiene m\u00e1s experiencia y preparaci\u00f3n, am\u00e9n de que una potente escuadra.<br \/>\nEvans no tira la toalla por el primer escal\u00f3n y resta al menos ese aliciente. Adem\u00e1s, en la lucha por salir en la foto del podio de Paris deben entrar los actores secundarios, como el italiano Vincenzo Nibali (Liquigas), quien habla del tercer escal\u00f3n como reto, dando por perdido algo m\u00e1s alto. &#8220;El Tibur\u00f3n&#8221;, ganador de la Vuelta 2010, es cuarto, pisa los talones a Froome y tiene a Denis Menchov (Katusha), quinto, a algo m\u00e1s de medio minuto.<br \/>\nEn la pugna se puede meter Haimar Zubeldia (Radioshack), primer espa\u00f1ol en la general, sexto a 3.19. El ciclista guipuzcoano ha asumido ya la realidad de la escuadra luxemburguesa y se ha cosido en la camiseta los galones que en principio correspond\u00edan a Frank Schlek o Andreas Kloden. &#8220;No vine a hacer este trabajo, pero ofrezco seguridad por mi trayectoria&#8221;, dijo en su hotel de concentraci\u00f3n.<br \/>\nNo se puede decir nada parecido de Alejandro Valverde (Movistar), resignado a buscar un triunfo de etapa cuando el objetivo era un puesto en el podio. Errores en carrera, ca\u00eddas y su d\u00e9ficit contrarreloj, perdi\u00f3 4 minutos en Besan\u00e7on, le han enviado a la grada alta de la clasificaci\u00f3n, el puesto 28 a m\u00e1s de 10 minutos.<br \/>\n&#8220;Cabreado por la mala suerte&#8221;, el murciano anuncia que lo intentar\u00e1 en la monta\u00f1a para recuperar tiempo e imagen, pero sabe que va a estar marcado, &#8220;sobre todo por un Sky, que da la sensaci\u00f3n de superioridad&#8221;, explic\u00f3.<br \/>\nEl campe\u00f3n ol\u00edmpico, Samuel S\u00e1nchez, se encuentra en casa siguiendo la carrera por televisi\u00f3n despu\u00e9s de caerse y romperse el metacarpo de una mano.<br \/>\nCamino iluminado para los brit\u00e1nicos, y oscuro para los espa\u00f1oles, que despu\u00e9s de siete a\u00f1os de protagonismo y cuatro triunfos (Pereiro 2006, Contador 2007 y 2009 y Carlos Sastre 2008) todo se\u00f1ala a periodo de sequ\u00eda, si es que Contador no lo remedia, una vez que cumpla su sanci\u00f3n por dopaje.<\/p>\n<p>El panorama de las dos pr\u00f3ximas y definitivas semanas tambi\u00e9n sonr\u00ede a Wiggins y su grupo. Queda una contrarreloj, la del pen\u00faltima d\u00eda, que le viene de maravilla, a\u00fan mejor para sacar lo m\u00e1ximo de sus cualidades de &#8220;pistard&#8221;, m\u00e1s larga (53 kil\u00f3metros) y llana. Para que vuelva a volar.<br \/>\nLa inc\u00f3gnita que plantea el Tour est\u00e9 en manos de los equipos de la oposici\u00f3n. Etapas hay para las emboscadas y poner al l\u00edder en aprietos. Fuerzas y eficacia, habr\u00e1 que verlo. Los Alpes est\u00e1n a la vuelta del descanso. Este mi\u00e9rcoles entre M\u00e2con y Bellegarde Sur Valserine hay que afrontar el coloso del Grand Colombier, de 17 kil\u00f3metros al 7 por ciento y el Richemond, con la cima a 20 de meta.<br \/>\nEl jueves la etapa reina alpina entre Albertville y el final en alto de La Toussuire, un puerto de 18 kil\u00f3metros al 6,1 por ciento. Antes un buen men\u00fa de puertos: La Madeleine y la Croix de Fer, ambos de categor\u00eda especial y el Col de Mollard.<br \/>\nSi el frente anti-Wiggins no ha tenido suficiente, deber\u00e1 afrontar una transici\u00f3n hacia los Pirineos, donde la pr\u00f3xima semana esperan el Aubisque, el Tourmalet, el Aspin y el Peyresourde en otra jornada reina con final en descenso hasta Bagneres de Luchon. Al d\u00eda siguiente \u00faltimo examen monta\u00f1oso con el tercer final en alto de la presente edici\u00f3n en Peyragudes.<br \/>\nEl Tour descans\u00f3 en M\u00e2con y alrededores de la ciudad de Borgo\u00f1a. Muchos de los 177 corredores supervivientes pudieron resta\u00f1ar las heridas de las innumerables ca\u00eddas que se han producido. En estas jornadas no hay par\u00f3n completo, pues lo preceptivo es salir a rodar al menos dos o tres horas. D\u00eda para la reflexi\u00f3n. Unos para seguir en pie y otros para pensar c\u00f3mo derribar la hegemon\u00eda del imperio brit\u00e1nico en este Tour.<\/p>\n","protected":false},"excerpt":{"rendered":"<p>CICLISMO TOUR Carlos de Torres M\u00e2con (Francia).- El Tour de Francia disfrut\u00f3 de su primera jornada de descanso tras la contrarreloj de Besan\u00e7on, de donde&hellip;<\/p>\n","protected":false},"author":1,"featured_media":399576,"comment_status":"open","ping_status":"open","sticky":false,"template":"","format":"standard","meta":{"footnotes":""},"categories":[28],"tags":[2442,183,1481],"class_list":["post-399575","post","type-post","status-publish","format-standard","has-post-thumbnail","hentry","category-deportes","tag-de","tag-francia","tag-tour"],"_links":{"self":[{"href":"https:\/\/diarioelpopular.com\/index.php\/wp-json\/wp\/v2\/posts\/399575","targetHints":{"allow":["GET"]}}],"collection":[{"href":"https:\/\/diarioelpopular.com\/index.php\/wp-json\/wp\/v2\/posts"}],"about":[{"href":"https:\/\/diarioelpopular.com\/index.php\/wp-json\/wp\/v2\/types\/post"}],"author":[{"embeddable":true,"href":"https:\/\/diarioelpopular.com\/index.php\/wp-json\/wp\/v2\/users\/1"}],"replies":[{"embeddable":true,"href":"https:\/\/diarioelpopular.com\/index.php\/wp-json\/wp\/v2\/comments?post=399575"}],"version-history":[{"count":0,"href":"https:\/\/diarioelpopular.com\/index.php\/wp-json\/wp\/v2\/posts\/399575\/revisions"}],"wp:featuredmedia":[{"embeddable":true,"href":"https:\/\/diarioelpopular.com\/index.php\/wp-json\/"}],"wp:attachment":[{"href":"https:\/\/diarioelpopular.com\/index.php\/wp-json\/wp\/v2\/media?parent=399575"}],"wp:term":[{"taxonomy":"category","embeddable":true,"href":"https:\/\/diarioelpopular.com\/index.php\/wp-json\/wp\/v2\/categories?post=399575"},{"taxonomy":"post_tag","embeddable":true,"href":"https:\/\/diarioelpopular.com\/index.php\/wp-json\/wp\/v2\/tags?post=399575"}],"curies":[{"name":"wp","href":"https:\/\/api.w.org\/{rel}","templated":true}]}}