{"id":399578,"date":"2012-07-10T22:32:34","date_gmt":"2012-07-11T02:32:34","guid":{"rendered":"http:\/\/diarioelpopular.com\/?p=399578"},"modified":"2012-07-10T22:32:34","modified_gmt":"2012-07-11T02:32:34","slug":"el-despertar-de-la-beatlemania-en-los-ojos-de-su-fotografo-harry-benson","status":"publish","type":"post","link":"https:\/\/diarioelpopular.com\/index.php\/2012\/07\/10\/el-despertar-de-la-beatlemania-en-los-ojos-de-su-fotografo-harry-benson\/","title":{"rendered":"El despertar de la &#8220;beatleman\u00eda&#8221; en los ojos de su fot\u00f3grafo, Harry Benson"},"content":{"rendered":"<div id=\"attachment_399579\" style=\"width: 710px\" class=\"wp-caption aligncenter\"><a href=\"https:\/\/diarioelpopular.com\/wp-content\/uploads\/2012\/07\/web.beatjes.jpg\"><img loading=\"lazy\" decoding=\"async\" aria-describedby=\"caption-attachment-399579\" class=\"size-full wp-image-399579\" title=\"web.beatjes\" src=\"https:\/\/diarioelpopular.com\/wp-content\/uploads\/2012\/07\/web.beatjes.jpg\" alt=\"\" width=\"700\" height=\"420\" \/><\/a><p id=\"caption-attachment-399579\" class=\"wp-caption-text\">LONDRES (R.UNIDO).- Imagen cedida por la Editorial Taschen de los componentes de The Beatles en la famosa batalla de almohadas en el hotel George V de Par\u00eds, instant\u00e1nea favorita del fot\u00f3grafo Harry Benson, de 82 a\u00f1os, incluida en su libro de edici\u00f3n limitada &quot;The Beatles. On the Road, (1964-1966)&quot;, con fotos del cuarteto &quot;tal como son&quot;, seg\u00fan ha asegurado el autor<\/p><\/div>\n<p>Dani Bosque<\/p>\n<p><strong><em>Londres.-<\/em><\/strong> El fot\u00f3grafo Harry Benson fue testigo con su c\u00e1mara de &#8220;una historia may\u00fascula&#8221;: el auge de la &#8220;beatlemania&#8221; y del pop, una experiencia que muestra ahora en un libro de edici\u00f3n limitada con las im\u00e1genes que tom\u00f3 de los Beatles entre 1964 y 1966 durante la gira del grupo por Europa y Estados Unidos.<br \/>\n&#8220;Pasar\u00e1n cincuenta o cien a\u00f1os y los Beatles seguir\u00e1n all\u00ed&#8221;, afirma Benson en una entrevista en Londres para hablar de &#8220;The Beatles. On the road 1964-1966&#8221; (Taschen), que recupera casi medio siglo despu\u00e9s los recuerdos de una aventura que el fot\u00f3grafo estuvo a punto de perderse.<br \/>\n&#8220;Yo ten\u00eda que ir a \u00c1frica, pero en el \u00faltimo momento me enviaron a Par\u00eds con los Beatles. Yo no quer\u00eda, mi destino era \u00c1frica. Me consideraba un periodista serio, no un periodista de rock &amp; roll&#8221;, reconoce Benson con voz quebrada, pero profunda, a sus 82 a\u00f1os.<br \/>\n&#8220;Pero fui a Par\u00eds, escuch\u00e9 a los Beatles y entonces supe que estaba en el lugar adecuado. En mi vida hab\u00eda escuchado una m\u00fasica como esa. Entonces lo que era una buena historia se convirti\u00f3 en una historia may\u00fascula: la &#8216;beatleman\u00eda&#8217; y el auge del pop&#8221;, explica.<br \/>\nUna historia que queda retratada en esta voluminosa edici\u00f3n limitada, con hojas plateadas y muchas fotos hasta ahora in\u00e9ditas, que recoge el salto a la fama internacional del cuarteto de Liverpool, un \u00e9xito que ni Benson ni los propios artistas esperaban.<br \/>\n&#8220;Cuando tomas una foto, no sabes en lo que se convertir\u00e1. Cincuenta a\u00f1os despu\u00e9s, la misma imagen adquiere otra perspectiva. Cuando tomamos esas fotos ni los Beatles ni yo sab\u00edamos que ser\u00edan para siempre. Pero ahora s\u00ed, tanto ellos como esas im\u00e1genes durar\u00e1n para siempre&#8221;, apunta.<br \/>\nEn las 272 p\u00e1ginas de este libro, del que solo se han editado 1.764 unidades a un precio de 450 libras (698 d\u00f3lares), m\u00e1s otras 200 de una edici\u00f3n especial a 1.000 libras (1.542 d\u00f3lares) que ya han sido vendidas, se pueden observar fragmentos de la vida privada de los Beatles y la histeria que despertaban all\u00ed donde iban.<br \/>\nFotograf\u00edas espont\u00e1neas que muestran a los Beatles &#8220;tal como son&#8221;, ya sea mientras compon\u00edan los temas que encandilar\u00edan a varias generaciones o en sus momentos de ocio, como en la famosa imagen de la batalla de almohadas en el hotel George V de Par\u00eds.<br \/>\n&#8220;Es mi favorita. Todos los fot\u00f3grafos tienen una imagen que los define. Esta es la m\u00eda. En ella veo reflejado todo mi trabajo. Es un momento espont\u00e1neo que no podr\u00eda haber pasado nunca m\u00e1s, con los mejores m\u00fasicos del mundo y en medio de una gran historia&#8221;, confiesa orgulloso Benson.<br \/>\nSu etapa como fot\u00f3grafo oficial de los Beatles le permiti\u00f3 empezar a trabajar para la revista Life estadounidense y cubrir algunos de los eventos m\u00e1s importantes del siglo pasado: la lucha por los derechos civiles en Estados Unidos, la Guerra Fr\u00eda, la ca\u00edda del comunismo o el asesinato de Robert Kennedy.<br \/>\nEn su larga carrera, para medios como &#8220;Vanity Fair&#8221;, &#8220;People&#8221; y &#8220;Daily Express&#8221;, ha fotografiado a todos los presidentes de Estados Unidos desde Eisenhower, y a personalidades como la reina Isabel II de Inglaterra, Michael Jackson y Elizabeth Taylor, a quien retrat\u00f3 despu\u00e9s de su operaci\u00f3n cerebral.<br \/>\nMedio siglo despu\u00e9s de atravesar el Atl\u00e1ntico, Benson se siente afortunado por renunciar a su viaje a \u00c1frica para cubrir la mayor historia de su vida: el despertar de la fiebre por los Beatles, hacia quienes solo tiene palabras de admiraci\u00f3n.<br \/>\n&#8220;Eran amables y nada presuntuosos. Y la m\u00fasica era genial. Eso los hac\u00eda especiales. Le gustaba a todo el mundo e incluso ahora a la gente le encanta. Yo podr\u00eda haber tomado las mejores fotograf\u00edas del mundo pero si la m\u00fasica no hubiera sido buena, no hubiera servido para nada&#8221;, afirma.<br \/>\nMientras su mirada, clara pero profunda, recorre las p\u00e1ginas del libro, Benson se emociona.<br \/>\n&#8220;Es sobrecogedor. Nunca hab\u00eda tenido un libro como este, con p\u00e1ginas plateadas y todo. Es un libro muy serio, de un grupo muy serio que nunca se olvidar\u00e1. Pasar\u00e1n cincuenta o cien a\u00f1os y los Beatles seguir\u00e1n all\u00ed&#8221;, concluye el fot\u00f3grafo con un hilo de voz, consciente de que sus im\u00e1genes tambi\u00e9n seguir\u00e1n all\u00ed.<\/p>\n","protected":false},"excerpt":{"rendered":"<p>El fot\u00f3grafo Harry Benson fue testigo con su c\u00e1mara de &#8220;una historia may\u00fascula&#8221;: el auge de la &#8220;beatlemania&#8221; y del pop, una experiencia que muestra ahora en un libro de edici\u00f3n limitada con las im\u00e1genes que tom\u00f3 de los Beatles entre 1964 y 1966 durante la gira del grupo por Europa y Estados Unidos.<\/p>\n","protected":false},"author":1,"featured_media":399579,"comment_status":"open","ping_status":"open","sticky":false,"template":"","format":"standard","meta":{"footnotes":""},"categories":[24],"tags":[3970],"class_list":["post-399578","post","type-post","status-publish","format-standard","has-post-thumbnail","hentry","category-mundo","tag-beatles"],"_links":{"self":[{"href":"https:\/\/diarioelpopular.com\/index.php\/wp-json\/wp\/v2\/posts\/399578","targetHints":{"allow":["GET"]}}],"collection":[{"href":"https:\/\/diarioelpopular.com\/index.php\/wp-json\/wp\/v2\/posts"}],"about":[{"href":"https:\/\/diarioelpopular.com\/index.php\/wp-json\/wp\/v2\/types\/post"}],"author":[{"embeddable":true,"href":"https:\/\/diarioelpopular.com\/index.php\/wp-json\/wp\/v2\/users\/1"}],"replies":[{"embeddable":true,"href":"https:\/\/diarioelpopular.com\/index.php\/wp-json\/wp\/v2\/comments?post=399578"}],"version-history":[{"count":0,"href":"https:\/\/diarioelpopular.com\/index.php\/wp-json\/wp\/v2\/posts\/399578\/revisions"}],"wp:featuredmedia":[{"embeddable":true,"href":"https:\/\/diarioelpopular.com\/index.php\/wp-json\/"}],"wp:attachment":[{"href":"https:\/\/diarioelpopular.com\/index.php\/wp-json\/wp\/v2\/media?parent=399578"}],"wp:term":[{"taxonomy":"category","embeddable":true,"href":"https:\/\/diarioelpopular.com\/index.php\/wp-json\/wp\/v2\/categories?post=399578"},{"taxonomy":"post_tag","embeddable":true,"href":"https:\/\/diarioelpopular.com\/index.php\/wp-json\/wp\/v2\/tags?post=399578"}],"curies":[{"name":"wp","href":"https:\/\/api.w.org\/{rel}","templated":true}]}}