{"id":399581,"date":"2012-07-10T22:35:16","date_gmt":"2012-07-11T02:35:16","guid":{"rendered":"http:\/\/diarioelpopular.com\/?p=399581"},"modified":"2012-07-10T22:35:16","modified_gmt":"2012-07-11T02:35:16","slug":"rosas-y-un-panuelo-rojo-en-memoria-de-los-corredores-muertos-en-los-encierros","status":"publish","type":"post","link":"https:\/\/diarioelpopular.com\/index.php\/2012\/07\/10\/rosas-y-un-panuelo-rojo-en-memoria-de-los-corredores-muertos-en-los-encierros\/","title":{"rendered":"Rosas y un pa\u00f1uelo rojo en memoria de los corredores muertos en los encierros"},"content":{"rendered":"<div id=\"attachment_399582\" style=\"width: 710px\" class=\"wp-caption aligncenter\"><a href=\"https:\/\/diarioelpopular.com\/wp-content\/uploads\/2012\/07\/web.san-fer.jpg\"><img loading=\"lazy\" decoding=\"async\" aria-describedby=\"caption-attachment-399582\" class=\"size-full wp-image-399582\" title=\"web.san-fer\" src=\"https:\/\/diarioelpopular.com\/wp-content\/uploads\/2012\/07\/web.san-fer.jpg\" alt=\"\" width=\"700\" height=\"420\" \/><\/a><p id=\"caption-attachment-399582\" class=\"wp-caption-text\">PAMPLONA.- La Comparsa de Gigantes y Cabezudos ameniza las ma\u00f1anas de SanFerm\u00edn por las calles de Pamplona y es donde los mas peque\u00f1os disfrutan en las fiestas de personajes entra\u00f1ables como el &quot;kiliki&quot; Cara berruga que con su verga de goma espuma intenta hacer pasar un rato agradable a peque\u00f1os y mayores.<\/p><\/div>\n<p><strong><em>Pamplona (Espa\u00f1a).-<\/em><\/strong> El padre de Daniel Jimeno, el \u00faltimo corredor muerto en los encierros taurinos de Pamplona, rindi\u00f3 este martes homenaje junto con el alcalde de la ciudad, Enrique Maya, a todos los corredores que perdieron la vida en las fiestas de\u00a0San\u00a0Ferm\u00edn.<\/p>\n<p>Un ramo de rosas rojas y blancas y un pa\u00f1uelo rojo, s\u00edmbolo de los samfermines, fueron colocados en el vallado en el que falleci\u00f3 Daniel, un joven espa\u00f1ol de 27 a\u00f1os, que muri\u00f3 corneado por uno de los toros del encierro del 10 de julio de 2009.<br \/>\nEn el pa\u00f1uelo de recuerdo est\u00e1n escritos los nombres de los 15 corredores muertos en los encierros.<br \/>\nJuan Antonio Jimeno, el padre del \u00faltimo fallecido, dijo a los periodistas que este martes ha sido un &#8220;d\u00eda duro&#8221;, y que con su acto ha querido rendir un peque\u00f1o homenaje a los &#8220;mozos&#8221; muertos ya que en Pamplona no hay nada que los recuerde.<br \/>\nLos encierros son los actos m\u00e1s populares, conocidos internacionalmente, de las fiestas de los samfermines.<br \/>\nPor las estrechas calles del casco hist\u00f3rico de la ciudad, cientos de &#8220;mozos&#8221; corren delante de seis astados en un tramo de unos 800 metros, los que separan los corrales de Santo Domingo del coso taurino, donde las reses son lidiadas horas despu\u00e9s.<br \/>\nSon escasos minutos de gran tensi\u00f3n e intensa emoci\u00f3n, que concluyen en muchas ocasiones con contusionados y heridos.<br \/>\nEn el encierro de este martes, cinco corredores fueron trasladados al hospital pero ninguno se encuentra grave, seg\u00fan el \u00faltimo parte m\u00e9dico facilitado.<\/p>\n","protected":false},"excerpt":{"rendered":"<p>El padre de Daniel Jimeno, el \u00faltimo corredor muerto en los encierros taurinos de Pamplona, rindi\u00f3 este martes homenaje junto con el alcalde de la ciudad, Enrique Maya, a todos los corredores que perdieron la vida en las fiestas de San Ferm\u00edn.<\/p>\n","protected":false},"author":1,"featured_media":399582,"comment_status":"open","ping_status":"open","sticky":false,"template":"","format":"standard","meta":{"footnotes":""},"categories":[24],"tags":[3971],"class_list":["post-399581","post","type-post","status-publish","format-standard","has-post-thumbnail","hentry","category-mundo","tag-san-fermin"],"_links":{"self":[{"href":"https:\/\/diarioelpopular.com\/index.php\/wp-json\/wp\/v2\/posts\/399581","targetHints":{"allow":["GET"]}}],"collection":[{"href":"https:\/\/diarioelpopular.com\/index.php\/wp-json\/wp\/v2\/posts"}],"about":[{"href":"https:\/\/diarioelpopular.com\/index.php\/wp-json\/wp\/v2\/types\/post"}],"author":[{"embeddable":true,"href":"https:\/\/diarioelpopular.com\/index.php\/wp-json\/wp\/v2\/users\/1"}],"replies":[{"embeddable":true,"href":"https:\/\/diarioelpopular.com\/index.php\/wp-json\/wp\/v2\/comments?post=399581"}],"version-history":[{"count":0,"href":"https:\/\/diarioelpopular.com\/index.php\/wp-json\/wp\/v2\/posts\/399581\/revisions"}],"wp:featuredmedia":[{"embeddable":true,"href":"https:\/\/diarioelpopular.com\/index.php\/wp-json\/"}],"wp:attachment":[{"href":"https:\/\/diarioelpopular.com\/index.php\/wp-json\/wp\/v2\/media?parent=399581"}],"wp:term":[{"taxonomy":"category","embeddable":true,"href":"https:\/\/diarioelpopular.com\/index.php\/wp-json\/wp\/v2\/categories?post=399581"},{"taxonomy":"post_tag","embeddable":true,"href":"https:\/\/diarioelpopular.com\/index.php\/wp-json\/wp\/v2\/tags?post=399581"}],"curies":[{"name":"wp","href":"https:\/\/api.w.org\/{rel}","templated":true}]}}