{"id":400279,"date":"2012-07-16T22:53:08","date_gmt":"2012-07-17T02:53:08","guid":{"rendered":"http:\/\/diarioelpopular.com\/?p=400279"},"modified":"2012-07-16T22:53:08","modified_gmt":"2012-07-17T02:53:08","slug":"beckenbauer-niega-insinuacion-de-blatter-de-que-alemania-compro-el-mundial","status":"publish","type":"post","link":"https:\/\/diarioelpopular.com\/index.php\/2012\/07\/16\/beckenbauer-niega-insinuacion-de-blatter-de-que-alemania-compro-el-mundial\/","title":{"rendered":"Beckenbauer niega insinuaci\u00f3n de Blatter de que Alemania &#8220;compr\u00f3&#8221; el Mundial"},"content":{"rendered":"<div id=\"attachment_400280\" style=\"width: 710px\" class=\"wp-caption aligncenter\"><a href=\"https:\/\/diarioelpopular.com\/wp-content\/uploads\/2012\/07\/web.fifa_.jpg\"><img loading=\"lazy\" decoding=\"async\" aria-describedby=\"caption-attachment-400280\" class=\"size-full wp-image-400280\" title=\"web.fifa\" src=\"https:\/\/diarioelpopular.com\/wp-content\/uploads\/2012\/07\/web.fifa_.jpg\" alt=\"\" width=\"700\" height=\"420\" \/><\/a><p id=\"caption-attachment-400280\" class=\"wp-caption-text\">Z\u00faRICH (SUIZA).- Una persona entra a la sede central de la FIFA en Z\u00farich, Suiza, este lunes 16 de julio de 2012.<\/p><\/div>\n<p><strong><em>Berl\u00edn.-<\/em><\/strong> El m\u00e1ximo responsable del Comit\u00e9 Organizador del Mundial 2006, Franz Beckenbauer, rechaz\u00f3 este lunes las insinuaciones del presidente de la\u00a0FIFA, Joseph Blatter, de que Alemania &#8220;compr\u00f3&#8221; la adjudicaci\u00f3n de ese torneo, afirmaci\u00f3n que ha desatado un vendaval en el mundo futbol\u00edstico local.<\/p>\n<p>&#8220;Me resultan del todo incomprensible las declaraciones de Sepp Blatter. Lo decisivo fue el voto cerrado de los europeos a nuestro favor&#8221;, apunta el &#8220;kaiser&#8221;, en el popular &#8220;Bild&#8221;.<br \/>\nBeckenbauer sale as\u00ed al paso a las afirmaciones de Blatter, quien insinu\u00f3 el fin de semana al diario suizo &#8220;SonntagsBlick&#8221; que se hab\u00edan producido &#8220;irregularidades&#8221; en la adjudicaci\u00f3n del Mundial a Alemania.<br \/>\n&#8220;Mundiales comprados&#8230; Recuerdo que en el momento de la adjudicaci\u00f3n alguien se fue. As\u00ed fue que en lugar de 10 a 10 qued\u00e1ramos en 10 a 9 a favor de Alemania. Me alegr\u00e9, porque no fue preciso un voto de desempate. Pero, vamos a ver, alguien se levant\u00f3 y se fue&#8221;, explic\u00f3 Blatter.<br \/>\nA la pregunta de si supon\u00eda que tras ello hab\u00eda un caso de corrupci\u00f3n, responde el presidente de la\u00a0FIFA: &#8220;No, no supongo nada. Lo constato&#8221;.<br \/>\nEl secretario general de la Federaci\u00f3n Alemana de F\u00fatbol (DFB), Helmut Sandrock, sali\u00f3 ayer al paso de lo que calific\u00f3 de &#8220;nebulosas insinuaciones&#8221;, cuyo \u00fanico prop\u00f3sito es &#8220;desviar la atenci\u00f3n&#8221; sobre otros asuntos ahora mismo investigados.<br \/>\nBlatter se encuentra bajo fuertes presiones, especialmente desde Alemania, por no haber actuado con suficiente contundencia contra la corrupci\u00f3n en el seno de la\u00a0FIFA.<br \/>\nEl presidente de la Liga Alemana, Reinhard Rauball, en una llamada telef\u00f3nica, inst\u00f3 a Blatter a dimitir, mientras que el de la Federaci\u00f3n Alemana de F\u00fatbol (DFB), Wolfgang Niersbach, afirm\u00f3 que este organismo en pleno est\u00e1 &#8220;consternada&#8221; por los presuntos casos de sobornos.<br \/>\nBlatter, sin embargo, ha expresado repetidamente su determinaci\u00f3n a no tirar la toalla, pese a las presiones del poderoso entorno futbol\u00edstico alem\u00e1n.<br \/>\nLas tensiones entre el presidente de la\u00a0FIFA\u00a0y Alemania se han acentuado tras la ratificaci\u00f3n de la existencia de sobornos de la empresa ISL a Joao Havelange y Ricardo Texeira, de los que Blatter tuvo conocimiento, seg\u00fan el auto de sobreseimiento de la causa abierta en Suiza por pagos indebidos.<br \/>\nEl propio Blatter admiti\u00f3, en una reciente entrevista con\u00a0FIFA.com, que \u00e9l es el an\u00f3nimo &#8220;P1&#8221; que aparece en el auto de sobreseimiento de la instrucci\u00f3n penal abierta por la Fiscal\u00eda del cant\u00f3n suizo de Zug por &#8220;gesti\u00f3n desleal&#8221; de la\u00a0FIFA, &#8220;apropiaci\u00f3n indebida y eventualmente gesti\u00f3n desleal&#8221; de Havelange y Teixeira.<br \/>\nLa aclaraci\u00f3n sobre la identidad de &#8220;P1&#8221; por Blatter se produjo tras la resoluci\u00f3n judicial del tribunal federal suizo que autoriz\u00f3 la consulta del auto de archivo del caso ISL.<br \/>\n&#8220;P1&#8221; (Blatter) aparece citado en tres ocasiones en el documento hecho p\u00fablico por la\u00a0FIFA, el pasado mi\u00e9rcoles.<br \/>\nEl auto revela que Teixeira percibi\u00f3 de ISL al menos 12,74 millones de francos suizos (13 millones de d\u00f3lares al cambio actual) entre 1992 y 1997 y Havelange 1,5 millones de francos suizos (1,53 millones de d\u00f3lares) en 1997.<br \/>\nEl documento no se pod\u00eda divulgar desde junio de 2010, poco despu\u00e9s que la fiscal\u00eda, la\u00a0FIFA\u00a0y dos de los hombres m\u00e1s poderosos del f\u00fatbol mundial lograron un acuerdo para archivar el caso.<br \/>\nHavelange fue presidente de la\u00a0FIFA\u00a0entre 1974 y 1998. Teixeira dirigi\u00f3 el f\u00fatbol brasile\u00f1o entre 1989 y marzo de 2012.<\/p>\n","protected":false},"excerpt":{"rendered":"<p>El m\u00e1ximo responsable del Comit\u00e9 Organizador del Mundial 2006, Franz Beckenbauer, rechaz\u00f3 este lunes las insinuaciones del presidente de la FIFA, Joseph Blatter, de que Alemania &#8220;compr\u00f3&#8221; la adjudicaci\u00f3n de ese torneo, afirmaci\u00f3n que ha desatado un vendaval en el mundo futbol\u00edstico local.<\/p>\n","protected":false},"author":1,"featured_media":400280,"comment_status":"open","ping_status":"open","sticky":false,"template":"","format":"standard","meta":{"footnotes":""},"categories":[28],"tags":[4043,2461,4044,4045],"class_list":["post-400279","post","type-post","status-publish","format-standard","has-post-thumbnail","hentry","category-deportes","tag-blatter","tag-escandalo","tag-fifa","tag-sobornos"],"_links":{"self":[{"href":"https:\/\/diarioelpopular.com\/index.php\/wp-json\/wp\/v2\/posts\/400279","targetHints":{"allow":["GET"]}}],"collection":[{"href":"https:\/\/diarioelpopular.com\/index.php\/wp-json\/wp\/v2\/posts"}],"about":[{"href":"https:\/\/diarioelpopular.com\/index.php\/wp-json\/wp\/v2\/types\/post"}],"author":[{"embeddable":true,"href":"https:\/\/diarioelpopular.com\/index.php\/wp-json\/wp\/v2\/users\/1"}],"replies":[{"embeddable":true,"href":"https:\/\/diarioelpopular.com\/index.php\/wp-json\/wp\/v2\/comments?post=400279"}],"version-history":[{"count":0,"href":"https:\/\/diarioelpopular.com\/index.php\/wp-json\/wp\/v2\/posts\/400279\/revisions"}],"wp:featuredmedia":[{"embeddable":true,"href":"https:\/\/diarioelpopular.com\/index.php\/wp-json\/"}],"wp:attachment":[{"href":"https:\/\/diarioelpopular.com\/index.php\/wp-json\/wp\/v2\/media?parent=400279"}],"wp:term":[{"taxonomy":"category","embeddable":true,"href":"https:\/\/diarioelpopular.com\/index.php\/wp-json\/wp\/v2\/categories?post=400279"},{"taxonomy":"post_tag","embeddable":true,"href":"https:\/\/diarioelpopular.com\/index.php\/wp-json\/wp\/v2\/tags?post=400279"}],"curies":[{"name":"wp","href":"https:\/\/api.w.org\/{rel}","templated":true}]}}