{"id":400753,"date":"2012-07-19T22:39:16","date_gmt":"2012-07-20T02:39:16","guid":{"rendered":"http:\/\/diarioelpopular.com\/?p=400753"},"modified":"2012-07-19T22:39:16","modified_gmt":"2012-07-20T02:39:16","slug":"los-colombianos-en-espana-resisten-bien-a-la-crisis-destaca-su-embajador","status":"publish","type":"post","link":"https:\/\/diarioelpopular.com\/index.php\/2012\/07\/19\/los-colombianos-en-espana-resisten-bien-a-la-crisis-destaca-su-embajador\/","title":{"rendered":"Los colombianos en Espa\u00f1a resisten bien a la crisis, destaca su embajador"},"content":{"rendered":"<div id=\"attachment_400754\" style=\"width: 710px\" class=\"wp-caption aligncenter\"><a href=\"https:\/\/diarioelpopular.com\/wp-content\/uploads\/2012\/07\/web.esp_.col_.jpg\"><img loading=\"lazy\" decoding=\"async\" aria-describedby=\"caption-attachment-400754\" class=\"size-full wp-image-400754\" title=\"web.esp.col\" src=\"https:\/\/diarioelpopular.com\/wp-content\/uploads\/2012\/07\/web.esp_.col_.jpg\" alt=\"\" width=\"700\" height=\"420\" \/><\/a><p id=\"caption-attachment-400754\" class=\"wp-caption-text\">MADRID.- El embajador deColombia en Madrid, Orlando Sardi de Lima, durante la entrevista que ha concedido este jueves en la que destaca que los cerca de 400.000 colombianos residentes en Espa\u00f1a resisten bien a la crisis y est\u00e1n &quot;muy bien arraigados&quot; en la sociedad espa\u00f1ola, lo que podr\u00eda explicar que sea una de las comunidades de inmigrantes de menor retorno.<\/p><\/div>\n<p><strong><em>Madrid.-<\/em><\/strong> Los cerca de 400.000 colombianos residentes en Espa\u00f1a resisten bien a la crisis y est\u00e1n &#8220;muy bien arraigados&#8221; en la sociedad espa\u00f1ola, lo que podr\u00eda explicar que sea una de las comunidades de inmigrantes de menor retorno, seg\u00fan destaca el embajador de Colombia en Madrid, Orlando Sardi de Lima.<\/p>\n<p>En una entrevista,este jueves, en v\u00edsperas de la Fiesta nacional colombiana, que conmemora este viernes la independencia del pa\u00eds en 1810, Sardi de Lima afirma que, a pesar de no tener cifras concretas, en general &#8220;no hemos detectado un \u00e9xodo masivo de compatriotas a Colombia donde, de todas maneras, ser\u00e1n siempre bienvenidos&#8221;.<br \/>\n&#8220;Es muy dif\u00edcil establecer cifras exactas, porque no todo el mundo informa de que se va y por qu\u00e9 se va. Realmente saber si la persona regresa a Colombia a permanecer o si es un viaje de visita de verano o de turismo es dif\u00edcil&#8221;, puntualiza.<br \/>\nEl embajador colombiano, que cumple ahora a\u00f1o y medio al frente de la legaci\u00f3n de su pa\u00eds en Madrid, destaca que sus compatriotas han sido recibidos &#8220;con los brazos abiertos&#8221; en Espa\u00f1a y que se encuentran muy integrados con los espa\u00f1oles.<br \/>\nColombia mantiene siete consulados en territorio espa\u00f1ol y &#8220;una muy activa interrelaci\u00f3n con sus inmigrantes&#8221;, seg\u00fan Sardi de Lima, qui\u00e9n anunci\u00f3 que a partir de ahora cuentan adem\u00e1s con un octavo consulado &#8220;volante&#8221;.<br \/>\n&#8220;Se trata de un autob\u00fas que atender\u00e1 a los que se tendr\u00edan que desplazar a las principales ciudades como Madrid, Sevilla o Barcelona para realizar tr\u00e1mites, con el consiguiente costo de tiempo y dinero&#8221;, explica.<br \/>\nEn Espa\u00f1a la Canciller\u00eda colombiana est\u00e1 llevando a cabo un &#8220;proyecto piloto&#8221;, que empez\u00f3 el a\u00f1o pasado y va a terminar este a\u00f1o instal\u00e1ndose &#8220;al cien por cien&#8221; en todos los consulados de Madrid para luego replicarlo en el resto del mundo, seg\u00fan el embajador.<br \/>\nPara el segundo semestre de este a\u00f1o, el objetivo de la sede diplom\u00e1tica es &#8220;fortalecer la exportaci\u00f3n de productos colombianos a Espa\u00f1a e incrementar el turismo espa\u00f1ol en Colombia&#8221;.<br \/>\n&#8220;Colombia es un pa\u00eds con un grand\u00edsimo potencial tur\u00edstico y Espa\u00f1a es un maestro mundial en ese campo. Tres millones de turistas nos visitan al a\u00f1o, pero tenemos contenido de todo orden que debe despertar el inter\u00e9s de miles de visitantes extranjeros&#8221;, se\u00f1ala.<br \/>\nEn cuanto a las relaciones entre Espa\u00f1a y Colombia el embajador afirm\u00f3 que son &#8220;pa\u00edses hermanos, que han tenido una historia de cooperaci\u00f3n muy fuerte, much\u00edsimos convenios y relaciones en el pasado que van a continuar y a fortalecerse&#8221;.<br \/>\n&#8220;Empezamos con unas relaciones pol\u00edticas muy interesantes, muy cercanas. Tanto con el Gobierno espa\u00f1ol saliente como con el entrante hemos mantenido las mejores relaciones&#8221;.<br \/>\nDesde el punto de vista empresarial, detalla que Colombia &#8220;est\u00e1 muy interesada en incrementar la inversi\u00f3n extranjera, y con nuestra actual situaci\u00f3n pol\u00edtica y financiera el inter\u00e9s espa\u00f1ol ha aumentado&#8221;.<br \/>\n&#8220;Cuando llegu\u00e9 a Madrid hab\u00eda alrededor de 150 empresas espa\u00f1olas en todo Colombia y ahora hay m\u00e1s de 300, todas buscando el beneficio mutuo, eso es muy significativo&#8221;, se\u00f1ala.<br \/>\nComo parte de las celebraciones de la Fiesta Nacional, la embajada en Madrid ofrece hoy una recepci\u00f3n a la que asistir\u00e1n, autoridades, representantes diplom\u00e1ticos y del mundo de los negocios y la cultura en la capital espa\u00f1ola.<br \/>\nEste viernes viernes, como cada a\u00f1o, ser\u00e1 presentada una ofrenda floral junto a la estatua de Sim\u00f3n Bol\u00edvar en el Parque del Oeste de Madrid.<br \/>\nLas celebraciones continuar\u00e1n todo el fin de semana con talleres para ni\u00f1os y fiestas organizadas por las asociaciones de colombianos residentes en Espa\u00f1a.<\/p>\n","protected":false},"excerpt":{"rendered":"<p>Los cerca de 400.000 colombianos residentes en Espa\u00f1a resisten bien a la crisis y est\u00e1n &#8220;muy bien arraigados&#8221; en la sociedad espa\u00f1ola, lo que podr\u00eda explicar que sea una de las comunidades de inmigrantes de menor retorno, seg\u00fan destaca el embajador de Colombia en Madrid, Orlando Sardi de Lima.<\/p>\n","protected":false},"author":1,"featured_media":400754,"comment_status":"open","ping_status":"open","sticky":false,"template":"","format":"standard","meta":{"footnotes":""},"categories":[23,24],"tags":[486,4109,444],"class_list":["post-400753","post","type-post","status-publish","format-standard","has-post-thumbnail","hentry","category-latinoamerica","category-mundo","tag-colombia","tag-embajador","tag-espana"],"_links":{"self":[{"href":"https:\/\/diarioelpopular.com\/index.php\/wp-json\/wp\/v2\/posts\/400753","targetHints":{"allow":["GET"]}}],"collection":[{"href":"https:\/\/diarioelpopular.com\/index.php\/wp-json\/wp\/v2\/posts"}],"about":[{"href":"https:\/\/diarioelpopular.com\/index.php\/wp-json\/wp\/v2\/types\/post"}],"author":[{"embeddable":true,"href":"https:\/\/diarioelpopular.com\/index.php\/wp-json\/wp\/v2\/users\/1"}],"replies":[{"embeddable":true,"href":"https:\/\/diarioelpopular.com\/index.php\/wp-json\/wp\/v2\/comments?post=400753"}],"version-history":[{"count":0,"href":"https:\/\/diarioelpopular.com\/index.php\/wp-json\/wp\/v2\/posts\/400753\/revisions"}],"wp:featuredmedia":[{"embeddable":true,"href":"https:\/\/diarioelpopular.com\/index.php\/wp-json\/"}],"wp:attachment":[{"href":"https:\/\/diarioelpopular.com\/index.php\/wp-json\/wp\/v2\/media?parent=400753"}],"wp:term":[{"taxonomy":"category","embeddable":true,"href":"https:\/\/diarioelpopular.com\/index.php\/wp-json\/wp\/v2\/categories?post=400753"},{"taxonomy":"post_tag","embeddable":true,"href":"https:\/\/diarioelpopular.com\/index.php\/wp-json\/wp\/v2\/tags?post=400753"}],"curies":[{"name":"wp","href":"https:\/\/api.w.org\/{rel}","templated":true}]}}