{"id":401120,"date":"2012-07-22T20:46:38","date_gmt":"2012-07-23T00:46:38","guid":{"rendered":"http:\/\/diarioelpopular.com\/?p=401120"},"modified":"2012-07-22T20:46:38","modified_gmt":"2012-07-23T00:46:38","slug":"wiggins-levanta-la-primera-bandera-britanica-en-paris","status":"publish","type":"post","link":"https:\/\/diarioelpopular.com\/index.php\/2012\/07\/22\/wiggins-levanta-la-primera-bandera-britanica-en-paris\/","title":{"rendered":"Wiggins levanta la primera bandera brit\u00e1nica en Par\u00eds"},"content":{"rendered":"<div id=\"attachment_401121\" style=\"width: 715px\" class=\"wp-caption aligncenter\"><a href=\"https:\/\/diarioelpopular.com\/wp-content\/uploads\/2012\/07\/web.wiggins.jpg\"><img loading=\"lazy\" decoding=\"async\" aria-describedby=\"caption-attachment-401121\" class=\"size-full wp-image-401121\" title=\"web.wiggins\" src=\"https:\/\/diarioelpopular.com\/wp-content\/uploads\/2012\/07\/web.wiggins.jpg\" alt=\"\" width=\"705\" height=\"420\" \/><\/a><p id=\"caption-attachment-401121\" class=\"wp-caption-text\">PARIS (FRANCIA), 22\/07\/2012.- El ciclista brit\u00e1nico del equipo Sky Bradley Wiggins, a hombros de sus compa\u00f1eros y arropado con una bandera brit\u00e1nica celebran su victoria tras la vig\u00e9sima y \u00faltima etapa delTour de Francia 2012, disputada entre Rambouillet y Par\u00eds, Francia, este d\u00eda 22 de julio de 2012.<\/p><\/div>\n<p>Carlos de Torres<\/p>\n<p><strong><em>Par\u00eds (Francia).-<\/em><\/strong> Bradley\u00a0Wiggins\u00a0(Sky) ya est\u00e1 inscrito en el libro de oro del Tour de Francia al convertirse en el primer ciclista brit\u00e1nico que gana la carrera, una vez disputada la vig\u00e9sima y \u00faltima etapa, un tr\u00e1mite de 120 kil\u00f3metros entre Rambouillet y Par\u00eds que culmin\u00f3 con la victoria al esprint de su compatriota Mark Cavendish, que redonde\u00f3 la fiesta del Sky.<\/p>\n<p>Cavendish entr\u00f3 se\u00f1alando con los dedos las cuatro victorias en Par\u00eds sobre las 23 que tiene en el Tour. Un esprint lejano, de nuevo impresionante del ciclista de Man, el primero que gana en esta ciudad con el maillot arco iris de campe\u00f3n mundial.<\/p>\n<p>Gan\u00f3 el \u00faltimo pulso al eslovaco Peter Sagan (Liquigas) y al australiano Matthew Goss (Orica). Un regalo deWiggins, que le prepar\u00f3 el esprint y un regalo para\u00a0Wiggins, que cruz\u00f3 la l\u00ednea abrazando la gloria de ganar la carrera m\u00e1s importante del mundo.<\/p>\n<p>A cinco d\u00edas del comienzo de los Juegos Ol\u00edmpicos, Bradley Marc\u00a0Wiggins, nacido hace 32 a\u00f1os en Gante (B\u00e9lgica), ha adelantado la primera medalla de oro para Gran Breta\u00f1a en la centenaria prueba francesa.<\/p>\n<p>Nunca un brit\u00e1nico hab\u00eda subido a ning\u00fan escal\u00f3n del podio. Su fuerza contrarreloj, un equipo inabordable y la ayuda determinante de su compatriota Chris Froome, han sido las bases de un \u00e9xito sin precedentes.<\/p>\n<p>Wiggins, un &#8220;personaje muy complejo&#8221;, seg\u00fan Shane Sutton, preparador f\u00edsico del Sky no ha hecho sino ratificar su condici\u00f3n de favorito en un Tour dise\u00f1ado a su medida, con 100 kil\u00f3metros contrarreloj, su punto fuerte. El doble campe\u00f3n ol\u00edmpico y triple mundial en pista arras\u00f3 en las citas claves de Besan\u00e7on u Chartres y aguant\u00f3 en la monta\u00f1a con los mejores.<\/p>\n<p>Todo muy previsible en un a\u00f1o impecable del hijo de Gary, un australiano que corr\u00eda en pista y que muri\u00f3 en 2008 en extra\u00f1as circunstancias. &#8220;Gracias a mi padre soy ciclista&#8221;, recuerda. Lleg\u00f3 al Tour despu\u00e9s de haber ganado esta temporada la Par\u00eds-Niza, el Tour de Romand\u00eda y el Dauphin\u00e9, algo in\u00e9dito en la historia del ciclismo.<\/p>\n<p>En el pr\u00f3logo de Lieja cedi\u00f3 ante Fabian Cancellara por 7 segundos y en la s\u00e9ptima etapa ya se puso de l\u00edder en la Planche des Belles Filles, primer final en alto. Y de amarillo hasta los Campos El\u00edseos, donde escuch\u00f3 el &#8220;God Save the Queen&#8221; con todo respeto, lejos de la broma que solt\u00f3 el d\u00eda de la visita del presidente franc\u00e9s Fran\u00e7ois Holland. &#8220;Prefiero bailar en el podio un break dance con \u00e9l a escuchar el himno&#8221;, dijo.<\/p>\n<p>Wiiggins estuvo escoltado en el caj\u00f3n por Chris Froome y por Vincenzo Nibali. El primero de ellos el hombre fiel y obediente que tir\u00f3 del freno en la monta\u00f1a para no abandonar a su l\u00edder. Segundo en la Vuelta 2011 fue para muchos el m\u00e1s fuerte del Tour, pero se port\u00f3 como un buen empleado de la empresa Sky.<\/p>\n<p>Y el &#8220;Tibur\u00f3n&#8221; italiano, que fue el \u00fanico que atac\u00f3 la jerarqu\u00eda del equipo brit\u00e1nico, ya tiene un podio en las tres grandes, el m\u00e1s importante el primer puesto de la Vuelta 2010. Asegura que &#8220;los mejores a\u00f1os tienen que llegar&#8221;.<\/p>\n<p>Tambi\u00e9n fueron protagonistas del Tour la joya eslovaca Peter Sagan, que vuelve a casa con el maillot verde y tres triunfos de etapa. Y adem\u00e1s se quedar\u00e1 con el coche de lujo de su patr\u00f3n, que se lo prometi\u00f3 si alcanzaba los citados resultados. En la monta\u00f1a brill\u00f3 con el maillot de puntos rojos el &#8220;guerrillero&#8221; franc\u00e9s Thomas Voeckler, el mejor joven y maillot blanco fue el estadounidense Tejay Van Garderen y el equipo n\u00famero uno el Radioshack.<\/p>\n<p>Respecto a los espa\u00f1oles la cosecha se reduce a la sexta plaza de Haimar Zubeldia (Radioshack), que a punto estuvo de dejar el ciclismo hace tres meses por una cardiopat\u00eda, y a las dos etapas ganadas por los murcianos Luis Le\u00f3n S\u00e1nchez y Alejandro Valverde. Un par\u00f3n despu\u00e9s de a\u00f1os de gloria, con los triunfos de Oscar Pereiro (2006), Alberto Contador (2007 y 2009) y Carlos Sastre (2008).<\/p>\n<p>Para la pr\u00f3xima edici\u00f3n, que ser\u00e1 la n\u00famero 100, la organizaci\u00f3n ya sue\u00f1a con el duelo a cuatro bandas:Wiggins, Froome, Contador y Andy Schleck. Si el tiempo y las circunstancias lo permiten.<\/p>\n","protected":false},"excerpt":{"rendered":"<p>Bradley Wiggins (Sky) ya est\u00e1 inscrito en el libro de oro del Tour de Francia al convertirse en el primer ciclista brit\u00e1nico que gana la carrera, una vez disputada la vig\u00e9sima y \u00faltima etapa, un tr\u00e1mite de 120 kil\u00f3metros entre Rambouillet y Par\u00eds que culmin\u00f3 con la victoria al esprint de su compatriota Mark Cavendish, que redonde\u00f3 la fiesta del Sky.<\/p>\n","protected":false},"author":1,"featured_media":401121,"comment_status":"open","ping_status":"open","sticky":false,"template":"","format":"standard","meta":{"footnotes":""},"categories":[28],"tags":[1215,183,1481,4052],"class_list":["post-401120","post","type-post","status-publish","format-standard","has-post-thumbnail","hentry","category-deportes","tag-ciclismo","tag-francia","tag-tour","tag-wiggins"],"_links":{"self":[{"href":"https:\/\/diarioelpopular.com\/index.php\/wp-json\/wp\/v2\/posts\/401120","targetHints":{"allow":["GET"]}}],"collection":[{"href":"https:\/\/diarioelpopular.com\/index.php\/wp-json\/wp\/v2\/posts"}],"about":[{"href":"https:\/\/diarioelpopular.com\/index.php\/wp-json\/wp\/v2\/types\/post"}],"author":[{"embeddable":true,"href":"https:\/\/diarioelpopular.com\/index.php\/wp-json\/wp\/v2\/users\/1"}],"replies":[{"embeddable":true,"href":"https:\/\/diarioelpopular.com\/index.php\/wp-json\/wp\/v2\/comments?post=401120"}],"version-history":[{"count":0,"href":"https:\/\/diarioelpopular.com\/index.php\/wp-json\/wp\/v2\/posts\/401120\/revisions"}],"wp:featuredmedia":[{"embeddable":true,"href":"https:\/\/diarioelpopular.com\/index.php\/wp-json\/"}],"wp:attachment":[{"href":"https:\/\/diarioelpopular.com\/index.php\/wp-json\/wp\/v2\/media?parent=401120"}],"wp:term":[{"taxonomy":"category","embeddable":true,"href":"https:\/\/diarioelpopular.com\/index.php\/wp-json\/wp\/v2\/categories?post=401120"},{"taxonomy":"post_tag","embeddable":true,"href":"https:\/\/diarioelpopular.com\/index.php\/wp-json\/wp\/v2\/tags?post=401120"}],"curies":[{"name":"wp","href":"https:\/\/api.w.org\/{rel}","templated":true}]}}