{"id":401422,"date":"2012-07-24T22:58:43","date_gmt":"2012-07-25T02:58:43","guid":{"rendered":"http:\/\/diarioelpopular.com\/?p=401422"},"modified":"2012-07-24T22:58:43","modified_gmt":"2012-07-25T02:58:43","slug":"andres-parra-necesito-ayuda-psicologica","status":"publish","type":"post","link":"https:\/\/diarioelpopular.com\/index.php\/2012\/07\/24\/andres-parra-necesito-ayuda-psicologica\/","title":{"rendered":"Andr\u00e9s Parra necesit\u00f3 ayuda psicol\u00f3gica"},"content":{"rendered":"<div id=\"attachment_401423\" style=\"width: 710px\" class=\"wp-caption aligncenter\"><a href=\"https:\/\/diarioelpopular.com\/wp-content\/uploads\/2012\/07\/web.pablo-avion.jpg\"><img loading=\"lazy\" decoding=\"async\" aria-describedby=\"caption-attachment-401423\" class=\"size-full wp-image-401423\" title=\"web.pablo-avion\" src=\"https:\/\/diarioelpopular.com\/wp-content\/uploads\/2012\/07\/web.pablo-avion.jpg\" alt=\"\" width=\"700\" height=\"420\" \/><\/a><p id=\"caption-attachment-401423\" class=\"wp-caption-text\">&quot;Me costaba mucho trabajo entender la personalidad tan contradictoria de Escobar. Siempre baso mis personajes en un enorme trabajo de investigaci\u00f3n, pero en este caso tuve que solicitar ayuda profesional .<\/p><\/div>\n<p>Miami (EE.UU.).- Andr\u00e9s Parra, el actor colombiano que interpreta el personaje principal en la teleserie &#8220;Pablo Escobar, el patr\u00f3n del mal&#8221;, revel\u00f3 que este papel lo oblig\u00f3 a buscar ayuda de psic\u00f3logos para entender la personalidad del narcotraficante.<\/p>\n<p>Basada en el libro &#8220;La Par\u00e1bola de Pablo&#8221;, de Alonso Salazar, y contada desde el punto de vista de algunas de sus v\u00edctimas, la serie narra el origen humilde de Escobar, sus inicios como delincuente y su llegada a la cima del narcotr\u00e1fico hasta convertirse en uno de los hombres m\u00e1s poderosos y buscados en la historia.<br \/>\n&#8220;Me costaba mucho trabajo entender la personalidad tan contradictoria de Escobar. Siempre baso mis personajes en un enorme trabajo de investigaci\u00f3n, pero en este caso tuve que solicitar ayuda profesional de psic\u00f3logos, algo a lo que nunca antes hab\u00eda recurrido para poder interpretar un papel&#8221;, dijo el actor.<br \/>\nEl int\u00e9rprete, de 35 a\u00f1os, nacido en Cali y criado en Bogot\u00e1, descubri\u00f3 en esas sesiones algo as\u00ed como la clave psicol\u00f3gica de Escobar: entender los procesos mentales que lo reg\u00edan y lo motivaban a actuar esclareci\u00f3 un poco el misterio.<br \/>\n&#8220;Estos individuos son un poco como &#8216;autodioses&#8217;; ellos tienen la capacidad de crear sus propias normas \u00e9ticas y morales que los benefician solo a ellos. No forman parte de la sociedad. De cierta manera, ellos crean su propio universo en el que los asesinatos y el terrorismo est\u00e1n bien; es parte de lo que tienen que hacer&#8221;, apunt\u00f3.<br \/>\nEsto ayud\u00f3 a Parra a transformarse en una de las figuras m\u00e1s temidas del mundo del narcotr\u00e1fico. Es por esta capacidad camale\u00f3nica que Luis Alberto Restrepo, el director de la telenovela &#8220;La Bruja&#8221; (2011), en la que actu\u00f3 Parra, apost\u00f3 por el actor colombiano.<br \/>\nRestrepo describe a Parra como &#8220;un actor fuera de serie, un tipo con una capacidad impresionante. Aparenta una cara bondadosa, pero cuando entra a actuar borra todo eso&#8221;.<\/p>\n<div id=\"attachment_401424\" style=\"width: 710px\" class=\"wp-caption aligncenter\"><a href=\"https:\/\/diarioelpopular.com\/wp-content\/uploads\/2012\/07\/web.pablopablo.jpg\"><img loading=\"lazy\" decoding=\"async\" aria-describedby=\"caption-attachment-401424\" class=\"size-full wp-image-401424\" title=\"web.pablo,pablo\" src=\"https:\/\/diarioelpopular.com\/wp-content\/uploads\/2012\/07\/web.pablopablo.jpg\" alt=\"\" width=\"700\" height=\"420\" \/><\/a><p id=\"caption-attachment-401424\" class=\"wp-caption-text\">&quot;Estos individuos son un poco como &#039;autodioses&#039;; ellos tienen la capacidad de crear sus propias normas \u00e9ticas y morales que los benefician solo a ellos. No forman parte de la sociedad.<\/p><\/div>\n<p>Parra neg\u00f3 que &#8220;El patr\u00f3n del mal&#8221;, que se retransmite por la cadena Caracol en Colombia y Telemundo en Estados Unidos, pueda suponer una especie de glorificaci\u00f3n de Escobar y que llegue, incluso, a convertirla en un h\u00e9roe para cierto sector del p\u00fablico que no conoce toda la historia.<br \/>\n&#8220;Creo que lejos de glorificar, esta serie muestra la realidad detr\u00e1s de la imagen de poder. No mostramos a Escobar en Bahamas, disfrutando y rodeado de mujeres, viviendo tranquilo; mucha gente desconoce el terror y el da\u00f1o a la sociedad que \u00e9l hizo y ser\u00eda bueno que las personas, sobre todo las nuevas generaciones, conozcan esto&#8221;, dijo.<br \/>\nAndr\u00e9s Parra comenz\u00f3 su carrera a los 11 a\u00f1os como actor aficionado. M\u00e1s tarde, ya actuando como profesional, se dio a conocer en importantes series como &#8220;El Cartel&#8221; y la pel\u00edcula &#8220;La pasi\u00f3n de Gabriel&#8221;, en la que interpret\u00f3 a un sacerdote que intenta seguir los pasos de Cristo en medio del conflicto colombiano.<br \/>\nPero, aunque prefiere los papeles fuertes y logra desaparecer dentro de ellos, Parra asegur\u00f3 que \u00e9l no es uno de esos actores que se llevan el personaje a casa.<br \/>\n&#8220;Confieso que no he tenido ese mal. Si te dejas afectar de tal manera que no puedes despojarte del personaje, creo que es da\u00f1ino para el actor. Es equivalente a un cirujano que se desmaya con la sangre. Si es as\u00ed, ded\u00edcate a otra cosa&#8221;, opin\u00f3.<br \/>\nLejos de las c\u00e1maras, Parra se describe como un hombre solitario, hogare\u00f1o, que disfruta del silencio y de las cosas m\u00e1s sencillas, como dormir hasta tarde, ver pel\u00edculas y navegar por internet.<br \/>\n&#8220;Me encanta perder el tiempo despu\u00e9s del trabajo; dormir hasta tarde, estar con mi hijo; llevo una vida com\u00fan y corriente&#8221;, revel\u00f3.<br \/>\nFiel a esa filosof\u00eda de vivir relajado y sin presiones, Parra expres\u00f3 que cuando termine de filmar este personaje desea descansar y, sobre todo, &#8220;no pensar tanto&#8221;.<br \/>\n&#8220;Yo dejo que la vida me vaya poniendo las cosas en el camino; no me gusta planear mucho&#8221;, dijo para terminar.<\/p>\n<div id=\"attachment_401425\" style=\"width: 710px\" class=\"wp-caption aligncenter\"><a href=\"https:\/\/diarioelpopular.com\/wp-content\/uploads\/2012\/07\/web.dos-pablos.jpg\"><img loading=\"lazy\" decoding=\"async\" aria-describedby=\"caption-attachment-401425\" class=\"size-full wp-image-401425\" title=\"web.dos-pablos\" src=\"https:\/\/diarioelpopular.com\/wp-content\/uploads\/2012\/07\/web.dos-pablos.jpg\" alt=\"\" width=\"700\" height=\"420\" \/><\/a><p id=\"caption-attachment-401425\" class=\"wp-caption-text\">&quot;Creo que lejos de glorificar, esta serie muestra la realidad detr\u00e1s de la imagen de poder.<\/p><\/div>\n","protected":false},"excerpt":{"rendered":"<p>Andr\u00e9s Parra, el actor colombiano que interpreta el personaje principal en la teleserie &#8220;Pablo Escobar, el patr\u00f3n del mal&#8221;, revel\u00f3 que este papel lo oblig\u00f3 a buscar ayuda de psic\u00f3logos para entender la personalidad del narcotraficante.<\/p>\n","protected":false},"author":1,"featured_media":401423,"comment_status":"open","ping_status":"open","sticky":false,"template":"","format":"standard","meta":{"footnotes":""},"categories":[80,23],"tags":[2696,4188,3927,3928,3929,283],"class_list":["post-401422","post","type-post","status-publish","format-standard","has-post-thumbnail","hentry","category-cine-2","category-latinoamerica","tag-del","tag-escobar","tag-mal","tag-pablo","tag-patron","tag-television"],"_links":{"self":[{"href":"https:\/\/diarioelpopular.com\/index.php\/wp-json\/wp\/v2\/posts\/401422","targetHints":{"allow":["GET"]}}],"collection":[{"href":"https:\/\/diarioelpopular.com\/index.php\/wp-json\/wp\/v2\/posts"}],"about":[{"href":"https:\/\/diarioelpopular.com\/index.php\/wp-json\/wp\/v2\/types\/post"}],"author":[{"embeddable":true,"href":"https:\/\/diarioelpopular.com\/index.php\/wp-json\/wp\/v2\/users\/1"}],"replies":[{"embeddable":true,"href":"https:\/\/diarioelpopular.com\/index.php\/wp-json\/wp\/v2\/comments?post=401422"}],"version-history":[{"count":0,"href":"https:\/\/diarioelpopular.com\/index.php\/wp-json\/wp\/v2\/posts\/401422\/revisions"}],"wp:featuredmedia":[{"embeddable":true,"href":"https:\/\/diarioelpopular.com\/index.php\/wp-json\/"}],"wp:attachment":[{"href":"https:\/\/diarioelpopular.com\/index.php\/wp-json\/wp\/v2\/media?parent=401422"}],"wp:term":[{"taxonomy":"category","embeddable":true,"href":"https:\/\/diarioelpopular.com\/index.php\/wp-json\/wp\/v2\/categories?post=401422"},{"taxonomy":"post_tag","embeddable":true,"href":"https:\/\/diarioelpopular.com\/index.php\/wp-json\/wp\/v2\/tags?post=401422"}],"curies":[{"name":"wp","href":"https:\/\/api.w.org\/{rel}","templated":true}]}}