{"id":401829,"date":"2012-07-27T12:30:59","date_gmt":"2012-07-27T16:30:59","guid":{"rendered":"http:\/\/diarioelpopular.com\/?p=401829"},"modified":"2012-07-27T12:30:59","modified_gmt":"2012-07-27T16:30:59","slug":"el-desempleo-sigue-su-escalada-en-espana-y-alcanza-el-2463","status":"publish","type":"post","link":"https:\/\/diarioelpopular.com\/index.php\/2012\/07\/27\/el-desempleo-sigue-su-escalada-en-espana-y-alcanza-el-2463\/","title":{"rendered":"El desempleo sigue su escalada en Espa\u00f1a y alcanza el 24,63 %"},"content":{"rendered":"<div id=\"attachment_401830\" style=\"width: 810px\" class=\"wp-caption aligncenter\"><a href=\"https:\/\/diarioelpopular.com\/wp-content\/uploads\/2012\/07\/20120727_634789988575091080w.jpg\"><img loading=\"lazy\" decoding=\"async\" aria-describedby=\"caption-attachment-401830\" class=\"size-full wp-image-401830\" title=\"20120727_634789988575091080w\" src=\"https:\/\/diarioelpopular.com\/wp-content\/uploads\/2012\/07\/20120727_634789988575091080w.jpg\" alt=\"\" width=\"800\" height=\"533\" \/><\/a><p id=\"caption-attachment-401830\" class=\"wp-caption-text\">MADRID.- Oficina de empleo de la calle Orense de Madrid, este viernes d\u00eda en el que se han dado a conocer los datos de la Encuesta de Poblaci\u00f3n Activa correspondientes al segundo trimestre del a\u00f1o, que reflejan que el n\u00famero de desempleados aument\u00f3 en 53.500 personas, hasta los 5.693.100, con la tasa de desempleo en el 24,63 por ciento de la poblaci\u00f3n activa.<\/p><\/div>\n<p>Mar\u00eda Luisa Gonz\u00e1lez<\/p>\n<div id=\"texto\">\n<div>\n<p><strong><em>Madrid.-<\/em><\/strong> La crisis sigue destruyendo puestos de trabajo en Espa\u00f1a, donde el desempleo creci\u00f3 en el segundo trimestre del a\u00f1o hasta afectar al 24,63 % de la poblaci\u00f3n activa, porcentaje que supera el 53 % entre los j\u00f3venes.<\/p>\n<p>Estas cifras mantienen a Espa\u00f1a como el pa\u00eds con mayor porcentaje de desempleados de los 27 socios de la Uni\u00f3n Europea, que registra de media el 10,3 por ciento (el 11,1 % en la zona del euro).<\/p>\n<p>Los \u00faltimos datos de la Encuesta de Poblaci\u00f3n Activa (EPA) del Instituto Nacional de Estad\u00edstica muestran el \u00e1ngulo m\u00e1s duro de la recesi\u00f3n econ\u00f3mica que atraviesa el pa\u00eds, con un aument\u00f3 del n\u00famero de desempleados de 53.500 personas entre los meses de abril y junio, hasta alcanzar la cifra r\u00e9cord de 5.693.100 afectados.<\/p>\n<p>Tradicionalmente, esos meses eran propicios para la creaci\u00f3n de empleo asociada a los nuevos contratos del comienzo de la temporada tur\u00edstica estival.<\/p>\n<p>Seg\u00fan los datos de la EPA, entre abril y junio se alcanz\u00f3 ya la tasa de desempleo prevista por el Gobierno para todo el a\u00f1o, el 24,6 por ciento.<\/p>\n<p>Entre los extranjeros, sin embargo, se registr\u00f3 un descenso en 59.700 personas respecto al trimestre anterior, hasta situar el total de desempleados en 1.233.400, el 35,76 %.<\/p>\n<p>Las cifras muestran tambi\u00e9n un incremento del n\u00famero de hogares con todos sus miembros en paro, que se situ\u00f3 en 1.737.600, lo que supone 9.300 m\u00e1s que en el trimestre anterior y 370.200 m\u00e1s que hace un a\u00f1o.<\/p>\n<p>Por sectores, el paro creci\u00f3 en la Industria y la Agricultura, y experiment\u00f3 un descenso en los Servicios y en la Construcci\u00f3n.<\/p>\n<p>El dato relativo a la Construcci\u00f3n es significativo ya que este sector se derrumb\u00f3 con el pinchazo de la &#8220;burbuja&#8221; inmobiliaria, lo que supuso graves repercusiones en la econom\u00eda espa\u00f1ola y se tradujo en una gran destrucci\u00f3n de empleo tras haber sido el motor econ\u00f3mico.<\/p>\n<p>La vicepresidenta y portavoz del Gobierno, Soraya S\u00e1enz de Santamar\u00eda, descart\u00f3 este viernes que el Ejecutivo que preside Mariano Rajoy vaya a modificar sus pol\u00edticas ante estas cifras, que dijo &#8220;tienen su origen en la recesi\u00f3n que vivimos&#8221;.<\/p>\n<p>La econom\u00eda espa\u00f1ola atraviesa una nueva etapa de recesi\u00f3n, en la que el Gobierno prev\u00e9 un decrecimiento de la actividad econ\u00f3mica para este a\u00f1o del 1,5 por ciento del PIB.<\/p>\n<p>Para 2013, contempla que seguir\u00e1 en recesi\u00f3n, con una ca\u00edda estimada del 0,5 %, seg\u00fan las previsiones que adelant\u00f3 el ministro de Hacienda, Crist\u00f3bal Montoro, el pasado 20 de julio, que traz\u00f3 un un escenario en el que se comienza a vislumbrar la recuperaci\u00f3n en 2014.<\/p>\n<p>El planteamiento del Ejecutivo es que para volver a crecer y a crear empleo es imprescindible &#8220;controlar el d\u00e9ficit p\u00fablico&#8221;, porque &#8220;o cumplimos con el objetivo de d\u00e9ficit o no hay salida de la crisis&#8221;, se\u00f1al\u00f3 hoy la vicepresidenta y portavoz, Soraya S\u00e1enz de Santamar\u00eda.<\/p>\n<p>Para este a\u00f1o, Espa\u00f1a tiene que reducir su d\u00e9ficit al 6,3 % del PIB, desde el 8,9 con que cerr\u00f3 2011; para 2013, tendr\u00e1 de dejarlo en el 4,5 % con el fin de alcanzar en 2014 el 3 %, lo que supone fuerte recortes en el gasto p\u00fablico.<\/p>\n<p>La &#8220;n\u00famero dos&#8221; del Gobierno insisti\u00f3 tambi\u00e9n en que hay que seguir con la aplicaci\u00f3n de las reformas estructurales ya emprendidas, entre ellas la laboral, para las que pidi\u00f3 tiempo, ya que -dijo- &#8220;es dif\u00edcil que tengan resultados en siete meses&#8221;.<\/p>\n<p>Los sindicatos atribuyeron el incremento del desempleo en unos meses proclives en el pasado a las contrataciones a las pol\u00edticas de ajuste del Ejecutivo, que, seg\u00fan la Uni\u00f3n General de Trabajadores (UGT), &#8220;constatan&#8221; que la pol\u00edtica de recortes destruye empleo.<\/p>\n<p>Comisiones Obreras (CCOO) se\u00f1al\u00f3 que la subida del desempleo en el segundo trimestre confirma que las reformas del Gobierno s\u00f3lo sirven para prolongar la situaci\u00f3n de recesi\u00f3n y destrucci\u00f3n de empleo.<\/p>\n<p>Para luchar contra el fraude laboral, el Gobierno aprob\u00f3 hoy un proyecto de ley contra el empleo irregular y el fraude a la Seguridad Social, adem\u00e1s de una reforma del C\u00f3digo Penal que endurece las penas para esas conductas y el enga\u00f1o fiscal.<\/p>\n<\/div>\n<\/div>\n","protected":false},"excerpt":{"rendered":"<p>La crisis sigue destruyendo puestos de trabajo en Espa\u00f1a, donde el desempleo creci\u00f3 en el segundo trimestre del a\u00f1o hasta afectar al 24,63 % de la poblaci\u00f3n activa, porcentaje que supera el 53 % entre los j\u00f3venes.<\/p>\n","protected":false},"author":1,"featured_media":401830,"comment_status":"open","ping_status":"open","sticky":false,"template":"","format":"standard","meta":{"footnotes":""},"categories":[24],"tags":[565,452,444],"class_list":["post-401829","post","type-post","status-publish","format-standard","has-post-thumbnail","hentry","category-mundo","tag-crisis","tag-desempleo","tag-espana"],"_links":{"self":[{"href":"https:\/\/diarioelpopular.com\/index.php\/wp-json\/wp\/v2\/posts\/401829","targetHints":{"allow":["GET"]}}],"collection":[{"href":"https:\/\/diarioelpopular.com\/index.php\/wp-json\/wp\/v2\/posts"}],"about":[{"href":"https:\/\/diarioelpopular.com\/index.php\/wp-json\/wp\/v2\/types\/post"}],"author":[{"embeddable":true,"href":"https:\/\/diarioelpopular.com\/index.php\/wp-json\/wp\/v2\/users\/1"}],"replies":[{"embeddable":true,"href":"https:\/\/diarioelpopular.com\/index.php\/wp-json\/wp\/v2\/comments?post=401829"}],"version-history":[{"count":0,"href":"https:\/\/diarioelpopular.com\/index.php\/wp-json\/wp\/v2\/posts\/401829\/revisions"}],"wp:featuredmedia":[{"embeddable":true,"href":"https:\/\/diarioelpopular.com\/index.php\/wp-json\/"}],"wp:attachment":[{"href":"https:\/\/diarioelpopular.com\/index.php\/wp-json\/wp\/v2\/media?parent=401829"}],"wp:term":[{"taxonomy":"category","embeddable":true,"href":"https:\/\/diarioelpopular.com\/index.php\/wp-json\/wp\/v2\/categories?post=401829"},{"taxonomy":"post_tag","embeddable":true,"href":"https:\/\/diarioelpopular.com\/index.php\/wp-json\/wp\/v2\/tags?post=401829"}],"curies":[{"name":"wp","href":"https:\/\/api.w.org\/{rel}","templated":true}]}}