{"id":402599,"date":"2012-07-31T21:12:34","date_gmt":"2012-08-01T01:12:34","guid":{"rendered":"http:\/\/diarioelpopular.com\/?p=402599"},"modified":"2012-07-31T21:12:34","modified_gmt":"2012-08-01T01:12:34","slug":"penelope-cruz-protagonista-del-calendario-de-campari-2013","status":"publish","type":"post","link":"https:\/\/diarioelpopular.com\/index.php\/2012\/07\/31\/penelope-cruz-protagonista-del-calendario-de-campari-2013\/","title":{"rendered":"Pen\u00e9lope Cruz, protagonista del calendario de Campari 2013"},"content":{"rendered":"<p><a href=\"https:\/\/diarioelpopular.com\/wp-content\/uploads\/2012\/07\/20120731_634793561161794999w.jpg\"><img loading=\"lazy\" decoding=\"async\" class=\"aligncenter size-full wp-image-402600\" title=\"20120731_634793561161794999w\" src=\"https:\/\/diarioelpopular.com\/wp-content\/uploads\/2012\/07\/20120731_634793561161794999w.jpg\" alt=\"ROMA (ITALIA).- Imagen cedida por la empresa Campari de la actriz espa\u00f1ola Pen\u00e9lope Cruz mientras participa en una sesi\u00f3n fotogr\u00e1fica para el calendario Campari 2013, del que ser\u00e1 la estrella con unas sensuales im\u00e1genes captadas por el fot\u00f3grafo alem\u00e1n Kristian Schuller, en un elegante y cl\u00e1sico palacio parisino.\" width=\"800\" height=\"533\" \/><\/a><strong><em>Roma.-<\/em><\/strong> La actriz espa\u00f1ola Pen\u00e9lope Cruz es la estrella del calendario Campari 2013 con unas sensuales im\u00e1genes captadas por el fot\u00f3grafo alem\u00e1n Kristian Schuller, en un elegante y cl\u00e1sico palacio parisino.<\/p>\n<p>La madrile\u00f1a Pen\u00e9lope Cruz (1974), casada con el tambi\u00e9n actor espa\u00f1ol Javier Bardem y con quien tiene un hijo, luce en las instant\u00e1neas con un vestido burdeos y melena suelta y con otro rojo con el pelo recogido en un mo\u00f1o estirado.<br \/>\nEn algunas de las fotos, Pen\u00e9lope Cruz se asemeja a la m\u00edtica Audrey Hepburn en peinado, rostro y estilo de posado.<br \/>\nEl calendario de la bebida italiana ser\u00e1 presentado en oto\u00f1o en Mil\u00e1n con una tirada de 9.000 copias, mientras que hoy han sido mostradas algunas de las im\u00e1genes de las bambalinas de la sesi\u00f3n de fotos que ha tenido a Cruz como protagonista.<br \/>\nEl calendario Campari cont\u00f3 otros a\u00f1os con actrices y modelos como Milla Jovovich, Jessica Alba u Olga Kurylenko.<\/p>\n","protected":false},"excerpt":{"rendered":"<p>Roma.- La actriz espa\u00f1ola Pen\u00e9lope Cruz es la estrella del calendario Campari 2013 con unas sensuales im\u00e1genes captadas por el fot\u00f3grafo alem\u00e1n Kristian Schuller, en&hellip;<\/p>\n","protected":false},"author":1,"featured_media":402600,"comment_status":"open","ping_status":"open","sticky":false,"template":"","format":"standard","meta":{"footnotes":""},"categories":[80,24],"tags":[2871,2872],"class_list":["post-402599","post","type-post","status-publish","format-standard","has-post-thumbnail","hentry","category-cine-2","category-mundo","tag-cruz","tag-penelope"],"_links":{"self":[{"href":"https:\/\/diarioelpopular.com\/index.php\/wp-json\/wp\/v2\/posts\/402599","targetHints":{"allow":["GET"]}}],"collection":[{"href":"https:\/\/diarioelpopular.com\/index.php\/wp-json\/wp\/v2\/posts"}],"about":[{"href":"https:\/\/diarioelpopular.com\/index.php\/wp-json\/wp\/v2\/types\/post"}],"author":[{"embeddable":true,"href":"https:\/\/diarioelpopular.com\/index.php\/wp-json\/wp\/v2\/users\/1"}],"replies":[{"embeddable":true,"href":"https:\/\/diarioelpopular.com\/index.php\/wp-json\/wp\/v2\/comments?post=402599"}],"version-history":[{"count":0,"href":"https:\/\/diarioelpopular.com\/index.php\/wp-json\/wp\/v2\/posts\/402599\/revisions"}],"wp:featuredmedia":[{"embeddable":true,"href":"https:\/\/diarioelpopular.com\/index.php\/wp-json\/"}],"wp:attachment":[{"href":"https:\/\/diarioelpopular.com\/index.php\/wp-json\/wp\/v2\/media?parent=402599"}],"wp:term":[{"taxonomy":"category","embeddable":true,"href":"https:\/\/diarioelpopular.com\/index.php\/wp-json\/wp\/v2\/categories?post=402599"},{"taxonomy":"post_tag","embeddable":true,"href":"https:\/\/diarioelpopular.com\/index.php\/wp-json\/wp\/v2\/tags?post=402599"}],"curies":[{"name":"wp","href":"https:\/\/api.w.org\/{rel}","templated":true}]}}