{"id":402605,"date":"2012-07-31T21:19:12","date_gmt":"2012-08-01T01:19:12","guid":{"rendered":"http:\/\/diarioelpopular.com\/?p=402605"},"modified":"2012-07-31T21:19:12","modified_gmt":"2012-08-01T01:19:12","slug":"una-persona-mayor-llamada-paola-espinosa","status":"publish","type":"post","link":"https:\/\/diarioelpopular.com\/index.php\/2012\/07\/31\/una-persona-mayor-llamada-paola-espinosa\/","title":{"rendered":"Una persona mayor llamada Paola Espinosa"},"content":{"rendered":"<p><a href=\"https:\/\/diarioelpopular.com\/wp-content\/uploads\/2012\/07\/20120801_634793782226370446.jpg\"><img loading=\"lazy\" decoding=\"async\" class=\"aligncenter size-full wp-image-402650\" title=\"20120801_634793782226370446\" src=\"https:\/\/diarioelpopular.com\/wp-content\/uploads\/2012\/07\/20120801_634793782226370446.jpg\" alt=\"\" width=\"600\" height=\"874\" \/><\/a>Gustavo Borges<\/p>\n<p><strong><em>Londres.-<\/em><\/strong> Despu\u00e9s de la segunda ronda en la final de saltos sincronizados desde 10 metros, Paola Espinosa record\u00f3 que era la persona mayor de la dupla mexicana. Entonces mir\u00f3 los ojos de la ni\u00f1a Alejandra Orozco y le record\u00f3: &#8220;Ahora viene lo bueno&#8221;.<\/p>\n<p>Fue para las mexicanas el momento clave en la competencia ol\u00edmpica de Londres 2012 en la que ganaron hoy la medalla de plata con 343.32 puntos, por detr\u00e1s de las chinas Ruolin Chen y Hao Weng.<\/p>\n<p>Paola, que hoy cumple 26 a\u00f1os, y Alejandra, que con 15 a\u00fan no tiene credencial de elector en M\u00e9xico, ocupaban entonces el s\u00e9ptimo lugar, pero lucieron tan confiadas como los alfareros que lo embarran todo antes de construir una obra de arte.<\/p>\n<p>&#8220;Aparecer entre las \u00faltimas despu\u00e9s de los dos primeros saltos estaba previsto porque nunca nos salen bien, entonces asumimos que ven\u00eda la oportunidad de marcar diferencia con nuestros saltos de gran dificultad&#8221;, explic\u00f3 Paola poco despu\u00e9s de recibir la presea.<\/p>\n<p>Si bien los mexicanos sab\u00edan que la pareja pod\u00eda pelear las medallas, los directivos de la delegaci\u00f3n asumieron la competencia con reserva por la interrogante de c\u00f3mo reaccionar\u00eda una ni\u00f1a de 15 a\u00f1os en un instante de tanta presi\u00f3n.<\/p>\n<p>La incertidumbre duro poco. Mientras otras saltadoras se ve\u00edan tensas en la ceremonia de presentaci\u00f3n, Alejandra solt\u00f3 una media carcajada al escuchar su nombre y relajada le platic\u00f3 algo a Paola, un pez gordo del circuito mundial que tambi\u00e9n debi\u00f3 servir de gu\u00eda a su compatriota adolescente.<\/p>\n<p>&#8220;Yo s\u00f3lo quiero darle gracias a Ale por darme la oportunidad de subirme a la plataforma y hacer un gran trabajo, esta medalla es mi mejor regalo de cumplea\u00f1os&#8221;, dijo Paola, que hoy se confirm\u00f3 como una de las m\u00e1s grandes deportistas latinoamericanas de todos los tiempos, de las pocas con un t\u00edtulo mundial y dos preseas ol\u00edmpicas.<\/p>\n<p>Pero m\u00e1s que eso, hoy la gran campeona habl\u00f3 quiz\u00e1s por primera vez como adulta, con una pose madura alejada a la de la ni\u00f1a bonita de 18 a\u00f1os concursante en los Juegos Ol\u00edmpicos de Atenas 2004 con su pap\u00e1 y su mam\u00e1 al tanto en el grader\u00edo.<\/p>\n<p>Quiz\u00e1s fue porque debi\u00f3 crecer un tramo entre el segundo salto y el quinto para guiar a su compa\u00f1era o por el sentimiento de ganar medalla el d\u00eda de su cumplea\u00f1os, pero hoy la gran saltadora apareci\u00f3 ante los medios con un toque de indefensi\u00f3n.<\/p>\n<p>&#8220;Los Juegos Ol\u00edmpicos se me empiezan a volver nost\u00e1lgicos&#8221;, dijo mientras volvi\u00f3 a referirse a la ni\u00f1a de al lado con el nombre acortado, mientras &#8220;Ale&#8221; casi la trataba de usted y prometi\u00f3 entrenarse duro para un d\u00eda ser como ella.<\/p>\n<p>Este martesd Paola Espinosa estuvo muy feliz, pero tambi\u00e9n luci\u00f3 menos ego\u00edsta, diferente a la saltadora aplastante que se ha pasado el ciclo ol\u00edmpico con triunfos para ella misma en la plataforma individual en la que fue campeona del mundo en 2009.<\/p>\n<p>No fue una ilusi\u00f3n, hasta el propio presidente de M\u00e9xico, Felipe Calder\u00f3n se dio cuenta. &#8220;Me llam\u00f3 por tel\u00e9fono para decirme que se notaba mi experiencia y c\u00f3mo llevaba a Ale&#8221;, explic\u00f3 Paola con un tono parecido al que usan las mam\u00e1s con sus hijas.<\/p>\n","protected":false},"excerpt":{"rendered":"<p>Despu\u00e9s de la segunda ronda en la final de saltos sincronizados desde 10 metros, Paola Espinosa record\u00f3 que era la persona mayor de la dupla mexicana. Entonces mir\u00f3 los ojos de la ni\u00f1a Alejandra Orozco y le record\u00f3: &#8220;Ahora viene lo bueno&#8221;.<\/p>\n","protected":false},"author":1,"featured_media":402650,"comment_status":"open","ping_status":"open","sticky":false,"template":"","format":"standard","meta":{"footnotes":""},"categories":[28],"tags":[4263,1473,4264,4265],"class_list":["post-402605","post","type-post","status-publish","format-standard","has-post-thumbnail","hentry","category-deportes","tag-espinosa","tag-londres","tag-orozco","tag-saltos"],"_links":{"self":[{"href":"https:\/\/diarioelpopular.com\/index.php\/wp-json\/wp\/v2\/posts\/402605","targetHints":{"allow":["GET"]}}],"collection":[{"href":"https:\/\/diarioelpopular.com\/index.php\/wp-json\/wp\/v2\/posts"}],"about":[{"href":"https:\/\/diarioelpopular.com\/index.php\/wp-json\/wp\/v2\/types\/post"}],"author":[{"embeddable":true,"href":"https:\/\/diarioelpopular.com\/index.php\/wp-json\/wp\/v2\/users\/1"}],"replies":[{"embeddable":true,"href":"https:\/\/diarioelpopular.com\/index.php\/wp-json\/wp\/v2\/comments?post=402605"}],"version-history":[{"count":0,"href":"https:\/\/diarioelpopular.com\/index.php\/wp-json\/wp\/v2\/posts\/402605\/revisions"}],"wp:featuredmedia":[{"embeddable":true,"href":"https:\/\/diarioelpopular.com\/index.php\/wp-json\/"}],"wp:attachment":[{"href":"https:\/\/diarioelpopular.com\/index.php\/wp-json\/wp\/v2\/media?parent=402605"}],"wp:term":[{"taxonomy":"category","embeddable":true,"href":"https:\/\/diarioelpopular.com\/index.php\/wp-json\/wp\/v2\/categories?post=402605"},{"taxonomy":"post_tag","embeddable":true,"href":"https:\/\/diarioelpopular.com\/index.php\/wp-json\/wp\/v2\/tags?post=402605"}],"curies":[{"name":"wp","href":"https:\/\/api.w.org\/{rel}","templated":true}]}}