{"id":402840,"date":"2012-08-01T17:27:55","date_gmt":"2012-08-01T21:27:55","guid":{"rendered":"http:\/\/diarioelpopular.com\/?p=402840"},"modified":"2012-08-01T17:27:55","modified_gmt":"2012-08-01T21:27:55","slug":"los-ciclistas-latinoamericanos-fijan-la-vista-en-rio-2016","status":"publish","type":"post","link":"https:\/\/diarioelpopular.com\/index.php\/2012\/08\/01\/los-ciclistas-latinoamericanos-fijan-la-vista-en-rio-2016\/","title":{"rendered":"Los ciclistas latinoamericanos fijan la vista en R\u00edo 2016"},"content":{"rendered":"<div id=\"attachment_402841\" style=\"width: 810px\" class=\"wp-caption aligncenter\"><a href=\"https:\/\/diarioelpopular.com\/wp-content\/uploads\/2012\/08\/20120801_634794420485885151w.jpg\"><img loading=\"lazy\" decoding=\"async\" aria-describedby=\"caption-attachment-402841\" class=\"size-full wp-image-402841\" title=\"20120801_634794420485885151w\" src=\"https:\/\/diarioelpopular.com\/wp-content\/uploads\/2012\/08\/20120801_634794420485885151w.jpg\" alt=\"\" width=\"800\" height=\"568\" \/><\/a><p id=\"caption-attachment-402841\" class=\"wp-caption-text\">LONDRES (REINO UNIDO).- El ciclista brasile\u00f1o Magno Prado Nazaret durante su participaci\u00f3n en la prueba contrarreloj de los Juegos Ol\u00edmpicos de Londres 2012, este mi\u00e9rcoles 1 de agosto en las calles de la capital brit\u00e1nica.<\/p><\/div>\n<p>Guillermo Ximenis<\/p>\n<div id=\"texto\">\n<div>\n<p><strong><em>Londres.-<\/em><\/strong> Tras disputar la prueba contrarreloj de los Juegos de Londres 2012, los ciclistas latinoamericanos que participaron en ella fijan su vista en la siguiente cita ol\u00edmpica, la que se disputar\u00e1 en R\u00edo de Janerio en 2016.<\/p>\n<p>El mejor clasificado entre los tres latinoamericanos que compitieron este mi\u00e9rcoles en la prueba contra el reloj de 44 kil\u00f3metros, que se disput\u00f3 a lo largo de las carreteras del condado de Surrey, al suroeste de inglaterra, fue el brasile\u00f1o Magno Nazaret, mientras que su compatriota Clemilda Fernandes termin\u00f3 en la decimoctava posici\u00f3n de la carrera femenina.<\/p>\n<p>El corredor de Dourados complet\u00f3 el recorrido, llano excepto en una peque\u00f1a loma de 54 metros de altura, en 55 minutos y 50 segundos, algo m\u00e1s de cinco minutos por detr\u00e1s del atleta que hoy entro a formar parte de la leyenda del deporte, el brit\u00e1nico Bradley Wiggins.<\/p>\n<p>El ganador del oro en la crono sum\u00f3 su s\u00e9ptima medalla ol\u00edmpica, con lo que se coron\u00f3 como el deportista del Reino Unido que m\u00e1s veces se ha subido al podio en la historia de los Juegos, un honor que el ciclista compart\u00eda hasta ahora con el legendario remero Steve Redgrave.<\/p>\n<p>A pesar de quedar fuera de las medallas, Nazaret se mostr\u00f3 satisfecho con una prueba en la que corri\u00f3 &#8220;a fondo&#8221;: &#8220;Fue una crono muy larga y muy pesada, pero en unos Juegos Ol\u00edmpicos nunca es f\u00e1cil&#8221;, analiz\u00f3 el brasile\u00f1o tras la carrera.<\/p>\n<p>&#8220;Desde la salida a la meta siempre he ido a fondo y estoy contento con el resultado. Tranquilo, porque he dado el m\u00e1ximo de m\u00ed&#8221;, se\u00f1al\u00f3 el rodador de 26 a\u00f1os, que asegur\u00f3 que continuar\u00e1 &#8220;luchando&#8221; para mantenerse &#8220;competitivo hasta los Juegos de 2016&#8221;, que se disputar\u00e1n en su pa\u00eds.<\/p>\n<p>Ese mismo objetivo es el que se marca Fernandes: &#8220;En 2016, en mi pa\u00eds, voy a luchar por la medalla&#8221;, dijo la brasile\u00f1a, que hoy fue la primera de las 24 corredoras que tomaron la salida en la contrarreloj femenina.<\/p>\n<p>Tras superar los 29 kil\u00f3metros del recorrido de la prueba, Fernandes par\u00f3 el cron\u00f3metro en 41 minutos y 25 segundos.<\/p>\n<p>La corredora se\u00f1al\u00f3 que todav\u00eda le falta &#8220;algo de experiencia en la contrarreloj&#8221; y afirm\u00f3 que espera estar en la mejor forma posible dentro de cuatro a\u00f1os para hacer un buen papel en R\u00edo.<\/p>\n<p>&#8220;El ciclismo en Brasil est\u00e1 creciendo mucho y pretendemos hacerlo bien de cara a los pr\u00f3ximos Juegos, dentro de cuatro a\u00f1os&#8221;, apunt\u00f3 la corredora, que juzg\u00f3 la experiencia de Londres 2012, sus segundos Juegos Ol\u00edmpicos, como &#8220;un sue\u00f1o&#8221;.<\/p>\n<p>Por su parte, el ciclista colombiano Fabio Duarte, concluy\u00f3 hoy en el puesto n\u00famero 35 de la prueba ol\u00edmpica, un resultado que le dej\u00f3 &#8220;tranquilo&#8221;, pues asegur\u00f3 que lo entreg\u00f3 &#8220;todo&#8221; en carretera.<\/p>\n<p>&#8220;Fue una contrarreloj bastante dura, pero representamos a nuestro pa\u00eds y, aunque no somos especialistas, lo dimos todo sobre el terreno. Estoy tranquilo por eso, porque lo he dado todo&#8221;, dijo Duarte.<\/p>\n<p>El ciclista, de 26 a\u00f1os, agradeci\u00f3 el apoyo a los espectadores que le animaron desde los m\u00e1rgenes de la carretera: &#8220;Hubo mucha afici\u00f3n, muchos colombianos y el recorrido fue bastante bonito&#8221;, afirm\u00f3 el corredor.<\/p>\n<p>Tambi\u00e9n se mostr\u00f3 satisfecho por haber participado en unos Juegos el venezolano Tomas Gil, que a sus 35 a\u00f1os afirm\u00f3 que &#8220;todo deportista quiere vivir una vez en su vida&#8221; una cita ol\u00edmpica.<\/p>\n<p>&#8220;Creo que no hay imposibles. Estoy en el ciclismo desde hace 18 a\u00f1os y quiz\u00e1s deb\u00ed pensar en dar por terminada mi carrera sin unos Juegos Ol\u00edmpicos, pero la constancia ha hecho que estemos aqu\u00ed&#8221;, se\u00f1al\u00f3 Gil.<\/p>\n<\/div>\n<\/div>\n","protected":false},"excerpt":{"rendered":"<p>Tras disputar la prueba contrarreloj de los Juegos de Londres 2012, los ciclistas latinoamericanos que participaron en ella fijan su vista en la siguiente cita ol\u00edmpica, la que se disputar\u00e1 en R\u00edo de Janerio en 2016.<\/p>\n","protected":false},"author":1,"featured_media":402841,"comment_status":"open","ping_status":"open","sticky":false,"template":"","format":"standard","meta":{"footnotes":""},"categories":[28],"tags":[31,1215,4289,1473],"class_list":["post-402840","post","type-post","status-publish","format-standard","has-post-thumbnail","hentry","category-deportes","tag-31","tag-ciclismo","tag-latinoamericano","tag-londres"],"_links":{"self":[{"href":"https:\/\/diarioelpopular.com\/index.php\/wp-json\/wp\/v2\/posts\/402840","targetHints":{"allow":["GET"]}}],"collection":[{"href":"https:\/\/diarioelpopular.com\/index.php\/wp-json\/wp\/v2\/posts"}],"about":[{"href":"https:\/\/diarioelpopular.com\/index.php\/wp-json\/wp\/v2\/types\/post"}],"author":[{"embeddable":true,"href":"https:\/\/diarioelpopular.com\/index.php\/wp-json\/wp\/v2\/users\/1"}],"replies":[{"embeddable":true,"href":"https:\/\/diarioelpopular.com\/index.php\/wp-json\/wp\/v2\/comments?post=402840"}],"version-history":[{"count":0,"href":"https:\/\/diarioelpopular.com\/index.php\/wp-json\/wp\/v2\/posts\/402840\/revisions"}],"wp:featuredmedia":[{"embeddable":true,"href":"https:\/\/diarioelpopular.com\/index.php\/wp-json\/"}],"wp:attachment":[{"href":"https:\/\/diarioelpopular.com\/index.php\/wp-json\/wp\/v2\/media?parent=402840"}],"wp:term":[{"taxonomy":"category","embeddable":true,"href":"https:\/\/diarioelpopular.com\/index.php\/wp-json\/wp\/v2\/categories?post=402840"},{"taxonomy":"post_tag","embeddable":true,"href":"https:\/\/diarioelpopular.com\/index.php\/wp-json\/wp\/v2\/tags?post=402840"}],"curies":[{"name":"wp","href":"https:\/\/api.w.org\/{rel}","templated":true}]}}